{"id":13894,"date":"2026-04-22T10:11:08","date_gmt":"2026-04-22T13:11:08","guid":{"rendered":"https:\/\/noticiasdeangostura.com.ar\/?p=13894"},"modified":"2026-04-22T10:11:08","modified_gmt":"2026-04-22T13:11:08","slug":"san-martin-de-los-andes-atencion-a-personas-migrantes-en-la-delegacion-cordones-del-chapelco","status":"publish","type":"post","link":"https:\/\/noticiasdeangostura.com.ar\/?p=13894","title":{"rendered":"SAN MART\u00cdN DE LOS ANDES: ATENCI\u00d3N A PERSONAS MIGRANTES EN LA DELEGACI\u00d3N  CORDONES DEL CHAPELCO."},"content":{"rendered":"<p>La Delegaci\u00f3n de la Subsecretar\u00eda de Derechos Humanos de la Provincia del Neuqu\u00e9n informa que contin\u00faa brindando atenci\u00f3n y asesoramiento a personas migrantes y refugiadas en la Delegaci\u00f3n Municipal de Cordones del Chapelco.<br \/>El espacio est\u00e1 destinado a garantizar el acceso igualitario a derechos fundamentales, ofreciendo orientaci\u00f3n y acompa\u00f1amiento en la realizaci\u00f3n de diversos tr\u00e1mites migratorios.<br \/>Entre los servicios disponibles se incluyen:<br \/>-Radicaci\u00f3n temporaria y permanente<br \/>-Certificado de Movimiento Migratorio<br \/>-Certificado de Radicaci\u00f3n<br \/>-Tr\u00e1mite de Ciudadan\u00eda Argentina<br \/>La atenci\u00f3n se realiza los d\u00edas mi\u00e9rcoles y viernes, de 9 a 13 horas, en la Delegaci\u00f3n Municipal de Cordones del Chapelco.<br \/>La convocatoria est\u00e1 dirigida a vecinos y vecinas de San Mart\u00edn de los Andes y Jun\u00edn de los Andes que requieran asesoramiento o asistencia en materia migratoria.<br \/>Para m\u00e1s informaci\u00f3n o consultas, comunicarse al 2944 20-8548.<\/p>\n","protected":false},"excerpt":{"rendered":"<p>La Delegaci\u00f3n de la Subsecretar\u00eda de Derechos Humanos de la Provincia del Neuqu\u00e9n informa que contin\u00faa brindando atenci\u00f3n y asesoramiento a personas migrantes y refugiadas en la Delegaci\u00f3n Municipal de Cordones del Chapelco.El espacio est\u00e1 destinado a garantizar el acceso igualitario a derechos fundamentales, ofreciendo orientaci\u00f3n y acompa\u00f1amiento en la realizaci\u00f3n de diversos tr\u00e1mites migratorios.Entre [&hellip;]<\/p>\n","protected":false},"author":1,"featured_media":0,"comment_status":"","ping_status":"open","sticky":false,"template":"","format":"standard","meta":{"_monsterinsights_skip_tracking":false,"_monsterinsights_sitenote_active":false,"_monsterinsights_sitenote_note":"","_monsterinsights_sitenote_category":0,"footnotes":"","jetpack_publicize_message":"","jetpack_publicize_feature_enabled":true,"jetpack_social_post_already_shared":true,"jetpack_social_options":{"image_generator_settings":{"template":"highway","default_image_id":0,"font":"","enabled":false},"version":2}},"categories":[3],"tags":[172,765,1626,2359,29,2358,16,787,2357,734,237],"class_list":["post-13894","post","type-post","status-publish","format-standard","hentry","category-villa-la-angostura","tag-andes","tag-atencion","tag-chapelco","tag-cordones","tag-del","tag-delegacion","tag-los","tag-martin","tag-migrantes","tag-personas","tag-san"],"aioseo_notices":[],"jetpack_publicize_connections":[],"amp_enabled":true,"_links":{"self":[{"href":"https:\/\/noticiasdeangostura.com.ar\/index.php?rest_route=\/wp\/v2\/posts\/13894","targetHints":{"allow":["GET"]}}],"collection":[{"href":"https:\/\/noticiasdeangostura.com.ar\/index.php?rest_route=\/wp\/v2\/posts"}],"about":[{"href":"https:\/\/noticiasdeangostura.com.ar\/index.php?rest_route=\/wp\/v2\/types\/post"}],"author":[{"embeddable":true,"href":"https:\/\/noticiasdeangostura.com.ar\/index.php?rest_route=\/wp\/v2\/users\/1"}],"replies":[{"embeddable":true,"href":"https:\/\/noticiasdeangostura.com.ar\/index.php?rest_route=%2Fwp%2Fv2%2Fcomments&post=13894"}],"version-history":[{"count":0,"href":"https:\/\/noticiasdeangostura.com.ar\/index.php?rest_route=\/wp\/v2\/posts\/13894\/revisions"}],"wp:attachment":[{"href":"https:\/\/noticiasdeangostura.com.ar\/index.php?rest_route=%2Fwp%2Fv2%2Fmedia&parent=13894"}],"wp:term":[{"taxonomy":"category","embeddable":true,"href":"https:\/\/noticiasdeangostura.com.ar\/index.php?rest_route=%2Fwp%2Fv2%2Fcategories&post=13894"},{"taxonomy":"post_tag","embeddable":true,"href":"https:\/\/noticiasdeangostura.com.ar\/index.php?rest_route=%2Fwp%2Fv2%2Ftags&post=13894"}],"curies":[{"name":"wp","href":"https:\/\/api.w.org\/{rel}","templated":true}]}}