{"id":13928,"date":"2026-04-22T13:41:56","date_gmt":"2026-04-22T16:41:56","guid":{"rendered":"https:\/\/noticiasdeangostura.com.ar\/?p=13928"},"modified":"2026-04-22T13:41:56","modified_gmt":"2026-04-22T16:41:56","slug":"thomas-ojeda-quiero-llevar-el-himno-y-la-bandera-neuquina-a-lo-mas-alto-del-podio","status":"publish","type":"post","link":"https:\/\/noticiasdeangostura.com.ar\/?p=13928","title":{"rendered":"Thomas Ojeda: \u201cQuiero llevar el himno y la bandera neuquina a lo m\u00e1s alto del podio\u201d"},"content":{"rendered":"<p> <br \/>\n<br \/><\/p>\n<p>Con tan solo 15 a\u00f1os, el piloto neuquino sigue sumando experiencia en la F\u00f3rmula 2 Argentina. Este fin de semana tuvo una buena actuaci\u00f3n en Concepci\u00f3n del Uruguay, Entre R\u00edos.<\/p>\n<div>\n<p>Thomas Ojeda, disput\u00f3 este fin de semana la tercera fecha del calendario 2026 de la F\u00f3rmula 2 Argentina en el Aut\u00f3dromo de Concepci\u00f3n del Uruguay, Entre R\u00edos, donde logr\u00f3 una buena remontada. De esta manera, contin\u00faa consolidando su crecimiento en la categor\u00eda.<\/p>\n<p><em>\u201cFue un fin de semana de much\u00edsimo aprendizaje y m\u00e1s en un circuito que lo conoc\u00edamos de antemano porque fuimos a probar en enero y fue el primer circuito que me recibi\u00f3 con un auto de f\u00f3rmula. En aquella ocasi\u00f3n prob\u00e9 un F\u00f3rmula Entrerriana\u201d<\/em>, expres\u00f3 el joven piloto neuquino.<\/p>\n<p>El trazado entrerriano, que se caracteriza por sus desniveles, representa un desaf\u00edo t\u00e9cnico para los competidores, algo que Ojeda destac\u00f3 especialmente: <em>\u201cEs un circuito que me gusta mucho, las subidas y bajadas\u201d.<\/em><\/p>\n<p>Durante la clasificaci\u00f3n, el neuquino debi\u00f3 readaptarse a las condiciones de pista y ajustar detalles pendientes desde los entrenamientos. <em>\u201cEn la clasificaci\u00f3n nos tuvimos que adaptar bastante al circuito, corregir las cosas que nos faltaron en las pruebas\u201d,<\/em> explic\u00f3.<\/p>\n<p>Esa evoluci\u00f3n se vio reflejada en la carrera clasificatoria, donde logr\u00f3 avanzar del puesto 11\u00b0 al 7\u00b0, mostrando ritmo y capacidad de sobrepaso: <em>\u201cCon una mejor puesta a punto, en la carrera clasificatoria avanzamos varios puestos\u201d<\/em>.<\/p>\n<p>La participaci\u00f3n en Entre R\u00edos marc\u00f3 su tercera presentaci\u00f3n en la temporada 2026, en la que el joven piloto contin\u00faa acumulando rodaje en una categor\u00eda altamente competitiva y formativa. En ese camino, actualmente se encuentra enfocado en fortalecerse como piloto, priorizando su desarrollo conductivo y competitivo, con el objetivo de luego profundizar en el conocimiento t\u00e9cnico del auto.<\/p>\n<p>Ojeda, nacido en Neuqu\u00e9n capital, con apenas 15 a\u00f1os contin\u00faa creciendo en lo deportivo sin descuidar sus estudios secundarios. El piloto viene de vivir una experiencia especial en la \u00faltima presentaci\u00f3n del Turismo Carretera en Centenario, donde pudo sentir de cerca el acompa\u00f1amiento del p\u00fablico local, valorando especialmente el respaldo de su entorno m\u00e1s cercano, con la presencia de familiares y amigos; un impulso clave en su desarrollo.<\/p>\n<p>En este marco, ayer fue recibido por la ministra de Juventud, Deportes y Cultura, <strong>Josefina Codermatz<\/strong>, y valor\u00f3 el respaldo provincial: <em>\u201cEstoy muy contento que me est\u00e9 apoyando la Provincia, y que est\u00e9 impulsando el deporte; si seguimos adelante, queda el recuerdo de que me apoyaron desde mis inicios\u201d<\/em>, se\u00f1al\u00f3.<\/p>\n<p>Con identidad bien marcada, el piloto tambi\u00e9n destac\u00f3 su objetivo de representar a Neuqu\u00e9n en cada competencia: <em>\u201cQuiero llevar la bandera neuquina a lo m\u00e1s alto posible. Y a esto me gustar\u00eda que se pudiera sumar el himno del Neuqu\u00e9n tambi\u00e9n, poni\u00e9ndolo en alto en las competencias que me toque estar\u201d<\/em>.<\/p>\n<p>Con cada fecha, Ojeda no solo suma experiencia en pista, sino que empieza a proyectarse como una de las j\u00f3venes promesas del automovilismo regional.<\/p>\n<p><iframe src=\"https:\/\/www.ivoox.com\/player_ej_172418887_6_1.html?c1=81b464\" width=\"100%\" height=\"200\" frameborder=\"0\" scrolling=\"no\" allowfullscreen=\"allowfullscreen\" loading=\"lazy\"><\/iframe><\/p>\n<\/p><\/div>\n<p><script type=\"05d1cd6d9d4a65eae2b3e6fa-text\/javascript\">\n    window.addEventListener('load', () => {\n        if (typeof FB !== 'undefined' && FB.init) {\n            \/\/ La SDK de Facebook est\u00e1 inicializada\n        } else {\n            \/\/ La SDK de Facebook no est\u00e1 inicializada\n            var script = document.createElement('script');\n            script.async = true;\n            script.defer = true;\n            script.crossOrigin = 'anonymous';\n            script.src=\"https:\/\/connect.facebook.net\/es_LA\/sdk.js#xfbml=1&version=v17.0&appId=868452105110858&autoLogAppEvents=1\";\n            script.nonce=\"eBgX2sTe\";\n            document.head.appendChild(script);\n        }\n        \/* FIX YOUTUBE (fix width) *\/\n        var youtubeIframes = document.querySelectorAll('iframe[src*=\"youtube.com\/embed\"]');\n        youtubeIframes.forEach(function(iframe) {\n            var containerWidth = iframe.parentElement.clientWidth || iframe.parentElement.offsetWidth;\n            if(containerWidth && iframe.width > containerWidth){\n                iframe.width = containerWidth;\n                iframe.height = (containerWidth \/ 16) * 9; \/\/ Assuming a 16:9 aspect ratio\n            }\n        });\n    });\n<\/script><\/p>\n","protected":false},"excerpt":{"rendered":"<p>Con tan solo 15 a\u00f1os, el piloto neuquino sigue sumando experiencia en la F\u00f3rmula 2 Argentina. Este fin de semana tuvo una buena actuaci\u00f3n en Concepci\u00f3n del Uruguay, Entre R\u00edos. Thomas Ojeda, disput\u00f3 este fin de semana la tercera fecha del calendario 2026 de la F\u00f3rmula 2 Argentina en el Aut\u00f3dromo de Concepci\u00f3n del Uruguay, [&hellip;]<\/p>\n","protected":false},"author":1,"featured_media":13929,"comment_status":"","ping_status":"open","sticky":false,"template":"","format":"standard","meta":{"_monsterinsights_skip_tracking":false,"_monsterinsights_sitenote_active":false,"_monsterinsights_sitenote_note":"","_monsterinsights_sitenote_category":0,"footnotes":"","jetpack_publicize_message":"","jetpack_publicize_feature_enabled":true,"jetpack_social_post_already_shared":true,"jetpack_social_options":{"image_generator_settings":{"template":"highway","default_image_id":0,"font":"","enabled":false},"version":2}},"categories":[4],"tags":[104,2369,29,2368,1403,115,43,2366,2370,2367,2365],"class_list":["post-13928","post","type-post","status-publish","format-standard","has-post-thumbnail","hentry","category-regionales","tag-alto","tag-bandera","tag-del","tag-himno","tag-llevar","tag-mas","tag-neuquina","tag-ojeda","tag-podio","tag-quiero","tag-thomas"],"aioseo_notices":[],"jetpack_publicize_connections":[],"amp_enabled":true,"_links":{"self":[{"href":"https:\/\/noticiasdeangostura.com.ar\/index.php?rest_route=\/wp\/v2\/posts\/13928","targetHints":{"allow":["GET"]}}],"collection":[{"href":"https:\/\/noticiasdeangostura.com.ar\/index.php?rest_route=\/wp\/v2\/posts"}],"about":[{"href":"https:\/\/noticiasdeangostura.com.ar\/index.php?rest_route=\/wp\/v2\/types\/post"}],"author":[{"embeddable":true,"href":"https:\/\/noticiasdeangostura.com.ar\/index.php?rest_route=\/wp\/v2\/users\/1"}],"replies":[{"embeddable":true,"href":"https:\/\/noticiasdeangostura.com.ar\/index.php?rest_route=%2Fwp%2Fv2%2Fcomments&post=13928"}],"version-history":[{"count":0,"href":"https:\/\/noticiasdeangostura.com.ar\/index.php?rest_route=\/wp\/v2\/posts\/13928\/revisions"}],"wp:featuredmedia":[{"embeddable":true,"href":"https:\/\/noticiasdeangostura.com.ar\/index.php?rest_route=\/wp\/v2\/media\/13929"}],"wp:attachment":[{"href":"https:\/\/noticiasdeangostura.com.ar\/index.php?rest_route=%2Fwp%2Fv2%2Fmedia&parent=13928"}],"wp:term":[{"taxonomy":"category","embeddable":true,"href":"https:\/\/noticiasdeangostura.com.ar\/index.php?rest_route=%2Fwp%2Fv2%2Fcategories&post=13928"},{"taxonomy":"post_tag","embeddable":true,"href":"https:\/\/noticiasdeangostura.com.ar\/index.php?rest_route=%2Fwp%2Fv2%2Ftags&post=13928"}],"curies":[{"name":"wp","href":"https:\/\/api.w.org\/{rel}","templated":true}]}}