{"id":13955,"date":"2026-04-22T17:44:13","date_gmt":"2026-04-22T20:44:13","guid":{"rendered":"https:\/\/noticiasdeangostura.com.ar\/?p=13955"},"modified":"2026-04-22T17:44:13","modified_gmt":"2026-04-22T20:44:13","slug":"figueroa-ordenamos-para-redistribuir-y-que-crezcamos-todos-los-neuquinos","status":"publish","type":"post","link":"https:\/\/noticiasdeangostura.com.ar\/?p=13955","title":{"rendered":"Figueroa: \u201cOrdenamos para redistribuir y que crezcamos todos los neuquinos\u201d"},"content":{"rendered":"<p> <br \/>\n<br \/><\/p>\n<p>Con anuncios de obras, Huinganco celebr\u00f3 su 62\u00b0 aniversario. Se firmaron convenios para reacondicionar el sistema de agua potable, construir un SUM y aulas en el CFP 18, y ejecutar el estacionamiento en el Sagrado Coraz\u00f3n de Jes\u00fas y obras en el mirador del cerro San Pedro.<\/p>\n<div>\n<p>El gobernador <strong>Rolando Figueroa<\/strong> encabez\u00f3 este mi\u00e9rcoles el acto por el 62\u00b0 aniversario de Huinganco y destac\u00f3 que desde el gobierno provincial <em>\u201cordenamos para redistribuir y que crezcamos todos los neuquinos\u201d<\/em>. Consider\u00f3 que <em>\u201clos ojos del mundo se posan sobre Neuqu\u00e9n\u201d<\/em> y destac\u00f3 que con la riqueza que genera Vaca Muerta <em>\u201ctenemos que impactar en toda la provincia\u201d.<\/em><\/p>\n<p>Acompa\u00f1ado por el intendente <strong>Luis Sep\u00falveda<\/strong>, Figueroa inaugur\u00f3 una perforaci\u00f3n de agua y entreg\u00f3 una vivienda. Tambi\u00e9n recorrieron el nuevo gimnasio de 1.038 metros cuadrados, que est\u00e1 en ejecuci\u00f3n con una inversi\u00f3n de m\u00e1s de 3.700 millones de pesos, y el Sagrado Coraz\u00f3n de Jes\u00fas. Las autoridades tambi\u00e9n firmaron una serie de convenios para la ejecuci\u00f3n de obras en la localidad.<\/p>\n<p>En su discurso, Figueroa destac\u00f3 el trabajo de generaciones que transformaron el paisaje de la localidad y expres\u00f3: <em>\u201cSomos unos bendecidos por tener este escenario natural con estos pinos plantados por hombres y mujeres de Huinganco que d\u00eda a d\u00eda hicieron su sacrificio\u201d.<\/em> Adem\u00e1s, destac\u00f3 la importancia de Corfone y asegur\u00f3 que <em>\u201cnaci\u00f3 tambi\u00e9n en Huinganco, porque hubo gente de la localidad que dijo \u2018vamos a forestar donde no hay forestaci\u00f3n\u2019\u201d. <\/em><\/p>\n<p>Enfatiz\u00f3 la decisi\u00f3n de impulsar el desarrollo del norte neuquino, una regi\u00f3n que consider\u00f3 hist\u00f3ricamente relegada. <em>\u201cEstoy muy apurado por hacer todas las rutas que necesitamos los vecinos del norte, porque llevamos a\u00f1os haciendo kil\u00f3metros de m\u00e1s en tierra, rompiendo veh\u00edculos y gastando tiempo\u201d<\/em>, asever\u00f3.<\/p>\n<p><em>\u201cPor eso estamos muy orgullosos, no solo de la ruta 39 que hemos hecho, tambi\u00e9n de la ruta 7 que estamos haciendo, que nos va a permitir llegar a Neuqu\u00e9n con 100 kil\u00f3metros menos\u201d<\/em>, indic\u00f3 y a\u00f1adi\u00f3: <em>\u201cNo las estamos haciendo en forma aislada. Hemos creado un sistema de circuitos y estamos dise\u00f1ando el Circuito Norte para integrarlo y que se desarrolle el turismo\u201d.<\/em><\/p>\n<p>Destac\u00f3 otras obras viales importantes como la ruta desde Las Ovejas a Varvarco y desde Varvarco a Manzano Amargo. Tambi\u00e9n inform\u00f3 que antes de fin de a\u00f1o se licitar\u00e1 la ruta de Andacollo a Los Miches, Los Gua\u00f1acos y el paso internacional Pichach\u00e9n.<\/p>\n<p><em>\u201cTambi\u00e9n vamos a seguir desde el Re\u00f1ileuv\u00fa hasta El Cholar, desde El Cholar hasta El Huec\u00fa, desde El Huec\u00fa hasta Loncopu\u00e9, y desde ah\u00ed tambi\u00e9n vamos a tomar desde el paso internacional Pino Hachado para llegar por toda la ruta 23 hasta Villa La Angostura. Vamos a unir, contando a Varvarco, 20 ciudades pavimentadas con las rutas que estamos haciendo en la provincia\u201d<\/em>, recalc\u00f3.<\/p>\n<p>Dijo que se est\u00e1 ejecutando <em>\u201cun corredor bioce\u00e1nico\u201d. \u201cEstamos haciendo desde Octavio Pico a Rinc\u00f3n de los Sauces. En 2028 vamos a dejar todo armado para que se pueda iniciar desde Rinc\u00f3n de los Sauces hasta la ruta 40, para tener el corredor binacional del paso internacional Pichach\u00e9n, y lo estamos haciendo estrat\u00e9gicamente. Se van a poder venir de puerto a puerto\u201d<\/em>, detall\u00f3.<\/p>\n<p><em>\u201cEl norte neuquino se ha puesto de pie y no va a resignar ninguna partida, ning\u00fan sacrificio ni ning\u00fan sentimiento con todo lo que nos corresponde por a\u00f1os de retraso\u201d<\/em>, dijo y asever\u00f3: <em>\u201cA\u00f1os aplaudiendo una canchita de f\u00fatbol donde no exist\u00eda gas, agua y electricidad. Eso cambi\u00f3\u201d.<\/em><\/p>\n<p><em>\u201cEn Huinganco nos focalizamos y estamos haciendo las obras que necesitamos, fortaleciendo el agua, haciendo las cloacas, las rutas, y vamos a continuar mejorando. Vamos a trabajar tambi\u00e9n para seguir mejorando la accesibilidad\u201d<\/em>, puntualiz\u00f3.<\/p>\n<p>Record\u00f3 que se est\u00e1 desarrollando en la provincia el Camino de la Fe y explic\u00f3 que all\u00ed estar\u00e1 incluido el Sagrado Coraz\u00f3n de Jes\u00fas del cerro El Calvario, en Huinganco. <em>\u201cVa a ser uno de los hitos fundamentales que va a tener el Camino de la Fe\u201d<\/em>, se\u00f1al\u00f3 y agreg\u00f3: <em>\u201cNo tengo dudas de que con el transcurrir de los a\u00f1os se va ir transformando en un circuito internacional que va a estar focalizado por muchos turistas del mundo, y nos tenemos que preparar para eso\u201d.<\/em><\/p>\n<p><em>\u201cLas medidas econ\u00f3micas golpean a toda la Argentina y siempre hay una provincia que es la que m\u00e1s crece\u201d<\/em>, indic\u00f3 Figueroa. Destac\u00f3 los indicadores neuquinos en creaci\u00f3n de empleo, disminuci\u00f3n de la desocupaci\u00f3n y la pobreza, liderazgo en ventas de supermercados, patentamientos de autos y construcci\u00f3n. <em>\u201cSon n\u00fameros objetivos\u201d<\/em>, remarc\u00f3 y agreg\u00f3: <em>\u201cLo hicimos porque ponemos a Neuqu\u00e9n por sobre todas las cosas\u201d.<\/em><\/p>\n<p><em>\u201cLos que se terminan dividiendo en sectores y partidos pol\u00edticos son parte del pasado. Hay que abrir los brazos bien grandes para sumar a todos los hombres, mujeres y ni\u00f1os del Neuqu\u00e9n que quieran construir el futuro de esta provincia, que estamos convencidos que la vamos a consolidar en que sea la mejor provincia\u201d<\/em>, asegur\u00f3.<\/p>\n<p><em>\u201cNo somos partidarios de aquellos que dicen \u2018s\u00e1lvese quien pueda\u2019\u201d<\/em>, dijo el gobernador y consider\u00f3 que <em>\u201ctiene que estar presente siempre el Estado para igualar las l\u00edneas de partida. El Estado neuquino es ordenado y austero, pero tiene que redistribuir lo que percibe. Eso es lo que estamos haciendo\u201d.<\/em><\/p>\n<p>Por \u00faltimo, Figueroa destac\u00f3 a la deportista Abril Garz\u00f3n y expres\u00f3: <em>\u201cVerla en esa arremetida, yendo cuarta para ser campeona nacional de ciclismo en ruta, emociona a cualquiera\u201d.<\/em> <em>\u201cNos tenemos que refugiar ah\u00ed para buscar todo ese coraje, esa fuerza de poder demostrar que, independientemente de donde vengamos, con buenas ideas, honestidad, sacrificio y una visi\u00f3n clara, vamos a poder construir cosas importantes\u201d<\/em>, finaliz\u00f3.<\/p>\n<p>Por su parte, el intendente asegur\u00f3 que <em>\u201cnunca hemos estado ejecutando obras tan importantes para nuestra localidad: las cloacas, las redes, vivienda, estamos trabajando con el Cristo, con la adjudicaci\u00f3n de terrenos, con el agua potable\u201d.<\/em><\/p>\n<p>Sep\u00falveda agradeci\u00f3 al gobernador por la obra del nuevo gimnasio, que cuenta con un 53% de avance. <em>\u201cNuestra realidad va a cambiar en lo deportivo y en lo cultural\u201d<\/em>, dijo y explic\u00f3 que el actual gimnasio de la localidad es de 1989. <em>\u201cPr\u00e1cticamente est\u00e1n todos los horarios ocupados\u201d<\/em>, se\u00f1al\u00f3.<\/p>\n<p>El jefe comunal destac\u00f3 la decisi\u00f3n del gobernador de transferir fondos a la localidad para que se realice el mantenimiento escolar antes de que inicie el ciclo lectivo. <em>\u201cAntiguamente nos costaba mucho tener la plata del mantenimiento de escuelas y este a\u00f1o, antes que comiencen las clases, nos anticiparon 30 millones de pesos para poder trabajar\u201d<\/em>, dijo y destac\u00f3: <em>\u201cPuedo decir que no hemos tenido un solo d\u00eda sin clases que tenga que ver con mantenimiento\u201d.<\/em><\/p>\n<p>Los convenios<\/p>\n<p>Uno de los convenios establece que la Provincia entregar\u00e1 un aporte no reintegrable para la adquisici\u00f3n de insumos para el \u201cReacondicionamiento del Sistema de Distribuci\u00f3n de Agua Potable &#8211; Etapa I\u201d y la obra complementaria de refuerzo troncal. El financiamiento ser\u00e1 por 180.194.400 pesos para la Etapa I y a ese monto se agregar\u00e1 la inversi\u00f3n requerida para los 1.500 metros de refuerzo troncal con aumento de secci\u00f3n, cuyo presupuesto ser\u00e1 actualizado por el EPAS.<\/p>\n<p>El gobernador y el intendente tambi\u00e9n acordaron la construcci\u00f3n de un sal\u00f3n de usos m\u00faltiples (SUM) y aulas en el Centro de Formaci\u00f3n Profesional (CFP) N\u00b0 18. Corfone realizar\u00e1 la construcci\u00f3n de una superficie cubierta de casi 100 metros cuadrados. El monto aproximado supera los 170 millones de pesos, con un plazo de ejecuci\u00f3n de 210 d\u00edas.<\/p>\n<p>Otro de los acuerdos es para ejecutar la obra de administraci\u00f3n delegada de estacionamiento en el Sagrado Coraz\u00f3n de Jes\u00fas, en el cerro Calvario. Tiene un presupuesto estimado de 300 millones de pesos y un plazo de ejecuci\u00f3n de 120 d\u00edas.<\/p>\n<p>El tercer convenio es para ejecutar por administraci\u00f3n delegada la obra del mirador del cerro San Pedro, que cuenta con un presupuesto oficial 50 millones de pesos y un plazo de 90 d\u00edas corridos. Contempla la ejecuci\u00f3n de un deck como mirador, con espacio para descanso y contemplaci\u00f3n. Se har\u00e1n tareas de mantenimiento y puesta en valor del mirador existente ubicado en la cumbre del cerro y tambi\u00e9n se construir\u00e1 un nuevo estacionamiento en la base.<\/p>\n<p>Finalmente, se firm\u00f3 un acta para dejar constancia del compromiso conjunto entre el gobierno provincial y la municipalidad, para la puesta en funcionamiento del Aula Taller M\u00f3vil (ATM) de reparaci\u00f3n de autos y motos durante 2026.<\/p>\n<p>Tambi\u00e9n participaron de los actos el ministro de Econom\u00eda, Producci\u00f3n e Industria, <strong>Guillermo Koenig<\/strong>; las ministras de Educaci\u00f3n, <strong>Soledad Mart\u00ednez<\/strong> y de Infraestructura, <strong>Tanya Bertoldi<\/strong>; y los secretarios del Interior, <strong>Gustavo Coatz<\/strong> y de Seguridad, <strong>Pablo Conforte<\/strong>, entre otros.<\/p>\n<\/p><\/div>\n<p><script type=\"62c65d5f135a032b4a132ede-text\/javascript\">\n    window.addEventListener('load', () => {\n        if (typeof FB !== 'undefined' && FB.init) {\n            \/\/ La SDK de Facebook est\u00e1 inicializada\n        } else {\n            \/\/ La SDK de Facebook no est\u00e1 inicializada\n            var script = document.createElement('script');\n            script.async = true;\n            script.defer = true;\n            script.crossOrigin = 'anonymous';\n            script.src=\"https:\/\/connect.facebook.net\/es_LA\/sdk.js#xfbml=1&version=v17.0&appId=868452105110858&autoLogAppEvents=1\";\n            script.nonce=\"eBgX2sTe\";\n            document.head.appendChild(script);\n        }\n        \/* FIX YOUTUBE (fix width) *\/\n        var youtubeIframes = document.querySelectorAll('iframe[src*=\"youtube.com\/embed\"]');\n        youtubeIframes.forEach(function(iframe) {\n            var containerWidth = iframe.parentElement.clientWidth || iframe.parentElement.offsetWidth;\n            if(containerWidth && iframe.width > containerWidth){\n                iframe.width = containerWidth;\n                iframe.height = (containerWidth \/ 16) * 9; \/\/ Assuming a 16:9 aspect ratio\n            }\n        });\n    });\n<\/script><script type=\"62c65d5f135a032b4a132ede-text\/javascript\">\n        window.addEventListener('load', () => {\n            if (typeof FB !== 'undefined' && FB.init) {\n                \/\/ La SDK de Facebook est\u00e1 inicializada\n            } else {\n                \/\/ La SDK de Facebook no est\u00e1 inicializada\n                var script = document.createElement('script');\n                script.async = true;\n                script.defer = true;\n                script.crossOrigin = 'anonymous';\n                script.src=\"https:\/\/connect.facebook.net\/es_LA\/sdk.js#xfbml=1&version=v17.0&appId=868452105110858&autoLogAppEvents=1\";\n                script.nonce=\"eBgX2sTe\";\n                document.head.appendChild(script);\n            }\n        });\n<\/script><\/p>\n","protected":false},"excerpt":{"rendered":"<p>Con anuncios de obras, Huinganco celebr\u00f3 su 62\u00b0 aniversario. Se firmaron convenios para reacondicionar el sistema de agua potable, construir un SUM y aulas en el CFP 18, y ejecutar el estacionamiento en el Sagrado Coraz\u00f3n de Jes\u00fas y obras en el mirador del cerro San Pedro. El gobernador Rolando Figueroa encabez\u00f3 este mi\u00e9rcoles el [&hellip;]<\/p>\n","protected":false},"author":1,"featured_media":13956,"comment_status":"","ping_status":"open","sticky":false,"template":"","format":"standard","meta":{"_monsterinsights_skip_tracking":false,"_monsterinsights_sitenote_active":false,"_monsterinsights_sitenote_note":"","_monsterinsights_sitenote_category":0,"footnotes":"","jetpack_publicize_message":"","jetpack_publicize_feature_enabled":true,"jetpack_social_post_already_shared":true,"jetpack_social_options":{"image_generator_settings":{"template":"highway","default_image_id":0,"font":"","enabled":false},"version":2}},"categories":[4],"tags":[2378,12,16,386,2376,50,2377,999],"class_list":["post-13955","post","type-post","status-publish","format-standard","has-post-thumbnail","hentry","category-regionales","tag-crezcamos","tag-figueroa","tag-los","tag-neuquinos","tag-ordenamos","tag-para","tag-redistribuir","tag-todos"],"aioseo_notices":[],"jetpack_publicize_connections":[],"amp_enabled":true,"_links":{"self":[{"href":"https:\/\/noticiasdeangostura.com.ar\/index.php?rest_route=\/wp\/v2\/posts\/13955","targetHints":{"allow":["GET"]}}],"collection":[{"href":"https:\/\/noticiasdeangostura.com.ar\/index.php?rest_route=\/wp\/v2\/posts"}],"about":[{"href":"https:\/\/noticiasdeangostura.com.ar\/index.php?rest_route=\/wp\/v2\/types\/post"}],"author":[{"embeddable":true,"href":"https:\/\/noticiasdeangostura.com.ar\/index.php?rest_route=\/wp\/v2\/users\/1"}],"replies":[{"embeddable":true,"href":"https:\/\/noticiasdeangostura.com.ar\/index.php?rest_route=%2Fwp%2Fv2%2Fcomments&post=13955"}],"version-history":[{"count":0,"href":"https:\/\/noticiasdeangostura.com.ar\/index.php?rest_route=\/wp\/v2\/posts\/13955\/revisions"}],"wp:featuredmedia":[{"embeddable":true,"href":"https:\/\/noticiasdeangostura.com.ar\/index.php?rest_route=\/wp\/v2\/media\/13956"}],"wp:attachment":[{"href":"https:\/\/noticiasdeangostura.com.ar\/index.php?rest_route=%2Fwp%2Fv2%2Fmedia&parent=13955"}],"wp:term":[{"taxonomy":"category","embeddable":true,"href":"https:\/\/noticiasdeangostura.com.ar\/index.php?rest_route=%2Fwp%2Fv2%2Fcategories&post=13955"},{"taxonomy":"post_tag","embeddable":true,"href":"https:\/\/noticiasdeangostura.com.ar\/index.php?rest_route=%2Fwp%2Fv2%2Ftags&post=13955"}],"curies":[{"name":"wp","href":"https:\/\/api.w.org\/{rel}","templated":true}]}}