{"id":13957,"date":"2026-04-22T17:52:42","date_gmt":"2026-04-22T20:52:42","guid":{"rendered":"https:\/\/noticiasdeangostura.com.ar\/?p=13957"},"modified":"2026-04-22T17:52:42","modified_gmt":"2026-04-22T20:52:42","slug":"el-juzgado-de-paz-de-villa-la-angostura-informa-la-suspension-de-atencion-al-publico","status":"publish","type":"post","link":"https:\/\/noticiasdeangostura.com.ar\/?p=13957","title":{"rendered":"El Juzgado de Paz de Villa la Angostura, informa la suspensi\u00f3n de Atenci\u00f3n al p\u00fablico"},"content":{"rendered":"<p>El Juzgado de Paz de Villa la Angostura informa a la poblaci\u00f3n que con motivo del TRASLADO DEL ORGANISMO a calle DEL CHILCO N\u00b0115 de esta localidad, dispuesto para este mi\u00e9rcoles 22 de Abril de 2026 por Decreto N\u00b0126\/26 del Tribunal Superior de Justicia, se suspende la atenci\u00f3n al p\u00fablico. Ante cualquier duda pueden comunicarse al siguiente tel\u00e9fono n\u00famero 2944966222 (Whatsapp).-<\/p>\n<\/p>\n<p>Mar\u00eda Candelaria Loza Leguizam\u00f3n<br \/>Jueza de Paz Titular de<br \/>Villa La Angostura<br \/>(IV Circ. Judicial)<br \/>Tel\/Cel 2944966222<\/p>\n","protected":false},"excerpt":{"rendered":"<p>El Juzgado de Paz de Villa la Angostura informa a la poblaci\u00f3n que con motivo del TRASLADO DEL ORGANISMO a calle DEL CHILCO N\u00b0115 de esta localidad, dispuesto para este mi\u00e9rcoles 22 de Abril de 2026 por Decreto N\u00b0126\/26 del Tribunal Superior de Justicia, se suspende la atenci\u00f3n al p\u00fablico. Ante cualquier duda pueden comunicarse [&hellip;]<\/p>\n","protected":false},"author":1,"featured_media":0,"comment_status":"","ping_status":"open","sticky":false,"template":"","format":"standard","meta":{"_monsterinsights_skip_tracking":false,"_monsterinsights_sitenote_active":false,"_monsterinsights_sitenote_note":"","_monsterinsights_sitenote_category":0,"footnotes":"","jetpack_publicize_message":"","jetpack_publicize_feature_enabled":true,"jetpack_social_post_already_shared":true,"jetpack_social_options":{"image_generator_settings":{"template":"highway","default_image_id":0,"font":"","enabled":false},"version":2}},"categories":[3],"tags":[82,765,815,2379,1352,1402,2380,63],"class_list":["post-13957","post","type-post","status-publish","format-standard","hentry","category-villa-la-angostura","tag-angostura","tag-atencion","tag-informa","tag-juzgado","tag-paz","tag-publico","tag-suspension","tag-villa"],"aioseo_notices":[],"jetpack_publicize_connections":[],"amp_enabled":true,"_links":{"self":[{"href":"https:\/\/noticiasdeangostura.com.ar\/index.php?rest_route=\/wp\/v2\/posts\/13957","targetHints":{"allow":["GET"]}}],"collection":[{"href":"https:\/\/noticiasdeangostura.com.ar\/index.php?rest_route=\/wp\/v2\/posts"}],"about":[{"href":"https:\/\/noticiasdeangostura.com.ar\/index.php?rest_route=\/wp\/v2\/types\/post"}],"author":[{"embeddable":true,"href":"https:\/\/noticiasdeangostura.com.ar\/index.php?rest_route=\/wp\/v2\/users\/1"}],"replies":[{"embeddable":true,"href":"https:\/\/noticiasdeangostura.com.ar\/index.php?rest_route=%2Fwp%2Fv2%2Fcomments&post=13957"}],"version-history":[{"count":0,"href":"https:\/\/noticiasdeangostura.com.ar\/index.php?rest_route=\/wp\/v2\/posts\/13957\/revisions"}],"wp:attachment":[{"href":"https:\/\/noticiasdeangostura.com.ar\/index.php?rest_route=%2Fwp%2Fv2%2Fmedia&parent=13957"}],"wp:term":[{"taxonomy":"category","embeddable":true,"href":"https:\/\/noticiasdeangostura.com.ar\/index.php?rest_route=%2Fwp%2Fv2%2Fcategories&post=13957"},{"taxonomy":"post_tag","embeddable":true,"href":"https:\/\/noticiasdeangostura.com.ar\/index.php?rest_route=%2Fwp%2Fv2%2Ftags&post=13957"}],"curies":[{"name":"wp","href":"https:\/\/api.w.org\/{rel}","templated":true}]}}