{"id":13970,"date":"2026-04-22T19:44:55","date_gmt":"2026-04-22T22:44:55","guid":{"rendered":"https:\/\/noticiasdeangostura.com.ar\/?p=13970"},"modified":"2026-04-22T19:44:55","modified_gmt":"2026-04-22T22:44:55","slug":"la-provincia-recategorizo-personal-del-ipvu-adus","status":"publish","type":"post","link":"https:\/\/noticiasdeangostura.com.ar\/?p=13970","title":{"rendered":"La Provincia recategoriz\u00f3 personal del IPVU-ADUS"},"content":{"rendered":"<p> <br \/>\n<br \/><\/p>\n<p>Responde al compromiso paritario firmado previamente que reconoce la carrera administrativa de los empleados p\u00fablicos.<\/p>\n<div>\n<p>El gobernador Rolando Figueroa firm\u00f3 este mi\u00e9rcoles el decreto que dispuso la recategorizaci\u00f3n del personal del Instituto Provincial de Vivienda y Urbanismo (IPVU) y de la Agencia de Desarrollo Urbano Sustentable (ADUS). La medida que tendr\u00e1 efecto retroactivo al 1 de octubre de 2025, incluye el pago de compensaciones por carrera administrativa. \u00a0<\/p>\n<p>Mediante la norma se convalid\u00f3 el acta paritaria firmada en diciembre del a\u00f1o pasado, que permiti\u00f3 avanzar sobre cambios de nivel y de agrupamiento del personal dentro del organismo. \u00a0<\/p>\n<p>Las nuevas categor\u00edas ser\u00e1n asignadas conforme a los anexos correspondientes, en el marco del Convenio Colectivo de Trabajo (Ley 3549), que regula la carrera administrativa. \u00a0<\/p>\n<p>El decreto dispuso tambi\u00e9n una compensaci\u00f3n espec\u00edfica por carrera administrativa, en l\u00ednea con lo establecido en el art\u00edculo 99 del convenio colectivo. \u00a0El Instituto de Seguridad Social del Neuqu\u00e9n (ISSN) para que eval\u00fae la adecuaci\u00f3n de haberes jubilatorios en funci\u00f3n de las nuevas categor\u00edas. \u00a0<\/p>\n<p>La decisi\u00f3n responde a la necesidad de reconocer la labor del personal y garantizar estabilidad laboral, tras un an\u00e1lisis integral de la planta de trabajadores realizado por una comisi\u00f3n ad hoc del organismo.<\/p>\n<\/p><\/div>\n<p><script type=\"3183b7a6b8f5d3ab2d7d429d-text\/javascript\">\n    window.addEventListener('load', () => {\n        if (typeof FB !== 'undefined' && FB.init) {\n            \/\/ La SDK de Facebook est\u00e1 inicializada\n        } else {\n            \/\/ La SDK de Facebook no est\u00e1 inicializada\n            var script = document.createElement('script');\n            script.async = true;\n            script.defer = true;\n            script.crossOrigin = 'anonymous';\n            script.src=\"https:\/\/connect.facebook.net\/es_LA\/sdk.js#xfbml=1&version=v17.0&appId=868452105110858&autoLogAppEvents=1\";\n            script.nonce=\"eBgX2sTe\";\n            document.head.appendChild(script);\n        }\n        \/* FIX YOUTUBE (fix width) *\/\n        var youtubeIframes = document.querySelectorAll('iframe[src*=\"youtube.com\/embed\"]');\n        youtubeIframes.forEach(function(iframe) {\n            var containerWidth = iframe.parentElement.clientWidth || iframe.parentElement.offsetWidth;\n            if(containerWidth && iframe.width > containerWidth){\n                iframe.width = containerWidth;\n                iframe.height = (containerWidth \/ 16) * 9; \/\/ Assuming a 16:9 aspect ratio\n            }\n        });\n    });\n<\/script><script type=\"3183b7a6b8f5d3ab2d7d429d-text\/javascript\">\n        window.addEventListener('load', () => {\n            if (typeof FB !== 'undefined' && FB.init) {\n                \/\/ La SDK de Facebook est\u00e1 inicializada\n            } else {\n                \/\/ La SDK de Facebook no est\u00e1 inicializada\n                var script = document.createElement('script');\n                script.async = true;\n                script.defer = true;\n                script.crossOrigin = 'anonymous';\n                script.src=\"https:\/\/connect.facebook.net\/es_LA\/sdk.js#xfbml=1&version=v17.0&appId=868452105110858&autoLogAppEvents=1\";\n                script.nonce=\"eBgX2sTe\";\n                document.head.appendChild(script);\n            }\n        });\n<\/script><\/p>\n","protected":false},"excerpt":{"rendered":"<p>Responde al compromiso paritario firmado previamente que reconoce la carrera administrativa de los empleados p\u00fablicos. El gobernador Rolando Figueroa firm\u00f3 este mi\u00e9rcoles el decreto que dispuso la recategorizaci\u00f3n del personal del Instituto Provincial de Vivienda y Urbanismo (IPVU) y de la Agencia de Desarrollo Urbano Sustentable (ADUS). La medida que tendr\u00e1 efecto retroactivo al 1 [&hellip;]<\/p>\n","protected":false},"author":1,"featured_media":13971,"comment_status":"","ping_status":"open","sticky":false,"template":"","format":"standard","meta":{"_monsterinsights_skip_tracking":false,"_monsterinsights_sitenote_active":false,"_monsterinsights_sitenote_note":"","_monsterinsights_sitenote_category":0,"footnotes":"","jetpack_publicize_message":"","jetpack_publicize_feature_enabled":true,"jetpack_social_post_already_shared":true,"jetpack_social_options":{"image_generator_settings":{"template":"highway","default_image_id":0,"font":"","enabled":false},"version":2}},"categories":[4],"tags":[29,2382,1584,79,2381],"class_list":["post-13970","post","type-post","status-publish","format-standard","has-post-thumbnail","hentry","category-regionales","tag-del","tag-ipvuadus","tag-personal","tag-provincia","tag-recategorizo"],"aioseo_notices":[],"jetpack_publicize_connections":[],"amp_enabled":true,"_links":{"self":[{"href":"https:\/\/noticiasdeangostura.com.ar\/index.php?rest_route=\/wp\/v2\/posts\/13970","targetHints":{"allow":["GET"]}}],"collection":[{"href":"https:\/\/noticiasdeangostura.com.ar\/index.php?rest_route=\/wp\/v2\/posts"}],"about":[{"href":"https:\/\/noticiasdeangostura.com.ar\/index.php?rest_route=\/wp\/v2\/types\/post"}],"author":[{"embeddable":true,"href":"https:\/\/noticiasdeangostura.com.ar\/index.php?rest_route=\/wp\/v2\/users\/1"}],"replies":[{"embeddable":true,"href":"https:\/\/noticiasdeangostura.com.ar\/index.php?rest_route=%2Fwp%2Fv2%2Fcomments&post=13970"}],"version-history":[{"count":0,"href":"https:\/\/noticiasdeangostura.com.ar\/index.php?rest_route=\/wp\/v2\/posts\/13970\/revisions"}],"wp:featuredmedia":[{"embeddable":true,"href":"https:\/\/noticiasdeangostura.com.ar\/index.php?rest_route=\/wp\/v2\/media\/13971"}],"wp:attachment":[{"href":"https:\/\/noticiasdeangostura.com.ar\/index.php?rest_route=%2Fwp%2Fv2%2Fmedia&parent=13970"}],"wp:term":[{"taxonomy":"category","embeddable":true,"href":"https:\/\/noticiasdeangostura.com.ar\/index.php?rest_route=%2Fwp%2Fv2%2Fcategories&post=13970"},{"taxonomy":"post_tag","embeddable":true,"href":"https:\/\/noticiasdeangostura.com.ar\/index.php?rest_route=%2Fwp%2Fv2%2Ftags&post=13970"}],"curies":[{"name":"wp","href":"https:\/\/api.w.org\/{rel}","templated":true}]}}