{"id":13990,"date":"2026-04-22T22:31:13","date_gmt":"2026-04-23T01:31:13","guid":{"rendered":"https:\/\/noticiasdeangostura.com.ar\/?p=13990"},"modified":"2026-04-22T22:31:13","modified_gmt":"2026-04-23T01:31:13","slug":"dirigentes-neuquinos-se-alinean-con-el-gobierno-tras-un-encuentro-con-diego-santilli","status":"publish","type":"post","link":"https:\/\/noticiasdeangostura.com.ar\/?p=13990","title":{"rendered":"Dirigentes neuquinos se alinean con el Gobierno tras un encuentro con Diego Santilli"},"content":{"rendered":"<p> <br \/>\n<\/p>\n<p>El senador nacional por Neuqu\u00e9n, Pablo Cervi, inform\u00f3 que mantuvo un encuentro con el ministro del Interior, Diego Santilli, junto a legisladores y dirigentes provinciales, para analizar los desaf\u00edos de la provincia y el rol del Congreso en la actual etapa pol\u00edtica.<\/p>\n<p>Pablo Cervi se reuni\u00f3 con Diego Santilli y ratific\u00f3 el apoyo a las reformas de Javier Milei<\/p>\n<p>De la reuni\u00f3n participaron tambi\u00e9n la senadora Nadia M\u00e1rquez, el diputado Gast\u00f3n Riesco, las diputadas Soledad Mondaca y Gabriela Mu\u00f1oz, y el concejal Nicol\u00e1s Montero, quienes coincidieron en la necesidad de avanzar con reformas estructurales.<\/p>\n<p>Seg\u00fan expres\u00f3 Cervi en sus redes sociales, el objetivo del espacio es acompa\u00f1ar las iniciativas impulsadas por el presidente Javier Milei, con eje en la reducci\u00f3n del gasto p\u00fablico, mayor transparencia y un redise\u00f1o del Estado.<\/p>\n<p>\u201cEstamos trabajando para que las reformas se hagan realidad: m\u00e1s orden, m\u00e1s claridad y menos gasto para los argentinos\u201d, se\u00f1al\u00f3 el senador, quien tambi\u00e9n plante\u00f3 la necesidad de transformar al Estado en \u201cuna herramienta de crecimiento\u201d en lugar de una carga.<\/p>\n<p>En ese marco, el legislador defini\u00f3 al actual Congreso como \u201cel m\u00e1s reformista de la historia\u201d y remarc\u00f3 que el pa\u00eds atraviesa una \u201cnueva oportunidad\u201d para impulsar cambios de fondo.<\/p>\n<p>El mensaje cerr\u00f3 con el ya habitual \u201cVLLC\u201d, sigla popularizada por el presidente Milei que significa \u201cViva la libertad, carajo\u201d, y que se convirti\u00f3 en una consigna identitaria del oficialismo.<\/p>\n","protected":false},"excerpt":{"rendered":"<p>El senador nacional por Neuqu\u00e9n, Pablo Cervi, inform\u00f3 que mantuvo un encuentro con el ministro del Interior, Diego Santilli, junto a legisladores y dirigentes provinciales, para analizar los desaf\u00edos de la provincia y el rol del Congreso en la actual etapa pol\u00edtica. Pablo Cervi se reuni\u00f3 con Diego Santilli y ratific\u00f3 el apoyo a las [&hellip;]<\/p>\n","protected":false},"author":1,"featured_media":13991,"comment_status":"","ping_status":"open","sticky":false,"template":"","format":"standard","meta":{"_monsterinsights_skip_tracking":false,"_monsterinsights_sitenote_active":false,"_monsterinsights_sitenote_note":"","_monsterinsights_sitenote_category":0,"footnotes":"","jetpack_publicize_message":"","jetpack_publicize_feature_enabled":true,"jetpack_social_post_already_shared":true,"jetpack_social_options":{"image_generator_settings":{"template":"highway","default_image_id":0,"font":"","enabled":false},"version":2}},"categories":[5],"tags":[],"class_list":["post-13990","post","type-post","status-publish","format-standard","has-post-thumbnail","hentry","category-politica"],"aioseo_notices":[],"jetpack_publicize_connections":[],"amp_enabled":true,"_links":{"self":[{"href":"https:\/\/noticiasdeangostura.com.ar\/index.php?rest_route=\/wp\/v2\/posts\/13990","targetHints":{"allow":["GET"]}}],"collection":[{"href":"https:\/\/noticiasdeangostura.com.ar\/index.php?rest_route=\/wp\/v2\/posts"}],"about":[{"href":"https:\/\/noticiasdeangostura.com.ar\/index.php?rest_route=\/wp\/v2\/types\/post"}],"author":[{"embeddable":true,"href":"https:\/\/noticiasdeangostura.com.ar\/index.php?rest_route=\/wp\/v2\/users\/1"}],"replies":[{"embeddable":true,"href":"https:\/\/noticiasdeangostura.com.ar\/index.php?rest_route=%2Fwp%2Fv2%2Fcomments&post=13990"}],"version-history":[{"count":0,"href":"https:\/\/noticiasdeangostura.com.ar\/index.php?rest_route=\/wp\/v2\/posts\/13990\/revisions"}],"wp:featuredmedia":[{"embeddable":true,"href":"https:\/\/noticiasdeangostura.com.ar\/index.php?rest_route=\/wp\/v2\/media\/13991"}],"wp:attachment":[{"href":"https:\/\/noticiasdeangostura.com.ar\/index.php?rest_route=%2Fwp%2Fv2%2Fmedia&parent=13990"}],"wp:term":[{"taxonomy":"category","embeddable":true,"href":"https:\/\/noticiasdeangostura.com.ar\/index.php?rest_route=%2Fwp%2Fv2%2Fcategories&post=13990"},{"taxonomy":"post_tag","embeddable":true,"href":"https:\/\/noticiasdeangostura.com.ar\/index.php?rest_route=%2Fwp%2Fv2%2Ftags&post=13990"}],"curies":[{"name":"wp","href":"https:\/\/api.w.org\/{rel}","templated":true}]}}