{"id":14000,"date":"2026-04-22T23:47:59","date_gmt":"2026-04-23T02:47:59","guid":{"rendered":"https:\/\/noticiasdeangostura.com.ar\/?p=14000"},"modified":"2026-04-22T23:47:59","modified_gmt":"2026-04-23T02:47:59","slug":"acompanan-con-orientacion-vocacional-a-estudiantes-de-la-region-alto-neuquen","status":"publish","type":"post","link":"https:\/\/noticiasdeangostura.com.ar\/?p=14000","title":{"rendered":"Acompa\u00f1an con orientaci\u00f3n vocacional a estudiantes de la regi\u00f3n Alto Neuqu\u00e9n"},"content":{"rendered":"<p> <br \/>\n<br \/><\/p>\n<p>Se realiz\u00f3 un encuentro como parte de la Expovocacional, que se realizar\u00e1 en Chos Malal en mayo. El objetivo es que los estudiantes participen de la propuesta con herramientas que les ayuden en su elecci\u00f3n de estudio.<\/p>\n<div>\n<p>Se desarroll\u00f3 un nuevo encuentro virtual con estudiantes y referentes de la regi\u00f3n Alto Neuqu\u00e9n este mi\u00e9rcoles como parte del dispositivo \u201cEscucha Joven\u201d, que lleva adelante la subsecretar\u00eda de Juventud.<\/p>\n<p>En el contexto de este trabajo y previo a la realizaci\u00f3n de la Expovocacional los d\u00edas 5 y 6 de mayo en Chos Malal, se dispuso reforzar el acompa\u00f1amiento a las trayectorias de vida de estudiantes de los \u00faltimos a\u00f1os de la escuela secundaria con el objetivo puesto en que participen con m\u00e1s herramientas en la Expo y as\u00ed aprovechar al m\u00e1ximo de la propuesta.<\/p>\n<p>Esta actividad, que como todos los a\u00f1os se realizar\u00e1 en distintas localidades de la provincia, es organizada por el ministerio de Juventud, Deportes y Cultura, a trav\u00e9s de ECyDENSE.<\/p>\n<p><em>\u201cPensamos en este momento espec\u00edfico que ofrece un breve proceso de orientaci\u00f3n vocacional para que, en este caso, como estudiantes, puedan decidir de manera consciente y responsable la formaci\u00f3n superior o universitaria que quieran\u201d<\/em>, explic\u00f3 la subsecretaria de Juventud, <strong>Katherina Allende<\/strong>.<\/p>\n<p>Este es el segundo encuentro virtual con estudiantes de la regi\u00f3n Alto Neuqu\u00e9n, y se prev\u00e9 continuar con dos m\u00e1s. En cada reuni\u00f3n, los participantes abordan instancias como el autoconocimiento, la b\u00fasqueda de informaci\u00f3n, evaluaci\u00f3n de opciones y toma de decisiones.<\/p>\n<p>Ya sea de manera directa o de forma indirecta (a trav\u00e9s de referentes locales) en el encuentro participaron m\u00e1s de un centenar de estudiantes.<\/p>\n<p>De la propuesta participan una decena de instituciones educativas de El Cholar, Andacollo, Taquimil\u00e1n, Chorriaca, Tricao Malal, Las Ovejas, Chos Malal, entre otras localidades y comisiones de fomento. Cabe destacar que para la participaci\u00f3n de las escuelas, la subsecretar\u00eda de Juventud trabaj\u00f3 conjuntamente con la supervisi\u00f3n de Nivel Medio correspondiente.<\/p>\n<\/p><\/div>\n<p><script type=\"d866ca7f8f525f085b683775-text\/javascript\">\n    window.addEventListener('load', () => {\n        if (typeof FB !== 'undefined' && FB.init) {\n            \/\/ La SDK de Facebook est\u00e1 inicializada\n        } else {\n            \/\/ La SDK de Facebook no est\u00e1 inicializada\n            var script = document.createElement('script');\n            script.async = true;\n            script.defer = true;\n            script.crossOrigin = 'anonymous';\n            script.src=\"https:\/\/connect.facebook.net\/es_LA\/sdk.js#xfbml=1&version=v17.0&appId=868452105110858&autoLogAppEvents=1\";\n            script.nonce=\"eBgX2sTe\";\n            document.head.appendChild(script);\n        }\n        \/* FIX YOUTUBE (fix width) *\/\n        var youtubeIframes = document.querySelectorAll('iframe[src*=\"youtube.com\/embed\"]');\n        youtubeIframes.forEach(function(iframe) {\n            var containerWidth = iframe.parentElement.clientWidth || iframe.parentElement.offsetWidth;\n            if(containerWidth && iframe.width > containerWidth){\n                iframe.width = containerWidth;\n                iframe.height = (containerWidth \/ 16) * 9; \/\/ Assuming a 16:9 aspect ratio\n            }\n        });\n    });\n<\/script><\/p>\n","protected":false},"excerpt":{"rendered":"<p>Se realiz\u00f3 un encuentro como parte de la Expovocacional, que se realizar\u00e1 en Chos Malal en mayo. El objetivo es que los estudiantes participen de la propuesta con herramientas que les ayuden en su elecci\u00f3n de estudio. Se desarroll\u00f3 un nuevo encuentro virtual con estudiantes y referentes de la regi\u00f3n Alto Neuqu\u00e9n este mi\u00e9rcoles como [&hellip;]<\/p>\n","protected":false},"author":1,"featured_media":14001,"comment_status":"","ping_status":"open","sticky":false,"template":"","format":"standard","meta":{"_monsterinsights_skip_tracking":false,"_monsterinsights_sitenote_active":false,"_monsterinsights_sitenote_note":"","_monsterinsights_sitenote_category":0,"footnotes":"","jetpack_publicize_message":"","jetpack_publicize_feature_enabled":true,"jetpack_social_post_already_shared":true,"jetpack_social_options":{"image_generator_settings":{"template":"highway","default_image_id":0,"font":"","enabled":false},"version":2}},"categories":[4],"tags":[2031,104,45,486,21,1114,719,1590],"class_list":["post-14000","post","type-post","status-publish","format-standard","has-post-thumbnail","hentry","category-regionales","tag-acompanan","tag-alto","tag-con","tag-estudiantes","tag-neuquen","tag-orientacion","tag-region","tag-vocacional"],"aioseo_notices":[],"jetpack_publicize_connections":[],"amp_enabled":true,"_links":{"self":[{"href":"https:\/\/noticiasdeangostura.com.ar\/index.php?rest_route=\/wp\/v2\/posts\/14000","targetHints":{"allow":["GET"]}}],"collection":[{"href":"https:\/\/noticiasdeangostura.com.ar\/index.php?rest_route=\/wp\/v2\/posts"}],"about":[{"href":"https:\/\/noticiasdeangostura.com.ar\/index.php?rest_route=\/wp\/v2\/types\/post"}],"author":[{"embeddable":true,"href":"https:\/\/noticiasdeangostura.com.ar\/index.php?rest_route=\/wp\/v2\/users\/1"}],"replies":[{"embeddable":true,"href":"https:\/\/noticiasdeangostura.com.ar\/index.php?rest_route=%2Fwp%2Fv2%2Fcomments&post=14000"}],"version-history":[{"count":0,"href":"https:\/\/noticiasdeangostura.com.ar\/index.php?rest_route=\/wp\/v2\/posts\/14000\/revisions"}],"wp:featuredmedia":[{"embeddable":true,"href":"https:\/\/noticiasdeangostura.com.ar\/index.php?rest_route=\/wp\/v2\/media\/14001"}],"wp:attachment":[{"href":"https:\/\/noticiasdeangostura.com.ar\/index.php?rest_route=%2Fwp%2Fv2%2Fmedia&parent=14000"}],"wp:term":[{"taxonomy":"category","embeddable":true,"href":"https:\/\/noticiasdeangostura.com.ar\/index.php?rest_route=%2Fwp%2Fv2%2Fcategories&post=14000"},{"taxonomy":"post_tag","embeddable":true,"href":"https:\/\/noticiasdeangostura.com.ar\/index.php?rest_route=%2Fwp%2Fv2%2Ftags&post=14000"}],"curies":[{"name":"wp","href":"https:\/\/api.w.org\/{rel}","templated":true}]}}