{"id":14008,"date":"2026-04-23T00:40:51","date_gmt":"2026-04-23T03:40:51","guid":{"rendered":"https:\/\/noticiasdeangostura.com.ar\/?p=14008"},"modified":"2026-04-23T00:40:51","modified_gmt":"2026-04-23T03:40:51","slug":"no-puede-quitarle-un-derecho-asi-porque-si-en-qr-cuestionaron-el-fin-del-programa-volver-al-trabajo","status":"publish","type":"post","link":"https:\/\/noticiasdeangostura.com.ar\/?p=14008","title":{"rendered":"\u201cNo puede quitarle un derecho as\u00ed porque s\u00ed\u201d: en \u201cQR!\u201d cuestionaron el fin del programa Volver al Trabajo"},"content":{"rendered":"<p> <br \/>\n<br \/><br \/>\n\t\t\t\t\t\t\tEn la previa de \u201cQR!\u201d, el programa de Canal E conducido por Pablo Caruso, se abri\u00f3 el debate sobre la continuidad del programa Volver al Trabajo y la reciente cautlear judicial que fren\u00f3 su eliminaci\u00f3n.<\/p>\n<p>El invitado fue Nicol\u00e1s Caropresi, dirigente del Movimiento de Trabajadores Excluidos (MTE), quien apunt\u00f3 con dureza contra el Ministerio de Capital Humano y sostuvo que la Justicia dej\u00f3 en evidencia las inconsistencias del Gobierno. \u201cLa verdad es que vemos que el juez, por lo menos, reconoce el nivel de mentira que hay a trav\u00e9s de las decisiones pol\u00edticas que est\u00e1 tomando el Gobierno\u201d, lanz\u00f3.<\/p>\n<p>Seg\u00fan explic\u00f3, la cautelar plantea que no puede eliminarse el beneficio sin demostrar antes que existe una pol\u00edtica superadora que garantice mejores condiciones para quienes hoy dependen de esa asistencia. \u201cNo puede quitarle un derecho as\u00ed porque s\u00ed, porque no le parezca un acto administrativo\u201d, remarc\u00f3.<\/p>\n<p>Qu\u00e9 pasa con el programa Volver al Trabajo<\/p>\n<p>Caropresi record\u00f3 que este esquema no naci\u00f3 con la actual gesti\u00f3n ni con Sandra Pettovello, sino que tiene origen en la Ley de Emergencia Social sancionada en 2016 durante el gobierno de Mauricio Macri, cuando se cre\u00f3 el salario social complementario.<\/p>\n<p>Seg\u00fan explic\u00f3, el problema central es que el Estado no reemplaz\u00f3 esa pol\u00edtica con otra herramienta concreta, sino que simplemente avanz\u00f3 en su cierre. \u201cEl Estado no mejor\u00f3 la condici\u00f3n de esas personas, simplemente las abandon\u00f3\u201d, afirm\u00f3.<\/p>\n<p>Sandra Pettovello design\u00f3 a Mauro Esteban Brandi como nuevo jefe de Gabinete tras la salida de Massaccesi<\/p>\n<p>Adem\u00e1s, cuestion\u00f3 que durante los dos a\u00f1os de vigencia del programa no hubo capacitaciones reales ni ofertas de formaci\u00f3n laboral, pese a que ese era uno de los argumentos oficiales. \u201cLo de los vouchers es mentira, lo de la formaci\u00f3n es mentira, todo es absolutamente mentira\u201d, dispar\u00f3.<\/p>\n<p>\u201cLe est\u00e1n sacando plata a los m\u00e1s d\u00e9biles\u201d<\/p>\n<p>El dirigente advirti\u00f3 que la eliminaci\u00f3n del programa impactar\u00e1 de lleno sobre m\u00e1s de un mill\u00f3n de trabajadores que hoy reciben $78.000 mensuales, una suma que defini\u00f3 como insuficiente, pero fundamental para sostener la econom\u00eda diaria.<\/p>\n<p>\u201cHace un mes con esa plata comprabas tres garrafas. Hoy compr\u00e1s dos de pedo. Si le sac\u00e1s ese ingreso a esa familia, la part\u00eds al medio\u201d, sostuvo.<\/p>\n<p>Tambi\u00e9n se\u00f1al\u00f3 que ese dinero no solo ayuda a quienes lo cobran, sino que mueve el consumo en barrios, municipios y provincias enteras. \u201cEsa plata no se la est\u00e1n sacando a la casta. Se la est\u00e1n sacando a las pol\u00edticas sociales para acompa\u00f1ar la necesidad de los m\u00e1s d\u00e9biles\u201d, agreg\u00f3.<\/p>\n<p>Cr\u00edticas a Pettovello y al Gobierno<\/p>\n<p>Durante la entrevista, Caropresi acus\u00f3 al oficialismo de instalar un discurso que responsabiliza a los sectores m\u00e1s pobres por la crisis econ\u00f3mica y social. \u201cHay una insistencia permanente en culpabilizar a los pobres de la pobreza\u201d, expres\u00f3.<\/p>\n<p>Y fue m\u00e1s all\u00e1: \u201cLos que revuelven basura para comer por 78 mil pesos le est\u00e1n subsidiando el BMW a alg\u00fan vivo que quiere importar un auto de lujo sin pagar impuestos\u201d.<\/p>\n<p>Reforma electoral: los 5 cambios clave que impulsa Milei<\/p>\n<p>Tambi\u00e9n asegur\u00f3 que el Gobierno no respetar\u00e1 el fallo judicial y cuestion\u00f3 el rol de la Justicia. \u201cCuando la Justicia falla en contra nuestra, nos tenemos que callar. Pero cuando nos da la raz\u00f3n, a ellos no les importa nada\u201d, afirm\u00f3.<\/p>\n<p>La bronca social y la organizaci\u00f3n<\/p>\n<p>Caropresi cont\u00f3 adem\u00e1s que particip\u00f3 de un congreso nacional de trabajadores de la econom\u00eda popular con m\u00e1s de 350 congresales de todo el pa\u00eds, donde el clima estuvo marcado por la preocupaci\u00f3n y el enojo frente a la situaci\u00f3n social. \u201cVi mucha bronca. Y ya no es bronca solo contra el Presidente, es bronca contra toda la pol\u00edtica\u201d, se\u00f1al\u00f3.<\/p>\n<p>Seg\u00fan explic\u00f3, el recorte de asistencia alimentaria, el cierre de comedores y la falta de respuestas estatales est\u00e1n profundizando el malestar social en distintos puntos del pa\u00eds. \u201cLa organizaci\u00f3n crece. La gana de salir a confrontar con el Gobierno crece\u201d, advirti\u00f3.<\/p>\n<p>Para cerrar, dej\u00f3 una definici\u00f3n contundente sobre el rumbo econ\u00f3mico y pol\u00edtico de la gesti\u00f3n libertaria. \u201cSomos el Virreinato del R\u00edo de la Plata otra vez, con el virrey Milei gobernando para los intereses de Israel y Estados Unidos\u201d, concluy\u00f3.<\/p>\n<p>LB\/DCQ<\/p>\n","protected":false},"excerpt":{"rendered":"<p>En la previa de \u201cQR!\u201d, el programa de Canal E conducido por Pablo Caruso, se abri\u00f3 el debate sobre la continuidad del programa Volver al Trabajo y la reciente cautlear judicial que fren\u00f3 su eliminaci\u00f3n. El invitado fue Nicol\u00e1s Caropresi, dirigente del Movimiento de Trabajadores Excluidos (MTE), quien apunt\u00f3 con dureza contra el Ministerio de [&hellip;]<\/p>\n","protected":false},"author":1,"featured_media":14009,"comment_status":"","ping_status":"open","sticky":false,"template":"","format":"standard","meta":{"_monsterinsights_skip_tracking":false,"_monsterinsights_sitenote_active":false,"_monsterinsights_sitenote_note":"","_monsterinsights_sitenote_category":0,"footnotes":"","jetpack_publicize_message":"","jetpack_publicize_feature_enabled":true,"jetpack_social_post_already_shared":true,"jetpack_social_options":{"image_generator_settings":{"template":"highway","default_image_id":0,"font":"","enabled":false},"version":2}},"categories":[11],"tags":[],"class_list":["post-14008","post","type-post","status-publish","format-standard","has-post-thumbnail","hentry","category-actualidad"],"aioseo_notices":[],"jetpack_publicize_connections":[],"amp_enabled":true,"_links":{"self":[{"href":"https:\/\/noticiasdeangostura.com.ar\/index.php?rest_route=\/wp\/v2\/posts\/14008","targetHints":{"allow":["GET"]}}],"collection":[{"href":"https:\/\/noticiasdeangostura.com.ar\/index.php?rest_route=\/wp\/v2\/posts"}],"about":[{"href":"https:\/\/noticiasdeangostura.com.ar\/index.php?rest_route=\/wp\/v2\/types\/post"}],"author":[{"embeddable":true,"href":"https:\/\/noticiasdeangostura.com.ar\/index.php?rest_route=\/wp\/v2\/users\/1"}],"replies":[{"embeddable":true,"href":"https:\/\/noticiasdeangostura.com.ar\/index.php?rest_route=%2Fwp%2Fv2%2Fcomments&post=14008"}],"version-history":[{"count":0,"href":"https:\/\/noticiasdeangostura.com.ar\/index.php?rest_route=\/wp\/v2\/posts\/14008\/revisions"}],"wp:featuredmedia":[{"embeddable":true,"href":"https:\/\/noticiasdeangostura.com.ar\/index.php?rest_route=\/wp\/v2\/media\/14009"}],"wp:attachment":[{"href":"https:\/\/noticiasdeangostura.com.ar\/index.php?rest_route=%2Fwp%2Fv2%2Fmedia&parent=14008"}],"wp:term":[{"taxonomy":"category","embeddable":true,"href":"https:\/\/noticiasdeangostura.com.ar\/index.php?rest_route=%2Fwp%2Fv2%2Fcategories&post=14008"},{"taxonomy":"post_tag","embeddable":true,"href":"https:\/\/noticiasdeangostura.com.ar\/index.php?rest_route=%2Fwp%2Fv2%2Ftags&post=14008"}],"curies":[{"name":"wp","href":"https:\/\/api.w.org\/{rel}","templated":true}]}}