{"id":14013,"date":"2026-04-23T01:48:31","date_gmt":"2026-04-23T04:48:31","guid":{"rendered":"https:\/\/noticiasdeangostura.com.ar\/?p=14013"},"modified":"2026-04-23T01:48:31","modified_gmt":"2026-04-23T04:48:31","slug":"las-regiones-vaca-muerta-y-comarca-realizaron-su-primer-consejo-regional-de-turismo","status":"publish","type":"post","link":"https:\/\/noticiasdeangostura.com.ar\/?p=14013","title":{"rendered":"Las regiones Vaca Muerta y Comarca realizaron su primer Consejo Regional de Turismo"},"content":{"rendered":"<p> <br \/>\n<br \/><\/p>\n<p>Representantes de municipios, organismos provinciales y actores del sector tur\u00edstico participaron de una jornada de trabajo en San Patricio del Cha\u00f1ar para definir lineamientos y acciones para 2026.<\/p>\n<div>\n<p style=\"line-height: 115%; background: white;\"><span style=\"font-family: 'Arial',sans-serif; color: #222222;\">El ministerio de Turismo, Ambiente y Recursos Naturales, llev\u00f3 adelante la primera reuni\u00f3n del Consejo Regional de Turismo de las regiones Vaca Muerta y Comarca, que se desarroll\u00f3 este mi\u00e9rcoles en el Campus Educativo Tecnol\u00f3gico, de Investigaci\u00f3n e Innovaci\u00f3n de San Patricio del Cha\u00f1ar.<\/span><\/p>\n<p style=\"line-height: 115%; background: white;\"><span style=\"font-family: 'Arial',sans-serif; color: #222222;\">La jornada reuni\u00f3 a representantes de municipios, organismos provinciales, referentes del sector tur\u00edstico y equipos t\u00e9cnicos, como parte del proceso de fortalecimiento de los Consejos Regionales previsto por la Ley Provincial de Turismo N\u00b0 3525.<\/span><\/p>\n<p style=\"line-height: 115%; background: white;\"><span style=\"font-family: 'Arial',sans-serif; color: #222222;\">La apertura estuvo encabezada por el intendente de San Patricio del Cha\u00f1ar, <b>Gonzalo N\u00fa\u00f1ez<\/b>, y el delegado regional de Vaca Muerta, <b>Milton Morales<\/b>,\u00a0quienes dieron la bienvenida a las delegaciones presentes y destacaron la importancia de construir una agenda tur\u00edstica regional que permita potenciar las fortalezas de cada localidad.<\/span><\/p>\n<p style=\"line-height: 115%; background: white;\"><span style=\"font-family: 'Arial',sans-serif; color: #222222;\">Durante el encuentro, desde la subsecretar\u00eda de Turismo se presentaron los principales lineamientos de trabajo para 2026, orientados a fortalecer la planificaci\u00f3n territorial, consolidar productos tur\u00edsticos regionales, mejorar la articulaci\u00f3n entre municipios y promover el desarrollo equilibrado de los destinos.<\/span><\/p>\n<p style=\"line-height: 115%; background: white;\"><span style=\"font-family: 'Arial',sans-serif; color: #222222;\">Por su parte, NeuquenTur expuso el plan de promoci\u00f3n y acciones previsto para este a\u00f1o, con foco en la visibilizaci\u00f3n de las distintas regiones tur\u00edsticas, el acompa\u00f1amiento a eventos, la generaci\u00f3n de contenidos y el fortalecimiento de la presencia de Neuqu\u00e9n en ferias, campa\u00f1as y acciones de posicionamiento.<\/span><\/p>\n<p style=\"line-height: 115%; background: white;\"><span style=\"font-family: 'Arial',sans-serif; color: #222222;\">Tambi\u00e9n se desarroll\u00f3 una presentaci\u00f3n del \u00e1rea de Comunicaci\u00f3n del ministerio de Turismo, Ambiente y Recursos Naturales, donde se compartieron herramientas, criterios de trabajo y propuestas para fortalecer la comunicaci\u00f3n tur\u00edstica de cada localidad, poniendo en valor la identidad regional, los eventos, los atractivos y las experiencias de cada destino.<\/span><\/p>\n<p style=\"line-height: 115%; background: white;\"><span style=\"font-family: 'Arial',sans-serif; color: #222222;\">Luego del espacio de exposiciones, los participantes compartieron una instancia de di\u00e1logo abierto, debate e intercambio de propuestas, donde se abordaron temas vinculados a infraestructura, promoci\u00f3n, conectividad, agenda de eventos, se\u00f1alizaci\u00f3n, comunicaci\u00f3n y oportunidades de articulaci\u00f3n regional.<\/span><\/p>\n<p style=\"line-height: 115%; background: white;\"><span style=\"font-family: 'Arial',sans-serif; color: #222222;\">Los Consejos Regionales de Turismo forman parte de la estrategia provincial para fortalecer la participaci\u00f3n territorial y consolidar un modelo de desarrollo tur\u00edstico basado en el trabajo conjunto entre el sector p\u00fablico y privado.<\/span><\/p>\n<p style=\"line-height: 115%; background: white;\"><span style=\"font-family: 'Arial',sans-serif; color: #222222;\">A trav\u00e9s de estos espacios, la Provincia busca construir pol\u00edticas tur\u00edsticas m\u00e1s integradas, con una mirada regional, reglas claras y mayor protagonismo de los actores locales en la planificaci\u00f3n y promoci\u00f3n de los destinos neuquinos.<\/span><\/p>\n<p style=\"line-height: 115%; background: white;\"><span style=\"font-family: 'Arial',sans-serif; color: #222222;\">El pr\u00f3ximo Consejo Regional de Turismo se realizar\u00e1 el 29 de abril, correspondiente a la regi\u00f3n de Los Pehuenes y se realizar\u00e1 en la localidad de Alumin\u00e9.\u00a0<\/span><\/p>\n<\/p><\/div>\n<p><script type=\"2699d14010a86a3bf5609fe1-text\/javascript\">\n    window.addEventListener('load', () => {\n        if (typeof FB !== 'undefined' && FB.init) {\n            \/\/ La SDK de Facebook est\u00e1 inicializada\n        } else {\n            \/\/ La SDK de Facebook no est\u00e1 inicializada\n            var script = document.createElement('script');\n            script.async = true;\n            script.defer = true;\n            script.crossOrigin = 'anonymous';\n            script.src=\"https:\/\/connect.facebook.net\/es_LA\/sdk.js#xfbml=1&version=v17.0&appId=868452105110858&autoLogAppEvents=1\";\n            script.nonce=\"eBgX2sTe\";\n            document.head.appendChild(script);\n        }\n        \/* FIX YOUTUBE (fix width) *\/\n        var youtubeIframes = document.querySelectorAll('iframe[src*=\"youtube.com\/embed\"]');\n        youtubeIframes.forEach(function(iframe) {\n            var containerWidth = iframe.parentElement.clientWidth || iframe.parentElement.offsetWidth;\n            if(containerWidth && iframe.width > containerWidth){\n                iframe.width = containerWidth;\n                iframe.height = (containerWidth \/ 16) * 9; \/\/ Assuming a 16:9 aspect ratio\n            }\n        });\n    });\n<\/script><\/p>\n","protected":false},"excerpt":{"rendered":"<p>Representantes de municipios, organismos provinciales y actores del sector tur\u00edstico participaron de una jornada de trabajo en San Patricio del Cha\u00f1ar para definir lineamientos y acciones para 2026. El ministerio de Turismo, Ambiente y Recursos Naturales, llev\u00f3 adelante la primera reuni\u00f3n del Consejo Regional de Turismo de las regiones Vaca Muerta y Comarca, que se [&hellip;]<\/p>\n","protected":false},"author":1,"featured_media":14014,"comment_status":"","ping_status":"open","sticky":false,"template":"","format":"standard","meta":{"_monsterinsights_skip_tracking":false,"_monsterinsights_sitenote_active":false,"_monsterinsights_sitenote_note":"","_monsterinsights_sitenote_category":0,"footnotes":"","jetpack_publicize_message":"","jetpack_publicize_feature_enabled":true,"jetpack_social_post_already_shared":true,"jetpack_social_options":{"image_generator_settings":{"template":"highway","default_image_id":0,"font":"","enabled":false},"version":2}},"categories":[4],"tags":[279,591,129,563,874,906,1080,1253,509,562],"class_list":["post-14013","post","type-post","status-publish","format-standard","has-post-thumbnail","hentry","category-regionales","tag-comarca","tag-consejo","tag-las","tag-muerta","tag-primer","tag-realizaron","tag-regional","tag-regiones","tag-turismo","tag-vaca"],"aioseo_notices":[],"jetpack_publicize_connections":[],"amp_enabled":true,"_links":{"self":[{"href":"https:\/\/noticiasdeangostura.com.ar\/index.php?rest_route=\/wp\/v2\/posts\/14013","targetHints":{"allow":["GET"]}}],"collection":[{"href":"https:\/\/noticiasdeangostura.com.ar\/index.php?rest_route=\/wp\/v2\/posts"}],"about":[{"href":"https:\/\/noticiasdeangostura.com.ar\/index.php?rest_route=\/wp\/v2\/types\/post"}],"author":[{"embeddable":true,"href":"https:\/\/noticiasdeangostura.com.ar\/index.php?rest_route=\/wp\/v2\/users\/1"}],"replies":[{"embeddable":true,"href":"https:\/\/noticiasdeangostura.com.ar\/index.php?rest_route=%2Fwp%2Fv2%2Fcomments&post=14013"}],"version-history":[{"count":0,"href":"https:\/\/noticiasdeangostura.com.ar\/index.php?rest_route=\/wp\/v2\/posts\/14013\/revisions"}],"wp:featuredmedia":[{"embeddable":true,"href":"https:\/\/noticiasdeangostura.com.ar\/index.php?rest_route=\/wp\/v2\/media\/14014"}],"wp:attachment":[{"href":"https:\/\/noticiasdeangostura.com.ar\/index.php?rest_route=%2Fwp%2Fv2%2Fmedia&parent=14013"}],"wp:term":[{"taxonomy":"category","embeddable":true,"href":"https:\/\/noticiasdeangostura.com.ar\/index.php?rest_route=%2Fwp%2Fv2%2Fcategories&post=14013"},{"taxonomy":"post_tag","embeddable":true,"href":"https:\/\/noticiasdeangostura.com.ar\/index.php?rest_route=%2Fwp%2Fv2%2Ftags&post=14013"}],"curies":[{"name":"wp","href":"https:\/\/api.w.org\/{rel}","templated":true}]}}