{"id":14015,"date":"2026-04-23T02:34:26","date_gmt":"2026-04-23T05:34:26","guid":{"rendered":"https:\/\/noticiasdeangostura.com.ar\/?p=14015"},"modified":"2026-04-23T02:34:26","modified_gmt":"2026-04-23T05:34:26","slug":"el-trabajo-rionegrino-tambien-se-defiende-en-las-escuelas","status":"publish","type":"post","link":"https:\/\/noticiasdeangostura.com.ar\/?p=14015","title":{"rendered":"El trabajo rionegrino tambi\u00e9n se defiende en las escuelas"},"content":{"rendered":"<p> <br \/>\n<\/p>\n<p>Durante d\u00e9cadas, R\u00edo Negro necesit\u00f3 abrir sus puertas para construir su sistema educativo. Lo hizo, y lo hizo bien. Docentes de todo el pa\u00eds llegaron a una provincia joven, extensa y en formaci\u00f3n, y fueron parte de ese proceso. Ese aporte es innegable y merece reconocimiento.<\/p>\n<p>Pero ese tiempo ya pas\u00f3.<\/p>\n<p>Hoy la provincia forma a sus propios docentes. Tiene institutos, universidades, carreras consolidadas y cientos de egresados cada a\u00f1o. Y, sin embargo, esos j\u00f3venes profesionales se encuentran con una paradoja dif\u00edcil de justificar: no logran acceder a cargos en su propia provincia porque compiten en desventaja frente a trayectorias construidas en otros sistemas.<\/p>\n<p>Ah\u00ed es donde nuestro proyecto de ley de arraigo propone algo tan simple como razonable: reconocer a quienes se formaron y viven en la provincia.<\/p>\n<p>Nuestro proyecto lo traduce en un sistema de puntaje que prioriza la residencia y la antig\u00fcedad dentro del sistema educativo provincial. Un mecanismo transparente, medible y perfectamente compatible con el m\u00e9rito y la capacidad. No excluye a nadie, pero corrige una desventaja evidente.<\/p>\n<p>Adem\u00e1s, incorpora un componente clave como es el reconocimiento del trabajo en zonas rurales e inh\u00f3spitas. All\u00ed donde hoy la rotaci\u00f3n docente es alta y la continuidad educativa se resiente, la ley propone transformar ese esfuerzo en ventajas a la hora de construir una carrera. No alcanza con compensar econ\u00f3micamente, hay que incentivar la permanencia.<\/p>\n<p>No se trata de cerrar el sistema ni de levantar barreras. Se trata de ordenar un criterio que hoy est\u00e1 ausente. Porque no es lo mismo quien elige vivir, formarse y proyectar su vida en R\u00edo Negro que quien llega circunstancialmente. No es lo mismo para la comunidad educativa, ni para la continuidad pedag\u00f3gica, ni para la construcci\u00f3n de identidad en cada escuela.<\/p>\n<p>Algunos dir\u00e1n que esto atenta contra el principio de igualdad. En realidad, hace exactamente lo contrario, corrigiendo una desigualdad de hecho. Porque cuando se aplican reglas \u201cneutrales\u201d en contextos desiguales, el resultado es siempre que los que tienen m\u00e1s recorrido previo \u2014aunque sea en otra jurisdicci\u00f3n\u2014 desplazan a los que reci\u00e9n empiezan en la propia.<\/p>\n<p>Este proyecto tambi\u00e9n es coherente con las pol\u00edticas de defensa del trabajo local con las que viene avanzando la provincia. Lo hizo al priorizar la mano de obra rionegrina en grandes obras de infraestructura. Lo hizo al promover el compre provincial en contrataciones p\u00fablicas. Lo hizo al incentivar el desarrollo de empresas radicadas en el territorio.<\/p>\n<p>La pregunta es obvia: \u00bfpor qu\u00e9 no hacer lo mismo en educaci\u00f3n?<\/p>\n<p>Si entendemos que el desarrollo se construye fortaleciendo lo propio, no hay raz\u00f3n para que los docentes \u2014que son, en definitiva, quienes forman el capital humano de la provincia\u2014 queden afuera de esa l\u00f3gica. Defender el trabajo rionegrino no puede ser selectivo.<\/p>\n<p>Porque la calidad educativa no depende solo de contenidos o programas. Depende tambi\u00e9n de la estabilidad, del v\u00ednculo con las familias, del conocimiento de la realidad local. Y eso se construye con tiempo, con permanencia, con compromiso.<\/p>\n<p>En tiempos donde tantas decisiones empujan a irse, fomentar el arraigo docente no es solo una pol\u00edtica educativa. Es una definici\u00f3n de futuro.<\/p>\n<p>*Legislador provincial (PRO-Uni\u00f3n Republicana)<\/p>\n","protected":false},"excerpt":{"rendered":"<p>Durante d\u00e9cadas, R\u00edo Negro necesit\u00f3 abrir sus puertas para construir su sistema educativo. Lo hizo, y lo hizo bien. Docentes de todo el pa\u00eds llegaron a una provincia joven, extensa y en formaci\u00f3n, y fueron parte de ese proceso. Ese aporte es innegable y merece reconocimiento. Pero ese tiempo ya pas\u00f3. Hoy la provincia forma [&hellip;]<\/p>\n","protected":false},"author":1,"featured_media":14016,"comment_status":"","ping_status":"open","sticky":false,"template":"","format":"standard","meta":{"_monsterinsights_skip_tracking":false,"_monsterinsights_sitenote_active":false,"_monsterinsights_sitenote_note":"","_monsterinsights_sitenote_category":0,"footnotes":"","jetpack_publicize_message":"","jetpack_publicize_feature_enabled":true,"jetpack_social_post_already_shared":true,"jetpack_social_options":{"image_generator_settings":{"template":"highway","default_image_id":0,"font":"","enabled":false},"version":2}},"categories":[5],"tags":[],"class_list":["post-14015","post","type-post","status-publish","format-standard","has-post-thumbnail","hentry","category-politica"],"aioseo_notices":[],"jetpack_publicize_connections":[],"amp_enabled":true,"_links":{"self":[{"href":"https:\/\/noticiasdeangostura.com.ar\/index.php?rest_route=\/wp\/v2\/posts\/14015","targetHints":{"allow":["GET"]}}],"collection":[{"href":"https:\/\/noticiasdeangostura.com.ar\/index.php?rest_route=\/wp\/v2\/posts"}],"about":[{"href":"https:\/\/noticiasdeangostura.com.ar\/index.php?rest_route=\/wp\/v2\/types\/post"}],"author":[{"embeddable":true,"href":"https:\/\/noticiasdeangostura.com.ar\/index.php?rest_route=\/wp\/v2\/users\/1"}],"replies":[{"embeddable":true,"href":"https:\/\/noticiasdeangostura.com.ar\/index.php?rest_route=%2Fwp%2Fv2%2Fcomments&post=14015"}],"version-history":[{"count":0,"href":"https:\/\/noticiasdeangostura.com.ar\/index.php?rest_route=\/wp\/v2\/posts\/14015\/revisions"}],"wp:featuredmedia":[{"embeddable":true,"href":"https:\/\/noticiasdeangostura.com.ar\/index.php?rest_route=\/wp\/v2\/media\/14016"}],"wp:attachment":[{"href":"https:\/\/noticiasdeangostura.com.ar\/index.php?rest_route=%2Fwp%2Fv2%2Fmedia&parent=14015"}],"wp:term":[{"taxonomy":"category","embeddable":true,"href":"https:\/\/noticiasdeangostura.com.ar\/index.php?rest_route=%2Fwp%2Fv2%2Fcategories&post=14015"},{"taxonomy":"post_tag","embeddable":true,"href":"https:\/\/noticiasdeangostura.com.ar\/index.php?rest_route=%2Fwp%2Fv2%2Ftags&post=14015"}],"curies":[{"name":"wp","href":"https:\/\/api.w.org\/{rel}","templated":true}]}}