{"id":14025,"date":"2026-04-23T03:50:17","date_gmt":"2026-04-23T06:50:17","guid":{"rendered":"https:\/\/noticiasdeangostura.com.ar\/?p=14025"},"modified":"2026-04-23T03:50:17","modified_gmt":"2026-04-23T06:50:17","slug":"la-radio-en-la-plaza-nueva-propuesta-comunitaria-para-promover-inclusion-y-participacion","status":"publish","type":"post","link":"https:\/\/noticiasdeangostura.com.ar\/?p=14025","title":{"rendered":"La radio en la plaza: nueva propuesta comunitaria para promover inclusi\u00f3n y participaci\u00f3n"},"content":{"rendered":"<p> <br \/>\n<br \/><\/p>\n<p>A partir de esta semana, y todos los jueves, se realizar\u00e1 una radio abierta comunitaria en el barrio R\u00edo Grande, de la ciudad de Neuqu\u00e9n, en la que se abordar\u00e1n temas vinculados a la salud mental y distintas problem\u00e1ticas sociales.<\/p>\n<div>\n<p>Con el objetivo de brindar un espacio de participaci\u00f3n, el jueves 23 de abril, a las 10, comenzar\u00e1 \u201cLa radio en la plaza\u201d, una propuesta de radio abierta comunitaria que tendr\u00e1 lugar todos los jueves en la Plaza Renacer, ubicada en barrio R\u00edo Grande (Mart\u00edn Fierro y San Marino). La actividad es organizada por el Dispositivo de Inclusi\u00f3n Habitacional (DIH) \u201cAna Mar\u00eda Firman\u201d, en articulaci\u00f3n con la secretar\u00eda de Cultura, como parte de sus talleres culturales.<\/p>\n<p>La iniciativa busca generar un espacio grupal de encuentro, participaci\u00f3n y expresi\u00f3n, abierto tanto a las personas que integran el dispositivo como a vecinas y vecinos del sector.<\/p>\n<p>A trav\u00e9s del formato de radio comunitaria, se abordar\u00e1n temas vinculados a la salud mental y distintas problem\u00e1ticas sociales, fortaleciendo el v\u00ednculo con la comunidad y promoviendo la circulaci\u00f3n de informaci\u00f3n de inter\u00e9s colectivo.<\/p>\n<p>Los Dispositivos de Inclusi\u00f3n Habitacional (DIH), que dependen del ministerio de Salud, forman parte de una pol\u00edtica p\u00fablica integral de salud mental orientada al acompa\u00f1amiento de personas con padecimientos subjetivos y\/o situaciones de consumo problem\u00e1tico. Se trata de viviendas convivenciales que promueven la autonom\u00eda, el fortalecimiento de v\u00ednculos y la construcci\u00f3n de proyectos de vida en comunidad.<\/p>\n<p>Con esta propuesta, se contin\u00faan impulsando acciones que favorecen la integraci\u00f3n comunitaria, la participaci\u00f3n ciudadana y la construcci\u00f3n de redes barriales desde una perspectiva de derechos.<\/p>\n<\/p><\/div>\n<p><script type=\"8f232cb9d3ec65a3f8799bec-text\/javascript\">\n    window.addEventListener('load', () => {\n        if (typeof FB !== 'undefined' && FB.init) {\n            \/\/ La SDK de Facebook est\u00e1 inicializada\n        } else {\n            \/\/ La SDK de Facebook no est\u00e1 inicializada\n            var script = document.createElement('script');\n            script.async = true;\n            script.defer = true;\n            script.crossOrigin = 'anonymous';\n            script.src=\"https:\/\/connect.facebook.net\/es_LA\/sdk.js#xfbml=1&version=v17.0&appId=868452105110858&autoLogAppEvents=1\";\n            script.nonce=\"eBgX2sTe\";\n            document.head.appendChild(script);\n        }\n        \/* FIX YOUTUBE (fix width) *\/\n        var youtubeIframes = document.querySelectorAll('iframe[src*=\"youtube.com\/embed\"]');\n        youtubeIframes.forEach(function(iframe) {\n            var containerWidth = iframe.parentElement.clientWidth || iframe.parentElement.offsetWidth;\n            if(containerWidth && iframe.width > containerWidth){\n                iframe.width = containerWidth;\n                iframe.height = (containerWidth \/ 16) * 9; \/\/ Assuming a 16:9 aspect ratio\n            }\n        });\n    });\n<\/script><\/p>\n","protected":false},"excerpt":{"rendered":"<p>A partir de esta semana, y todos los jueves, se realizar\u00e1 una radio abierta comunitaria en el barrio R\u00edo Grande, de la ciudad de Neuqu\u00e9n, en la que se abordar\u00e1n temas vinculados a la salud mental y distintas problem\u00e1ticas sociales. Con el objetivo de brindar un espacio de participaci\u00f3n, el jueves 23 de abril, a [&hellip;]<\/p>\n","protected":false},"author":1,"featured_media":14026,"comment_status":"","ping_status":"open","sticky":false,"template":"","format":"standard","meta":{"_monsterinsights_skip_tracking":false,"_monsterinsights_sitenote_active":false,"_monsterinsights_sitenote_note":"","_monsterinsights_sitenote_category":0,"footnotes":"","jetpack_publicize_message":"","jetpack_publicize_feature_enabled":true,"jetpack_social_post_already_shared":true,"jetpack_social_options":{"image_generator_settings":{"template":"highway","default_image_id":0,"font":"","enabled":false},"version":2}},"categories":[4],"tags":[1598,1258,360,50,1143,577,2392,1134,2391],"class_list":["post-14025","post","type-post","status-publish","format-standard","has-post-thumbnail","hentry","category-regionales","tag-comunitaria","tag-inclusion","tag-nueva","tag-para","tag-participacion","tag-plaza","tag-promover","tag-propuesta","tag-radio"],"aioseo_notices":[],"jetpack_publicize_connections":[],"amp_enabled":true,"_links":{"self":[{"href":"https:\/\/noticiasdeangostura.com.ar\/index.php?rest_route=\/wp\/v2\/posts\/14025","targetHints":{"allow":["GET"]}}],"collection":[{"href":"https:\/\/noticiasdeangostura.com.ar\/index.php?rest_route=\/wp\/v2\/posts"}],"about":[{"href":"https:\/\/noticiasdeangostura.com.ar\/index.php?rest_route=\/wp\/v2\/types\/post"}],"author":[{"embeddable":true,"href":"https:\/\/noticiasdeangostura.com.ar\/index.php?rest_route=\/wp\/v2\/users\/1"}],"replies":[{"embeddable":true,"href":"https:\/\/noticiasdeangostura.com.ar\/index.php?rest_route=%2Fwp%2Fv2%2Fcomments&post=14025"}],"version-history":[{"count":0,"href":"https:\/\/noticiasdeangostura.com.ar\/index.php?rest_route=\/wp\/v2\/posts\/14025\/revisions"}],"wp:featuredmedia":[{"embeddable":true,"href":"https:\/\/noticiasdeangostura.com.ar\/index.php?rest_route=\/wp\/v2\/media\/14026"}],"wp:attachment":[{"href":"https:\/\/noticiasdeangostura.com.ar\/index.php?rest_route=%2Fwp%2Fv2%2Fmedia&parent=14025"}],"wp:term":[{"taxonomy":"category","embeddable":true,"href":"https:\/\/noticiasdeangostura.com.ar\/index.php?rest_route=%2Fwp%2Fv2%2Fcategories&post=14025"},{"taxonomy":"post_tag","embeddable":true,"href":"https:\/\/noticiasdeangostura.com.ar\/index.php?rest_route=%2Fwp%2Fv2%2Ftags&post=14025"}],"curies":[{"name":"wp","href":"https:\/\/api.w.org\/{rel}","templated":true}]}}