{"id":14031,"date":"2026-04-23T04:43:48","date_gmt":"2026-04-23T07:43:48","guid":{"rendered":"https:\/\/noticiasdeangostura.com.ar\/?p=14031"},"modified":"2026-04-23T04:43:48","modified_gmt":"2026-04-23T07:43:48","slug":"papelon-el-gobierno-cuestiono-la-ausencia-de-victoria-villarruel-en-la-misa-de-la-que-participaron-adorni-santilli-y-menem","status":"publish","type":"post","link":"https:\/\/noticiasdeangostura.com.ar\/?p=14031","title":{"rendered":"\u00abPapel\u00f3n\u00bb: el Gobierno cuestion\u00f3 la ausencia de Victoria Villarruel en la misa de la que participaron Adorni, Santilli y Menem"},"content":{"rendered":"<p> <br \/>\n<br \/><\/p>\n<p>\t\t\t\t\t\tLa vicepresidenta Victoria Villarruel decidi\u00f3 no asistir a la misa que se realiz\u00f3 en la Bas\u00edlica de Luj\u00e1n para conmemorar el primer a\u00f1o del fallecimiento del Papa Francisco, y desde la Casa Rosada consideraron que su actitud fue \u00abun papel\u00f3n\u201d.    La ceremonia, realizada el pasado 21 de abril, cont\u00f3 con la presencia de referentes oficialistas y opositores, pero Villarruel no fue, aunque hab\u00eda confirmado su participaci\u00f3n. Seg\u00fan la Agencia Noticias Argentinas (NA), en el entorno del presidente Javier Milei calificaron esta ausencia como \u00abun papel\u00f3n\u00bb y como un intento de mandar \u201cun mensaje medi\u00e1tico\u201d mientras aumenta la tensi\u00f3n entre la vicepresidenta y el n\u00facleo m\u00e1s duro de La Libertad Avanza (LLA).        Mart\u00edn Menem y Manuel Adorni en la misa de Luj\u00e1n en homenaje al Papa Francisco        Ese d\u00eda, Villarruel fue a la Bas\u00edlica Mar\u00eda Auxiliadora y San Carlos del barrio porte\u00f1o de Almagro, donde Jorge Bergoglio fue bautizado, y habl\u00f3 con los medios que la esperaban, explicando que su ausencia en la Bas\u00edlica de Luj\u00e1n en la decisi\u00f3n de no juntarse con \u00ablo peor de la casa pol\u00edtica\u00bb.<\/p>\n<p>        Esto no les gusta a los autoritarios<\/p>\n<p>                El ejercicio del periodismo profesional y cr\u00edtico es un pilar fundamental de la democracia. Por eso molesta a quienes creen ser los due\u00f1os de la verdad.<\/p>\n<p>    \u201cVine ac\u00e1 que es el lugar donde el Papa fue bautizado, donde se hizo hijo de Dios. La ceremonia ten\u00eda un contenido que era el recuerdo al Papa; (Luj\u00e1n) era una ceremonia donde estaba lo peor de la casta pol\u00edtica. Yo en eso soy coherente con mis creencias\u201d, afirm\u00f3.    Y agreg\u00f3: \u201cSoy cat\u00f3lica, vengo a misa y quiero estar entre mis compatriotas. Como el 2 de abril, me parece que la pol\u00edtica se mete en fechas que son de la gente. Yo prefiero estar con la gente, con otros argentinos\u201d.    \u00ab\u00bfCu\u00e1nto es lo correcto? \u00bfcu\u00e1nto queda bien?\u00bb: Manuel Adorni frente al diezmo y la velocidad meme argentina    En la misa oficial de Luj\u00e1n, en honor al Papa Francisco, estuvieron presentes cuatro figuras destacadas del oficialismo: el jefe de Gabinete, Manuel Adorni; el ministro de Interior, Diego Santilli; el titular de la C\u00e1mara de Diputados, Mart\u00edn Menem; y el presidente provisional del Senado, Bartolom\u00e9 Abdala.    Tambi\u00e9n se encontraban en el lugar, el gobernador de la provincia de Buenos Aires, Axel Kicillof; el senador Eduardo de Pedro; y los intendentes Gustavo Men\u00e9ndez (Merlo), ariel Fern\u00e1ndez (Moreno) y Federico Oterm\u00edn.        Misa del Papa Francisco de la que participaron referentes del oficialismo y de la oposici\u00f3n            El ataque de Javier Milei contra Victoria Villarruel    El presidente Javier Milei habl\u00f3 el 5 de abril con el portal espa\u00f1ol El Debate, apuntando contra Victoria Villarruel. El mandatario comenz\u00f3 diciendo: \u201cA la luz de su comportamiento, no me sorprende que haya intentado que me cancelaran; lo que s\u00ed me sorprende es que estas cosas ella ya las ven\u00eda craneando (sic) desde que entramos al Congreso\u201d.    A un a\u00f1o de la muerte del Papa Francisco, Luj\u00e1n reuni\u00f3 a la dirigencia pol\u00edtica en una misa masiva    La principal figura de LLA vincul\u00f3 lo ocurrido con lo que pas\u00f3 en el Pacto de Mayo, se\u00f1alando que la vicepresidenta falt\u00f3 durante la firma, supuestamente por estar engripada. \u201cDijo que no iba porque se sent\u00eda mal, pero al d\u00eda siguiente estaba espl\u00e9ndida en el desfile\u201d, ironiz\u00f3 Milei.    Y asegur\u00f3 que, luego de ese episodio, la vicepresidenta \u201cse empez\u00f3 a juntar con gente verdaderamente complicada\u201d, recordando que lleg\u00f3 a rendirle \u00abtributo a Isabel Per\u00f3n\u201d, al inaugurar un busto en honor de la exmandataria en la C\u00e1mara Alta.        HM\/DCQ  <\/p>\n","protected":false},"excerpt":{"rendered":"<p>La vicepresidenta Victoria Villarruel decidi\u00f3 no asistir a la misa que se realiz\u00f3 en la Bas\u00edlica de Luj\u00e1n para conmemorar el primer a\u00f1o del fallecimiento del Papa Francisco, y desde la Casa Rosada consideraron que su actitud fue \u00abun papel\u00f3n\u201d. La ceremonia, realizada el pasado 21 de abril, cont\u00f3 con la presencia de referentes oficialistas [&hellip;]<\/p>\n","protected":false},"author":1,"featured_media":14032,"comment_status":"","ping_status":"open","sticky":false,"template":"","format":"standard","meta":{"_monsterinsights_skip_tracking":false,"_monsterinsights_sitenote_active":false,"_monsterinsights_sitenote_note":"","_monsterinsights_sitenote_category":0,"footnotes":"","jetpack_publicize_message":"","jetpack_publicize_feature_enabled":true,"jetpack_social_post_already_shared":true,"jetpack_social_options":{"image_generator_settings":{"template":"highway","default_image_id":0,"font":"","enabled":false},"version":2}},"categories":[11],"tags":[],"class_list":["post-14031","post","type-post","status-publish","format-standard","has-post-thumbnail","hentry","category-actualidad"],"aioseo_notices":[],"jetpack_publicize_connections":[],"amp_enabled":true,"_links":{"self":[{"href":"https:\/\/noticiasdeangostura.com.ar\/index.php?rest_route=\/wp\/v2\/posts\/14031","targetHints":{"allow":["GET"]}}],"collection":[{"href":"https:\/\/noticiasdeangostura.com.ar\/index.php?rest_route=\/wp\/v2\/posts"}],"about":[{"href":"https:\/\/noticiasdeangostura.com.ar\/index.php?rest_route=\/wp\/v2\/types\/post"}],"author":[{"embeddable":true,"href":"https:\/\/noticiasdeangostura.com.ar\/index.php?rest_route=\/wp\/v2\/users\/1"}],"replies":[{"embeddable":true,"href":"https:\/\/noticiasdeangostura.com.ar\/index.php?rest_route=%2Fwp%2Fv2%2Fcomments&post=14031"}],"version-history":[{"count":0,"href":"https:\/\/noticiasdeangostura.com.ar\/index.php?rest_route=\/wp\/v2\/posts\/14031\/revisions"}],"wp:featuredmedia":[{"embeddable":true,"href":"https:\/\/noticiasdeangostura.com.ar\/index.php?rest_route=\/wp\/v2\/media\/14032"}],"wp:attachment":[{"href":"https:\/\/noticiasdeangostura.com.ar\/index.php?rest_route=%2Fwp%2Fv2%2Fmedia&parent=14031"}],"wp:term":[{"taxonomy":"category","embeddable":true,"href":"https:\/\/noticiasdeangostura.com.ar\/index.php?rest_route=%2Fwp%2Fv2%2Fcategories&post=14031"},{"taxonomy":"post_tag","embeddable":true,"href":"https:\/\/noticiasdeangostura.com.ar\/index.php?rest_route=%2Fwp%2Fv2%2Ftags&post=14031"}],"curies":[{"name":"wp","href":"https:\/\/api.w.org\/{rel}","templated":true}]}}