{"id":14035,"date":"2026-04-23T04:55:33","date_gmt":"2026-04-23T07:55:33","guid":{"rendered":"https:\/\/noticiasdeangostura.com.ar\/?p=14035"},"modified":"2026-04-23T04:55:33","modified_gmt":"2026-04-23T07:55:33","slug":"buscan-crear-un-regimen-jubilatorio-especial-para-personas-con-discapacidad-en-el-sector-publico","status":"publish","type":"post","link":"https:\/\/noticiasdeangostura.com.ar\/?p=14035","title":{"rendered":"Buscan crear un r\u00e9gimen jubilatorio especial para personas con discapacidad en el sector p\u00fablico"},"content":{"rendered":"<p> <br \/>\n<br \/><\/p>\n<p>El proyecto impulsado por judiciales y la diputada M\u00f3nica Guanque avanz\u00f3 en la Legislatura y ser\u00e1 tratado en comisi\u00f3n. Apunta a establecer condiciones previsionales diferenciadas para trabajadores con discapacidad.<\/p>\n<div>\n<p>Un proyecto de ley que propone la creaci\u00f3n de un r\u00e9gimen jubilatorio especial para personas con discapacidad en Neuqu\u00e9n comenz\u00f3 a avanzar en la Legislatura provincial, tras obtener tratamiento en comisi\u00f3n este mi\u00e9rcoles 22 de abril.<\/p>\n<p>La iniciativa fue impulsada por el Sindicato de Empleados Judiciales de Neuqu\u00e9n y presentada por la diputada <span class=\"hover:entity-accent entity-underline inline cursor-pointer align-baseline\"><span class=\"whitespace-normal\">M\u00f3nica Guanque<\/span><\/span>, con el objetivo de establecer condiciones previsionales diferenciadas para trabajadores y trabajadoras con discapacidad que se desempe\u00f1an en el \u00e1mbito p\u00fablico.<\/p>\n<p class=\"noEditable noticia-relacionada\" data-id=\"331980\"><ampiframe src=\"https:\/\/www.noticiasnqn.com.ar\/api\/noticias\/331980\/relacionadas?amp=1\" layout=\"fixed-height\" sandbox=\"allow-top-navigation allow-top-navigation-by-user-activation allow-scripts \" height=\"100px\"> <b placeholder=\"\">Lee tambi\u00e9n: Camionero de Villa La Angostura dio positivo en alcoholemia y asegura que no consume alcohol<\/b> <\/ampiframe><\/p>\n<h3>Avanza el proyecto de jubilaci\u00f3n especial en la Legislatura<\/h3>\n<p>Durante la sesi\u00f3n, se aprob\u00f3 el tratamiento del proyecto en la comisi\u00f3n de Legislaci\u00f3n del Trabajo y Asuntos Constitucionales (Comisi\u00f3n I), lo que habilita su an\u00e1lisis formal dentro del \u00e1mbito legislativo.<\/p>\n<p>La diputada Guanque solicit\u00f3 adem\u00e1s el tratamiento preferencial de la iniciativa, que hab\u00eda sido presentada a fines de diciembre de 2025 y no hab\u00eda avanzado hasta el momento por cuestiones administrativas.<\/p>\n<h3>Un r\u00e9gimen diferencial para trabajadores con discapacidad<\/h3>\n<p>El eje central del proyecto es reconocer las particularidades que atraviesan las personas con discapacidad en el \u00e1mbito laboral, mediante un esquema previsional adaptado a sus condiciones.<\/p>\n<p>La propuesta busca garantizar un acceso m\u00e1s justo a la jubilaci\u00f3n, contemplando situaciones espec\u00edficas que pueden incidir en la trayectoria laboral de este colectivo.<\/p>\n<p class=\"noEditable noticia-relacionada\" data-id=\"331959\"><ampiframe src=\"https:\/\/www.noticiasnqn.com.ar\/api\/noticias\/331959\/relacionadas?amp=1\" layout=\"fixed-height\" sandbox=\"allow-top-navigation allow-top-navigation-by-user-activation allow-scripts \" height=\"100px\"> <b placeholder=\"\">Lee tambi\u00e9n: Qui\u00e9n es Lucas Forastieri, el trader detenido tras una denuncia por presunta estafa y promesas de inversiones millonarias<\/b> <\/ampiframe><\/p>\n<h3>Participaci\u00f3n del gremio judicial y trabajadores<\/h3>\n<p>De la jornada participaron representantes del Sindicato de Empleados Judiciales de Neuqu\u00e9n, junto a delegados, jubilados y trabajadores con discapacidad del Poder Judicial.<\/p>\n<p>El acompa\u00f1amiento del gremio fue clave en el impulso de la iniciativa, que surgi\u00f3 como respuesta a una demanda hist\u00f3rica del sector.<\/p>\n<p class=\"noEditable noticia-relacionada\" data-id=\"331974\"><ampiframe src=\"https:\/\/www.noticiasnqn.com.ar\/api\/noticias\/331974\/relacionadas?amp=1\" layout=\"fixed-height\" sandbox=\"allow-top-navigation allow-top-navigation-by-user-activation allow-scripts \" height=\"100px\"> <b placeholder=\"\">Lee tambi\u00e9n: Detuvieron a un hombre con pedido de captura durante un patrullaje policial<\/b> <\/ampiframe><\/p>\n<h3>Qui\u00e9nes integran la comisi\u00f3n que tratar\u00e1 el proyecto<\/h3>\n<p>La Comisi\u00f3n I est\u00e1 integrada por legisladores de distintos espacios pol\u00edticos, entre ellos su presidente <span class=\"hover:entity-accent entity-underline inline cursor-pointer align-baseline\"><span class=\"whitespace-normal\">Francisco Lepore<\/span><\/span> y la secretaria <span class=\"hover:entity-accent entity-underline inline cursor-pointer align-baseline\"><span class=\"whitespace-normal\">Cielubi Obreque<\/span><\/span>, junto a diputados y diputadas como Luz R\u00edos, Yamila Hermosilla, Ernesto Novoa, Claudio Dom\u00ednguez, Patricia Fern\u00e1ndez, Brenda Buchiniz, Dami\u00e1n Canuto, Mar\u00eda Parrilli, Tom\u00e1s Blanco, Giselle Stilger, C\u00e9sar Gass y <span class=\"hover:entity-accent entity-underline inline cursor-pointer align-baseline\"><span class=\"whitespace-normal\">Carina Riccomini<\/span><\/span>.<\/p>\n<\/p><\/div>\n","protected":false},"excerpt":{"rendered":"<p>El proyecto impulsado por judiciales y la diputada M\u00f3nica Guanque avanz\u00f3 en la Legislatura y ser\u00e1 tratado en comisi\u00f3n. Apunta a establecer condiciones previsionales diferenciadas para trabajadores con discapacidad. Un proyecto de ley que propone la creaci\u00f3n de un r\u00e9gimen jubilatorio especial para personas con discapacidad en Neuqu\u00e9n comenz\u00f3 a avanzar en la Legislatura provincial, [&hellip;]<\/p>\n","protected":false},"author":1,"featured_media":14036,"comment_status":"","ping_status":"open","sticky":false,"template":"","format":"standard","meta":{"_monsterinsights_skip_tracking":false,"_monsterinsights_sitenote_active":false,"_monsterinsights_sitenote_note":"","_monsterinsights_sitenote_category":0,"footnotes":"","jetpack_publicize_message":"","jetpack_publicize_feature_enabled":true,"jetpack_social_post_already_shared":true,"jetpack_social_options":{"image_generator_settings":{"template":"highway","default_image_id":0,"font":"","enabled":false},"version":2}},"categories":[1],"tags":[],"class_list":["post-14035","post","type-post","status-publish","format-standard","has-post-thumbnail","hentry","category-ultimas-noticias"],"aioseo_notices":[],"jetpack_publicize_connections":[],"amp_enabled":true,"_links":{"self":[{"href":"https:\/\/noticiasdeangostura.com.ar\/index.php?rest_route=\/wp\/v2\/posts\/14035","targetHints":{"allow":["GET"]}}],"collection":[{"href":"https:\/\/noticiasdeangostura.com.ar\/index.php?rest_route=\/wp\/v2\/posts"}],"about":[{"href":"https:\/\/noticiasdeangostura.com.ar\/index.php?rest_route=\/wp\/v2\/types\/post"}],"author":[{"embeddable":true,"href":"https:\/\/noticiasdeangostura.com.ar\/index.php?rest_route=\/wp\/v2\/users\/1"}],"replies":[{"embeddable":true,"href":"https:\/\/noticiasdeangostura.com.ar\/index.php?rest_route=%2Fwp%2Fv2%2Fcomments&post=14035"}],"version-history":[{"count":0,"href":"https:\/\/noticiasdeangostura.com.ar\/index.php?rest_route=\/wp\/v2\/posts\/14035\/revisions"}],"wp:featuredmedia":[{"embeddable":true,"href":"https:\/\/noticiasdeangostura.com.ar\/index.php?rest_route=\/wp\/v2\/media\/14036"}],"wp:attachment":[{"href":"https:\/\/noticiasdeangostura.com.ar\/index.php?rest_route=%2Fwp%2Fv2%2Fmedia&parent=14035"}],"wp:term":[{"taxonomy":"category","embeddable":true,"href":"https:\/\/noticiasdeangostura.com.ar\/index.php?rest_route=%2Fwp%2Fv2%2Fcategories&post=14035"},{"taxonomy":"post_tag","embeddable":true,"href":"https:\/\/noticiasdeangostura.com.ar\/index.php?rest_route=%2Fwp%2Fv2%2Ftags&post=14035"}],"curies":[{"name":"wp","href":"https:\/\/api.w.org\/{rel}","templated":true}]}}