{"id":14038,"date":"2026-04-23T05:51:52","date_gmt":"2026-04-23T08:51:52","guid":{"rendered":"https:\/\/noticiasdeangostura.com.ar\/?p=14038"},"modified":"2026-04-23T05:51:52","modified_gmt":"2026-04-23T08:51:52","slug":"enbhiga-puso-en-valor-la-gastronomia-local-y-el-trabajo-colaborativo","status":"publish","type":"post","link":"https:\/\/noticiasdeangostura.com.ar\/?p=14038","title":{"rendered":"Enbhiga puso en valor la gastronom\u00eda local y el trabajo colaborativo"},"content":{"rendered":"<p> <br \/>\n<br \/><\/p>\n<p>La traves\u00eda gastron\u00f3mica internacional hizo escala en Villa El Choc\u00f3n con actividades junto a estudiantes, emprendedores y referentes del sector, en una jornada centrada en la cocina como puente cultural y tur\u00edstico.<\/p>\n<div>\n<p>Villa El Choc\u00f3n fue escenario de una nueva etapa de Enbhiga 2026, el encuentro gastron\u00f3mico internacional que recorre la Patagonia promoviendo la integraci\u00f3n entre cocina, turismo y cultura.<\/p>\n<p>La jornada reuni\u00f3 a cocineros, estudiantes, emprendedores y referentes del sector, quienes participaron de charlas, intervenciones gastron\u00f3micas y espacios de intercambio de saberes, con eje en la cocina ancestral y la identidad regional.<\/p>\n<p>La directora de Turismo de Villa El Choc\u00f3n, <strong>Adriana Galarza<\/strong>, destac\u00f3 la articulaci\u00f3n local y el rol de la formaci\u00f3n gastron\u00f3mica. Al respecto manifest\u00f3 que en la localidad \u201c<em>funciona la tecnicatura superior en Gastronom\u00eda, y es desde ah\u00ed donde nos vinculamos a trav\u00e9s de los alumnos y de la propuesta de Enbhiga para fortalecer el patrimonio y dar soporte a nuestro destino emergente a trav\u00e9s de la gastronom\u00eda, como un lenguaje de expresi\u00f3n de nuestro pueblo\u201d.<\/em><\/p>\n<p>En ese sentido, remarc\u00f3 el car\u00e1cter colectivo de la propuesta:\u00a0<em>\u201cFue un encuentro entre emprendedores, establecimientos hoteleros y restaurantes de Centenario, Neuqu\u00e9n capital y Cipolletti, donde pudimos aprender, compartir saberes y participar de intervenciones gastron\u00f3micas y charlas\u201d.<\/em><\/p>\n<p>Asimismo, Galarza subray\u00f3 la proyecci\u00f3n del trabajo conjunto, al expresar que <em>\u201cla idea es sembrar un estilo de trabajo colaborativo, priorizando el objetivo del proyecto y poniendo en valor la gastronom\u00eda neuquina, relacion\u00e1ndola con la latinoamericana\u201d.<\/em><\/p>\n<p>Por su parte, el presidente de Enbhiga, <strong>Carlos Snaimon<\/strong>, consider\u00f3 el trayecto realizado e indic\u00f3 que \u201c<em>es un \u00e9xito. Estamos en la mitad del recorrido de ENBHIGA 2026, que comenz\u00f3 en Curarrehue, pas\u00f3 por Jun\u00edn de los Andes, Neuqu\u00e9n, Cipolletti, y hoy nos encuentra en Villa El Choc\u00f3n\u201d.<\/em><\/p>\n<p>El referente defini\u00f3 el esp\u00edritu del encuentro y destac\u00f3 que <em>\u201cEnbhiga es una experiencia emocional que genera puentes entre la comunicaci\u00f3n, la gastronom\u00eda y el turismo. Es un espacio de encuentro, de compartir y de aprender uno del otro\u201d.<\/em><\/p>\n<p>En relaci\u00f3n al car\u00e1cter integrador del proyecto, agreg\u00f3 que <em>\u201cla cordillera, lejos de ser un l\u00edmite, nos une. Eso es lo que estamos viviendo en cada parada de esta traves\u00eda\u201d.<\/em><\/p>\n<p>Desde el \u00e1mbito educativo, la estudiante <strong>Jimena Sep\u00falveda<\/strong> resalt\u00f3 la experiencia formativa:\u00a0<em>\u201cLa tecnicatura en Gastronom\u00eda apunta a poner en valor nuestros productos y fusionarlos con el turismo, para que quienes visitan Villa El Choc\u00f3n vivan una experiencia completa\u201d.<\/em><\/p>\n<p>En esa l\u00ednea, destac\u00f3 el impacto del encuentro:\u00a0<em>\u201cEs fundamental proyectarse hacia el futuro. La gastronom\u00eda, combinada con el turismo, es un boom. Me llevo una experiencia inolvidable\u201d. <\/em>Tambi\u00e9n subray\u00f3 los aprendizajes adquiridos:\u00a0<em>\u201cEl conocimiento que nos brindaron los cocineros, especialmente los peruanos, me encant\u00f3. Me impact\u00f3 c\u00f3mo se puede proyectar el arte en un plato\u201d.<\/em><\/p>\n<p>El cocinero peruano <strong>David S\u00e1nchez<\/strong> puso el acento en el concepto de experiencia.\u00a0<em>\u201cLa gastronom\u00eda no es solo un plato rico, es una experiencia. Para transmitirla hay que tener base, origen, conocer la cocina ancestral y llevarla a la modernidad\u201d.<\/em><\/p>\n<p>Adem\u00e1s, enfatiz\u00f3 la importancia de la calidad al manifestar que <em>\u201cpodemos innovar, aplicar t\u00e9cnicas, pero siempre con un principio claro: calidad sobre calidad. Eso es lo que nos va a mantener un paso adelante\u201d.<\/em><\/p>\n<p>En tanto, el emprendedor gastron\u00f3mico peruano <strong>Mart\u00edn Guzm\u00e1n<\/strong> destac\u00f3 la relaci\u00f3n entre cocina y turismo, <em>\u201cnosotros hemos fusionado ambas cosas en Per\u00fa con muy buenos resultados. Es un camino que la nueva generaci\u00f3n debe explorar\u201d.<\/em><\/p>\n<p>Finalmente, el cocinero chileno <strong>Carlos G\u00f3mez<\/strong> valor\u00f3 el intercambio cultural:\u00a0<em>\u201cLa comunicaci\u00f3n y el trabajo colaborativo son fundamentales. Me sorprendi\u00f3 ver tantos cocineros nuevos y con ganas de crecer. Esto es m\u00e1s que un encuentro gastron\u00f3mico, es una experiencia cultural que uno se lleva en el coraz\u00f3n\u201d.<\/em><\/p>\n<\/p><\/div>\n<p><script type=\"5c99b73997c1a656cb729877-text\/javascript\">\n    window.addEventListener('load', () => {\n        if (typeof FB !== 'undefined' && FB.init) {\n            \/\/ La SDK de Facebook est\u00e1 inicializada\n        } else {\n            \/\/ La SDK de Facebook no est\u00e1 inicializada\n            var script = document.createElement('script');\n            script.async = true;\n            script.defer = true;\n            script.crossOrigin = 'anonymous';\n            script.src=\"https:\/\/connect.facebook.net\/es_LA\/sdk.js#xfbml=1&version=v17.0&appId=868452105110858&autoLogAppEvents=1\";\n            script.nonce=\"eBgX2sTe\";\n            document.head.appendChild(script);\n        }\n        \/* FIX YOUTUBE (fix width) *\/\n        var youtubeIframes = document.querySelectorAll('iframe[src*=\"youtube.com\/embed\"]');\n        youtubeIframes.forEach(function(iframe) {\n            var containerWidth = iframe.parentElement.clientWidth || iframe.parentElement.offsetWidth;\n            if(containerWidth && iframe.width > containerWidth){\n                iframe.width = containerWidth;\n                iframe.height = (containerWidth \/ 16) * 9; \/\/ Assuming a 16:9 aspect ratio\n            }\n        });\n    });\n<\/script><\/p>\n","protected":false},"excerpt":{"rendered":"<p>La traves\u00eda gastron\u00f3mica internacional hizo escala en Villa El Choc\u00f3n con actividades junto a estudiantes, emprendedores y referentes del sector, en una jornada centrada en la cocina como puente cultural y tur\u00edstico. Villa El Choc\u00f3n fue escenario de una nueva etapa de Enbhiga 2026, el encuentro gastron\u00f3mico internacional que recorre la Patagonia promoviendo la integraci\u00f3n [&hellip;]<\/p>\n","protected":false},"author":1,"featured_media":14039,"comment_status":"","ping_status":"open","sticky":false,"template":"","format":"standard","meta":{"_monsterinsights_skip_tracking":false,"_monsterinsights_sitenote_active":false,"_monsterinsights_sitenote_note":"","_monsterinsights_sitenote_category":0,"footnotes":"","jetpack_publicize_message":"","jetpack_publicize_feature_enabled":true,"jetpack_social_post_already_shared":true,"jetpack_social_options":{"image_generator_settings":{"template":"highway","default_image_id":0,"font":"","enabled":false},"version":2}},"categories":[4],"tags":[1393,2017,776,2396,300,35,1600],"class_list":["post-14038","post","type-post","status-publish","format-standard","has-post-thumbnail","hentry","category-regionales","tag-colaborativo","tag-enbhiga","tag-gastronomia","tag-local","tag-puso","tag-trabajo","tag-valor"],"aioseo_notices":[],"jetpack_publicize_connections":[],"amp_enabled":true,"_links":{"self":[{"href":"https:\/\/noticiasdeangostura.com.ar\/index.php?rest_route=\/wp\/v2\/posts\/14038","targetHints":{"allow":["GET"]}}],"collection":[{"href":"https:\/\/noticiasdeangostura.com.ar\/index.php?rest_route=\/wp\/v2\/posts"}],"about":[{"href":"https:\/\/noticiasdeangostura.com.ar\/index.php?rest_route=\/wp\/v2\/types\/post"}],"author":[{"embeddable":true,"href":"https:\/\/noticiasdeangostura.com.ar\/index.php?rest_route=\/wp\/v2\/users\/1"}],"replies":[{"embeddable":true,"href":"https:\/\/noticiasdeangostura.com.ar\/index.php?rest_route=%2Fwp%2Fv2%2Fcomments&post=14038"}],"version-history":[{"count":0,"href":"https:\/\/noticiasdeangostura.com.ar\/index.php?rest_route=\/wp\/v2\/posts\/14038\/revisions"}],"wp:featuredmedia":[{"embeddable":true,"href":"https:\/\/noticiasdeangostura.com.ar\/index.php?rest_route=\/wp\/v2\/media\/14039"}],"wp:attachment":[{"href":"https:\/\/noticiasdeangostura.com.ar\/index.php?rest_route=%2Fwp%2Fv2%2Fmedia&parent=14038"}],"wp:term":[{"taxonomy":"category","embeddable":true,"href":"https:\/\/noticiasdeangostura.com.ar\/index.php?rest_route=%2Fwp%2Fv2%2Fcategories&post=14038"},{"taxonomy":"post_tag","embeddable":true,"href":"https:\/\/noticiasdeangostura.com.ar\/index.php?rest_route=%2Fwp%2Fv2%2Ftags&post=14038"}],"curies":[{"name":"wp","href":"https:\/\/api.w.org\/{rel}","templated":true}]}}