{"id":14323,"date":"2026-04-24T21:10:42","date_gmt":"2026-04-25T00:10:42","guid":{"rendered":"https:\/\/noticiasdeangostura.com.ar\/?p=14323"},"modified":"2026-04-24T21:10:42","modified_gmt":"2026-04-25T00:10:42","slug":"susana-gimenez-ingresara-al-quirofano-por-dolores-cronicos-que-se-sabe-sobre-su-estado-de-salud","status":"publish","type":"post","link":"https:\/\/noticiasdeangostura.com.ar\/?p=14323","title":{"rendered":"Susana Gim\u00e9nez ingresar\u00e1 al quir\u00f3fano por dolores cr\u00f3nicos: qu\u00e9 se sabe sobre su estado de salud"},"content":{"rendered":"<p> <br \/>\n<br \/><br \/>La diva de los tel\u00e9fonos vuelve a estar en el centro de la escena, esta vez por una cuesti\u00f3n de salud. A sus 82 a\u00f1os, la conductora se prepara para someterse a una intervenci\u00f3n m\u00e9dica programada.La diva busca soluciones definitivas a sus molestias cr\u00f3nicas con un nuevo procedimiento m\u00e9dico tras su paso por Espa\u00f1a.<br \/>\n    La salud de Susana Gim\u00e9nez ha generado una preocupaci\u00f3n en su entorno m\u00e1s cercano y entre sus seguidores. Seg\u00fan trascendi\u00f3, la figura m\u00e1xima de la televisi\u00f3n argentina deber\u00e1 ingresar a un quir\u00f3fano en los pr\u00f3ximos d\u00edas para tratar un cuadro de dolor persistente en la zona lumbar y en sus rodillas. Esta situaci\u00f3n marca un nuevo cap\u00edtulo en la b\u00fasqueda de la diva por recuperar su plenitud f\u00edsica, ya que, a principios de este a\u00f1o, se hab\u00eda instalado durante casi un mes en Madrid, Espa\u00f1a, con la esperanza de resolver estas afecciones hist\u00f3ricas mediante un tratamiento especializado que, lamentablemente, no dio los resultados definitivos que ella esperaba.Un nuevo procedimiento de alta complejidad tecnol\u00f3gicaLa estrategia m\u00e9dica cambia de rumbo tras el regreso de la conductora al pa\u00eds. Seg\u00fan revelaron fuentes cercanas al entorno de la artista, Susana se pondr\u00e1 en manos de su traumat\u00f3logo de confianza en Argentina, el doctor Alejandro Druetto, para realizarse un procedimiento que, aunque se llevar\u00e1 a cabo en una sala de operaciones, se diferencia de una cirug\u00eda convencional. Se trata de la aplicaci\u00f3n de un compuesto de alta tecnolog\u00eda suizo-alemana, combinado con sesiones de ozonoterapia, una metodolog\u00eda que busca atacar la ra\u00edz del dolor de manera localizada y efectiva. El procedimiento est\u00e1 agendado para el lunes 27 de abril, o a m\u00e1s tardar el martes 28, dependiendo de la disponibilidad de agenda en el centro m\u00e9dico.Meses atr\u00e1s, panelistas como Yanina Latorre hab\u00edan comentado con entusiasmo que la diva hab\u00eda regresado de su estad\u00eda en Madrid luciendo \u00abnueva\u00bb y renovada, tras utilizar una maquinaria de vanguardia que promet\u00eda restaurar su bienestar lumbar y de caderas, una zona donde Susana ya contaba con cirug\u00edas previas. Sin embargo, con el correr de las semanas y tras retomar su actividad cotidiana, las molestias regresaron, dejando en evidencia que el tratamiento europeo fue solo un tratamiento temporal y no la soluci\u00f3n definitiva que la diva necesitaba para su d\u00eda a d\u00eda.M\u00e1s all\u00e1 del aspecto m\u00e9dico, surge la duda sobre c\u00f3mo afectar\u00e1 este paso por el quir\u00f3fano a su exigente agenda laboral. Vale recordar que Susana Gim\u00e9nez se encuentra en negociaciones avanzadas con Telefe para participar en la cobertura del Mundial de F\u00fatbol. La intenci\u00f3n del canal es que la diva se sume al ciclo Por el mundo junto a Marley, realizando entrevistas a figuras de renombre internacional. Por el momento, la prioridad absoluta es su recuperaci\u00f3n y la mejora de su calidad de vida.<\/p>\n","protected":false},"excerpt":{"rendered":"<p>La diva de los tel\u00e9fonos vuelve a estar en el centro de la escena, esta vez por una cuesti\u00f3n de salud. A sus 82 a\u00f1os, la conductora se prepara para someterse a una intervenci\u00f3n m\u00e9dica programada.La diva busca soluciones definitivas a sus molestias cr\u00f3nicas con un nuevo procedimiento m\u00e9dico tras su paso por Espa\u00f1a. La [&hellip;]<\/p>\n","protected":false},"author":1,"featured_media":14324,"comment_status":"","ping_status":"open","sticky":false,"template":"","format":"standard","meta":{"_monsterinsights_skip_tracking":false,"_monsterinsights_sitenote_active":false,"_monsterinsights_sitenote_note":"","_monsterinsights_sitenote_category":0,"footnotes":"","jetpack_publicize_message":"","jetpack_publicize_feature_enabled":true,"jetpack_social_post_already_shared":true,"jetpack_social_options":{"image_generator_settings":{"template":"highway","default_image_id":0,"font":"","enabled":false},"version":2}},"categories":[9],"tags":[],"class_list":["post-14323","post","type-post","status-publish","format-standard","has-post-thumbnail","hentry","category-espectaculos-y-moda"],"aioseo_notices":[],"jetpack_publicize_connections":[],"amp_enabled":true,"_links":{"self":[{"href":"https:\/\/noticiasdeangostura.com.ar\/index.php?rest_route=\/wp\/v2\/posts\/14323","targetHints":{"allow":["GET"]}}],"collection":[{"href":"https:\/\/noticiasdeangostura.com.ar\/index.php?rest_route=\/wp\/v2\/posts"}],"about":[{"href":"https:\/\/noticiasdeangostura.com.ar\/index.php?rest_route=\/wp\/v2\/types\/post"}],"author":[{"embeddable":true,"href":"https:\/\/noticiasdeangostura.com.ar\/index.php?rest_route=\/wp\/v2\/users\/1"}],"replies":[{"embeddable":true,"href":"https:\/\/noticiasdeangostura.com.ar\/index.php?rest_route=%2Fwp%2Fv2%2Fcomments&post=14323"}],"version-history":[{"count":0,"href":"https:\/\/noticiasdeangostura.com.ar\/index.php?rest_route=\/wp\/v2\/posts\/14323\/revisions"}],"wp:featuredmedia":[{"embeddable":true,"href":"https:\/\/noticiasdeangostura.com.ar\/index.php?rest_route=\/wp\/v2\/media\/14324"}],"wp:attachment":[{"href":"https:\/\/noticiasdeangostura.com.ar\/index.php?rest_route=%2Fwp%2Fv2%2Fmedia&parent=14323"}],"wp:term":[{"taxonomy":"category","embeddable":true,"href":"https:\/\/noticiasdeangostura.com.ar\/index.php?rest_route=%2Fwp%2Fv2%2Fcategories&post=14323"},{"taxonomy":"post_tag","embeddable":true,"href":"https:\/\/noticiasdeangostura.com.ar\/index.php?rest_route=%2Fwp%2Fv2%2Ftags&post=14323"}],"curies":[{"name":"wp","href":"https:\/\/api.w.org\/{rel}","templated":true}]}}