{"id":14331,"date":"2026-04-24T23:04:05","date_gmt":"2026-04-25T02:04:05","guid":{"rendered":"https:\/\/noticiasdeangostura.com.ar\/?p=14331"},"modified":"2026-04-24T23:04:05","modified_gmt":"2026-04-25T02:04:05","slug":"presentan-un-amparo-para-que-los-periodistas-vuelvan-a-ingresar-a-la-casa-rosada","status":"publish","type":"post","link":"https:\/\/noticiasdeangostura.com.ar\/?p=14331","title":{"rendered":"Presentan un amparo para que los periodistas vuelvan a ingresar a la Casa Rosada"},"content":{"rendered":"<p> <br \/>\n<\/p>\n<p>El conflicto entre el Gobierno nacional y la prensa sum\u00f3 un nuevo cap\u00edtulo judicial: el medio \u00c1mbito Financiero present\u00f3 una acci\u00f3n de amparo contra el Estado para que se restituya el acceso de sus periodistas a la Casa Rosada, tras el cierre dispuesto por el Ejecutivo.<\/p>\n<p>La presentaci\u00f3n, impulsada por las empresas editoriales responsables del medio, incluye un pedido de medida cautelar urgente para que se levante de inmediato la restricci\u00f3n mientras se resuelve el fondo del planteo. El objetivo es que las cronistas Liliana Franco y Cecilia Camarano puedan retomar sus tareas habituales dentro de la sede gubernamental.<\/p>\n<p>El origen del conflicto se remonta a la decisi\u00f3n oficial de dar de baja, sin previo aviso, las acreditaciones y accesos de todos los periodistas que cubren a diario la actividad en Balcarce 50. La medida fue ejecutada por el \u00e1rea de seguridad y dej\u00f3 sin funcionamiento la sala de prensa presidencial.<\/p>\n<p>Desde el Gobierno de Javier Milei justificaron la decisi\u00f3n como una acci\u00f3n preventiva vinculada a una denuncia por presunto espionaje ilegal, luego de que se detectara la filmaci\u00f3n de sectores internos del edificio con dispositivos no autorizados. Sin embargo, el amparo cuestiona que la restricci\u00f3n se haya aplicado de forma generalizada a toda la prensa.<\/p>\n<p>El planteo judicial sostiene que la medida es desproporcionada y podr\u00eda vulnerar derechos constitucionales como la libertad de expresi\u00f3n y el acceso a la informaci\u00f3n p\u00fablica. Adem\u00e1s, remarca que no existe una resoluci\u00f3n judicial que avale una limitaci\u00f3n de tal alcance.<\/p>\n<p>El caso se da en un contexto de creciente tensi\u00f3n entre el Gobierno y los medios, con cuestionamientos cruzados y restricciones en el acceso a la informaci\u00f3n. En paralelo, otros sectores del periodismo analizan avanzar con acciones similares, mientras que desde la oposici\u00f3n reclaman explicaciones formales.<\/p>\n<p>Ahora, la definici\u00f3n qued\u00f3 en manos de la Justicia, que deber\u00e1 determinar si el cierre del acceso a la Casa Rosada constituye una medida leg\u00edtima en t\u00e9rminos de seguridad o una restricci\u00f3n indebida al trabajo period\u00edstico.<\/p>\n","protected":false},"excerpt":{"rendered":"<p>El conflicto entre el Gobierno nacional y la prensa sum\u00f3 un nuevo cap\u00edtulo judicial: el medio \u00c1mbito Financiero present\u00f3 una acci\u00f3n de amparo contra el Estado para que se restituya el acceso de sus periodistas a la Casa Rosada, tras el cierre dispuesto por el Ejecutivo. La presentaci\u00f3n, impulsada por las empresas editoriales responsables del [&hellip;]<\/p>\n","protected":false},"author":1,"featured_media":14332,"comment_status":"","ping_status":"open","sticky":false,"template":"","format":"standard","meta":{"_monsterinsights_skip_tracking":false,"_monsterinsights_sitenote_active":false,"_monsterinsights_sitenote_note":"","_monsterinsights_sitenote_category":0,"footnotes":"","jetpack_publicize_message":"","jetpack_publicize_feature_enabled":true,"jetpack_social_post_already_shared":true,"jetpack_social_options":{"image_generator_settings":{"template":"highway","default_image_id":0,"font":"","enabled":false},"version":2}},"categories":[5],"tags":[],"class_list":["post-14331","post","type-post","status-publish","format-standard","has-post-thumbnail","hentry","category-politica"],"aioseo_notices":[],"jetpack_publicize_connections":[],"amp_enabled":true,"_links":{"self":[{"href":"https:\/\/noticiasdeangostura.com.ar\/index.php?rest_route=\/wp\/v2\/posts\/14331","targetHints":{"allow":["GET"]}}],"collection":[{"href":"https:\/\/noticiasdeangostura.com.ar\/index.php?rest_route=\/wp\/v2\/posts"}],"about":[{"href":"https:\/\/noticiasdeangostura.com.ar\/index.php?rest_route=\/wp\/v2\/types\/post"}],"author":[{"embeddable":true,"href":"https:\/\/noticiasdeangostura.com.ar\/index.php?rest_route=\/wp\/v2\/users\/1"}],"replies":[{"embeddable":true,"href":"https:\/\/noticiasdeangostura.com.ar\/index.php?rest_route=%2Fwp%2Fv2%2Fcomments&post=14331"}],"version-history":[{"count":0,"href":"https:\/\/noticiasdeangostura.com.ar\/index.php?rest_route=\/wp\/v2\/posts\/14331\/revisions"}],"wp:featuredmedia":[{"embeddable":true,"href":"https:\/\/noticiasdeangostura.com.ar\/index.php?rest_route=\/wp\/v2\/media\/14332"}],"wp:attachment":[{"href":"https:\/\/noticiasdeangostura.com.ar\/index.php?rest_route=%2Fwp%2Fv2%2Fmedia&parent=14331"}],"wp:term":[{"taxonomy":"category","embeddable":true,"href":"https:\/\/noticiasdeangostura.com.ar\/index.php?rest_route=%2Fwp%2Fv2%2Fcategories&post=14331"},{"taxonomy":"post_tag","embeddable":true,"href":"https:\/\/noticiasdeangostura.com.ar\/index.php?rest_route=%2Fwp%2Fv2%2Ftags&post=14331"}],"curies":[{"name":"wp","href":"https:\/\/api.w.org\/{rel}","templated":true}]}}