{"id":14335,"date":"2026-04-24T23:06:04","date_gmt":"2026-04-25T02:06:04","guid":{"rendered":"https:\/\/noticiasdeangostura.com.ar\/?p=14335"},"modified":"2026-04-24T23:06:04","modified_gmt":"2026-04-25T02:06:04","slug":"kicillof-asumio-en-el-pj-bonaerense-pero-maximo-hizo-la-gran-cristina-con-macri-y-evito-la-foto","status":"publish","type":"post","link":"https:\/\/noticiasdeangostura.com.ar\/?p=14335","title":{"rendered":"Kicillof asumi\u00f3 en el PJ bonaerense, pero M\u00e1ximo hizo \u00abla gran Cristina con Macri\u00bb y evit\u00f3 la foto"},"content":{"rendered":"<p> <br \/>\n<br \/><\/p>\n<p>\t\t\t\t\t\tLuego de larga y paciente tarea, que tuvo avances y retrocesos, el gobernador Axel Kicillof se convirti\u00f3 finalmente en presidente del PJ bonaerense, reemplazando nada menos que a M\u00e1xino Kirchner (y a La C\u00e1mpora). Ese tim\u00f3n pol\u00edtico ya no es el factor de poder de otros tiempos, pero resulta un eslab\u00f3n importante de la cadena que el mandatario bonaerense apunta a construir en procura de quedarse con la candidatura presidencial 2027.    Para La C\u00e1mpora, esa asunci\u00f3n fue un trago amargo, y en el caso espec\u00edfico de M\u00e1ximo Kirchner, prioriz\u00f3 \u00abvisitas de agenda\u00bb a algunos pueblos santafesinos, todos ellos a prudencial de las fotos de Kicillof en La Plata. Seg\u00fan indicaron allegado al legislador hijo de CFK, iba a Santa Fe \u00aba escuchar a los compa\u00f1eros\u00bb.    <\/p>\n<p>        Esto no les gusta a los autoritarios<\/p>\n<p>                El ejercicio del periodismo profesional y cr\u00edtico es un pilar fundamental de la democracia. Por eso molesta a quienes creen ser los due\u00f1os de la verdad.<\/p>\n<p>    Fue un d\u00eda para el olvido para la familia Kirchner, porque adem\u00e1s de que M\u00e1ximo resign\u00f3 esa jefatura bonerense, se anunci\u00f3 la puesta del decomiso judicial de los bienes de Cristina y sus hijos, para cumplir con la sentencia de la Corte Suprema en el caso Vialidad, que les exige resarcir la impactante suma de $ 685 mil millones. En primera instancia se indic\u00f3 que la expresidente perder\u00eda 111 propiedades, en tanto que L\u00e1zaro B\u00e1ez ceder\u00eda otras 80.    Como dato sobre la situaci\u00f3n de la exmandataria, el comunicado del encuentro se\u00f1al\u00f3 \u00abel peronismo bonaerense repudia la condena y proscripci\u00f3n de la presidenta del Partido Justicialista en el orden nacional, Cristina Fern\u00e1ndez de Kirchner, y exige su liberaci\u00f3n. As\u00ed como tambi\u00e9n reiteramos el pedido humanitario por la situaci\u00f3n del compa\u00f1ero Julio De Vido\u00bb.    Kicillof intent\u00f3 en todo momento que el c\u00f3nclave en La Plata mostrara su liderazgo en medio del fuego \u00abamigo\u00bb que soporta desde hace meses desde La C\u00e1mpora.        La que asisti\u00f3 del ri\u00f1on camporista fue la intendenta de Quilmes, Mayra Mendoza, una figura estrechamente ligada a Cristina y M\u00e1ximo Kirchner, que justo ven\u00eda de generar un fuerte revuelo por sus pol\u00e9micos dichos contra el ministro de Gobierno, Carlos Bianco, y contra el propio mandatario provincial.    En efecto, el estreno del cargo de Kicillof en el PJ bonaerense se da luego de que la diputada provincial de La C\u00e1mpora y ex intendente de Quilmes reabriera las heridas a trav\u00e9s de un insidioso mensaje de chat contra el gobernador, que adem\u00e1s incluy\u00f3 un golpe bajo contra el ministro de Gobierno, Carlos Bianco, que tuvo que ser operado de urgencia en Barcelona por una apendicitis.        Al conocerse la noticia, varios intendentes que compart\u00edan que \u201cCarli\u201d un grupo pol\u00edtico de whatsapp le transmitieron apoyo y \u00e1nimo de cara a la recuperaci\u00f3n por la cirug\u00eda. En cambio, Mendoza opt\u00f3 por un mensaje envenenado, lleno de rencor: \u00abVa a estar todo bien. Es la misma operaci\u00f3n que tuvo Cristina Fern\u00e1ndez de Kirchner en diciembre. Distintos contextos: a vos te toc\u00f3 en Barcelona y a ella presa. Entiendo la preocupaci\u00f3n de Axel. Insisto con que hubiera sido HUMANO que exista tambi\u00e9n por la mujer que le dio la posibilidad de ser gobernador\u201d.        Bianco se tom\u00f3 unos d\u00edas para responderle a Mendoza, y reci\u00e9n lo hizo este viernes en la previa al inicio de la reuni\u00f3n del Consejo partidario. \u00abYo no quiero referirme mucho porque me pareci\u00f3 bastante penoso y pat\u00e9tico todo el evento, toda la situaci\u00f3n. Y mucho m\u00e1s que despu\u00e9s se haya filtrado a la prensa\u201d, se\u00f1al\u00f3 en tono cr\u00edtico en declaraciones radiales.    \u201cComo regla general de comportamiento m\u00edo, tomo las cosas como de qui\u00e9n viene porque muchas veces lo que se dice habla m\u00e1s de la persona que lo dice que de la situaci\u00f3n a la que se refiere\u201d, agreg\u00f3 el ministro de Gobierno, que compar\u00f3 la hostilidad de Mendoza con la actitud mucho m\u00e1s respetuosa que tuvieron intendentes radicales y dirigentes oficialistas como N\u00e9stor Grindetti y Sebasti\u00e1n Pareja, quienes se solidarizaron por su situaci\u00f3n de salud.     Bianco: \u00abPor ahora no hay una candidatira de Axel&#8230;\u00bb    En La Plata, Bianco fue realidsta sobre el peronismo, al admitir que no est\u00e1 en un buen momento, \u00abya que viene de dos derrotas nacionales\u00bb. La menci\u00f3n al tono nacionla no fue gratuita, y apunt\u00f3 a dejar claro de manera impl\u00edcita que Kicillof viene de revalidar en las elecciones de medio t\u00e9rmino en la provincia, pero al hablar de la carrera a 2027 Bianco prefiri\u00f3 la cautela y se\u00f1al\u00f3 que \u00aba\u00fan no hay una candidatura de Kicillof presidente\u00bb, aunque aclar\u00f3 que eso es \u201cpor ahora\u00bb.     \u00abEl a\u00f1o de las candidaturas es 2027. Este es a\u00f1o de construcci\u00f3n pol\u00edtica. Veremos para el a\u00f1o que viene si hay una figura de consenso o si hay varios candidatos. Hay varios compa\u00f1eros que tienen leg\u00edtimamente tiene ganas de ser candidatos a presidente. Se respeta\u201d, se\u00f1al\u00f3.    Otro episodio que ti\u00f1\u00f3 la previa de la cumbre del PJ bonaerense fue la presentaci\u00f3n por parte del intendente de Jos\u00e9 C. Paz en uso de licencia y actual vicepresidente primero de la C\u00e1mara alta, Mario Ishii, de un proyecto de ley que declara la emergencia alimentaria en la provincia de Buenos Aires. La iniciativa, que busca asociar el problema del hambre en el principal distrito del pa\u00eds con supuestos d\u00e9ficits de gesti\u00f3n de Kicillof, recibi\u00f3 el visto bueno de Mayra Mendoza, que le puso \u201clike\u201d a la publicaci\u00f3n de uno de los eternos caciques del conurbano.        Un c\u00f3nclave a puertas cerradas    La reuni\u00f3n en la sede del PJ bonaerense se desarroll\u00f3 a puertas cerradas y tuvo como principal tema de debate la renovaci\u00f3n de los padrones de afiliados, que tienen muchos a\u00f1os y muchas cr\u00edticas, y resultan un punto en que el sector de Kicillof, Movimiento Derecho al Futuro, tiene fuertes diferencias con La C\u00e1mpora.    Al final del encuentro, se dio a conocer un documento final de consenso con duras cr\u00edticas al modelo de Javier Milei. En la cabecera a Kicillof se lo vio flanqueado por su vice Ver\u00f3nica Magario y el intendente de Lomas de Zamora Federico Oterm\u00edn.    El texto tras el encuentro    \u00abDesde el Consejo del Partido Justicialista de la Provincia de Buenos Aires alzamos nuestra voz en defensa de los bonaerenses que hoy sufren el desprecio y la insensibilidad de un Gobierno Nacional decidido a romper los lazos de solidaridad que unen a nuestra comunidad. El actual modelo de Milei no es m\u00e1s que un plan de asfixia que atenta contra la felicidad de nuestro pueblo y la grandeza de la Naci\u00f3n, pilares innegociables de nuestra doctrina.    Por ello, desde el Partido Justicialista de la Provincia de Buenos Aires respaldamos firmemente el reclamo leg\u00edtimo de nuestro Gobierno Provincial ante un Gobierno Nacional que ha decidido, por decreto y con crueldad, darle la espalda al 38% de los argentinos y argentinas.    No estamos ante una simple discusi\u00f3n de n\u00fameros o planillas t\u00e9cnicas. Estamos ante una decisi\u00f3n pol\u00edtica de un gobierno nacional que, de manera deliberada busca ahogar al principal motor productivo del pa\u00eds, abandonando a los y las bonaerenses.    Ajustan a nuestros abuelos y a los m\u00e1s necesitados, reteniendo fondos que deben destinarse a la seguridad social. Tambi\u00e9n atacan la educaci\u00f3n de nuestros hijos, al eliminar el FONID, porque para ellos el conocimiento no es un derecho, sino un gasto. Desprecian la salud y la vida, cortando la entrega de medicamentos esenciales del Plan Remediar, dejando a los m\u00e1s humildes a merced del desamparo. Y castigan al trabajador, quitando los subsidios al transporte y frenando la obra p\u00fablica, con la retenci\u00f3n indebida de recursos provenientes del impuesto sobre los combustibles, que genera empleo y dignidad en cada rinc\u00f3n de nuestro territorio.        Asimismo, es una injusticia atroz que nuestra Provincia, que aporta el 40% de los recursos nacionales, reciba apenas poco menos del 7% de lo recaudado en el primer trimestre de este a\u00f1o. Este desfinanciamiento in\u00e9dito se conjuga con indicadores sociales alarmantes: familias que ya no llegan a fin de mes, salarios que se pulverizan y una demanda alimentaria desesperada que el Gobierno Nacional se niega a asistir recortando el financiamiento al Sistema Alimentario Escolar y los Comedores Comunitarios.    Este proceso se da en un marco de persecuci\u00f3n pol\u00edtica para intentar disciplinar a las mayor\u00edas populares y anular a su dirigencia. El peronismo bonaerense repudia la condena y proscripci\u00f3n de la presidenta del Partido Justicialista en el orden nacional, Cristina Fern\u00e1ndez de Kirchner, y exige su liberaci\u00f3n. As\u00ed como tambi\u00e9n reiteramos el pedido humanitario por la situaci\u00f3n del compa\u00f1ero Julio De Vido.    Frente al ego\u00edsmo del mercado y la crueldad del ajuste, el peronismo bonaerense reafirma su compromiso con la construcci\u00f3n de una alternativa para un futuro mejor, con protecci\u00f3n de la industria nacional y fortalecimiento del trabajo. Por estos motivos, convocamos al peronismo bonaerense a sumarnos a la marcha del 30 de abril a la Plaza de Mayo en la antesala del D\u00eda del Trabajador.__IP__    Con la fe intacta en el destino de nuestra Patria, convocamos a todos los sectores a defender a nuestro pa\u00eds frente aquellos que quieren rematarlo. Militaremos de coraz\u00f3n para cumplir con el sue\u00f1o de Per\u00f3n de una Argentina justa, libre y soberana\u00bb.        NA\/HB  <\/p>\n","protected":false},"excerpt":{"rendered":"<p>Luego de larga y paciente tarea, que tuvo avances y retrocesos, el gobernador Axel Kicillof se convirti\u00f3 finalmente en presidente del PJ bonaerense, reemplazando nada menos que a M\u00e1xino Kirchner (y a La C\u00e1mpora). Ese tim\u00f3n pol\u00edtico ya no es el factor de poder de otros tiempos, pero resulta un eslab\u00f3n importante de la cadena [&hellip;]<\/p>\n","protected":false},"author":1,"featured_media":14336,"comment_status":"","ping_status":"open","sticky":false,"template":"","format":"standard","meta":{"_monsterinsights_skip_tracking":false,"_monsterinsights_sitenote_active":false,"_monsterinsights_sitenote_note":"","_monsterinsights_sitenote_category":0,"footnotes":"","jetpack_publicize_message":"","jetpack_publicize_feature_enabled":true,"jetpack_social_post_already_shared":true,"jetpack_social_options":{"image_generator_settings":{"template":"highway","default_image_id":0,"font":"","enabled":false},"version":2}},"categories":[11],"tags":[],"class_list":["post-14335","post","type-post","status-publish","format-standard","has-post-thumbnail","hentry","category-actualidad"],"aioseo_notices":[],"jetpack_publicize_connections":[],"amp_enabled":true,"_links":{"self":[{"href":"https:\/\/noticiasdeangostura.com.ar\/index.php?rest_route=\/wp\/v2\/posts\/14335","targetHints":{"allow":["GET"]}}],"collection":[{"href":"https:\/\/noticiasdeangostura.com.ar\/index.php?rest_route=\/wp\/v2\/posts"}],"about":[{"href":"https:\/\/noticiasdeangostura.com.ar\/index.php?rest_route=\/wp\/v2\/types\/post"}],"author":[{"embeddable":true,"href":"https:\/\/noticiasdeangostura.com.ar\/index.php?rest_route=\/wp\/v2\/users\/1"}],"replies":[{"embeddable":true,"href":"https:\/\/noticiasdeangostura.com.ar\/index.php?rest_route=%2Fwp%2Fv2%2Fcomments&post=14335"}],"version-history":[{"count":0,"href":"https:\/\/noticiasdeangostura.com.ar\/index.php?rest_route=\/wp\/v2\/posts\/14335\/revisions"}],"wp:featuredmedia":[{"embeddable":true,"href":"https:\/\/noticiasdeangostura.com.ar\/index.php?rest_route=\/wp\/v2\/media\/14336"}],"wp:attachment":[{"href":"https:\/\/noticiasdeangostura.com.ar\/index.php?rest_route=%2Fwp%2Fv2%2Fmedia&parent=14335"}],"wp:term":[{"taxonomy":"category","embeddable":true,"href":"https:\/\/noticiasdeangostura.com.ar\/index.php?rest_route=%2Fwp%2Fv2%2Fcategories&post=14335"},{"taxonomy":"post_tag","embeddable":true,"href":"https:\/\/noticiasdeangostura.com.ar\/index.php?rest_route=%2Fwp%2Fv2%2Ftags&post=14335"}],"curies":[{"name":"wp","href":"https:\/\/api.w.org\/{rel}","templated":true}]}}