{"id":14341,"date":"2026-04-24T23:48:19","date_gmt":"2026-04-25T02:48:19","guid":{"rendered":"https:\/\/noticiasdeangostura.com.ar\/?p=14341"},"modified":"2026-04-24T23:48:19","modified_gmt":"2026-04-25T02:48:19","slug":"el-intendente-javier-murer-recibio-a-la-ministra-de-juventud-cultura-y-deportes-de-la-provincia-de-neuquen-josefina-codermatz","status":"publish","type":"post","link":"https:\/\/noticiasdeangostura.com.ar\/?p=14341","title":{"rendered":"El Intendente Javier Murer, recibi\u00f3 a la Ministra de Juventud, Cultura y Deportes de la provincia de Neuqu\u00e9n, Josefina Codermatz"},"content":{"rendered":"<p>El Intendente Javier Murer recibi\u00f3 este viernes en Villa La Angostura a la Ministra de Juventud, Cultura y Deportes de la provincia de Neuqu\u00e9n, Josefina Codermatz, en una jornada de trabajo destinada a fortalecer las pol\u00edticas p\u00fablicas vinculadas a los j\u00f3venes, la cultura y el deporte local.<\/p>\n<p>Durante el encuentro, las autoridades abordaron distintos temas relacionados a la cartera que encabeza la Ministra.<br \/>En nuestra localidad existen distintos espacios donde se desarrollan actividades deportivas comunitarias. Adem\u00e1s, mantuvieron reuniones con referentes de instituciones deportivas para repasar programas vigentes y proyectar nuevas acciones conjuntas.<\/p>\n<p>\u201cEs fundamental el acompa\u00f1amiento de Provincia para seguir potenciando el trabajo deportivo que venimos haciendo con los j\u00f3venes. En Villa La Angostura hay mucho talento y compromiso, y nuestro objetivo es brindarles m\u00e1s herramientas y oportunidades\u201d, expres\u00f3 el Intendente Javier Murer.<\/p>\n<p>Por su parte, la Ministra Josefina Codermatz, destac\u00f3 la importancia de la articulaci\u00f3n con los municipios y reafirm\u00f3 el compromiso del gobierno provincial para seguir impulsando programas de formaci\u00f3n, competencias y eventos que fortalezcan el tejido social de cada localidad.<\/p>\n","protected":false},"excerpt":{"rendered":"<p>El Intendente Javier Murer recibi\u00f3 este viernes en Villa La Angostura a la Ministra de Juventud, Cultura y Deportes de la provincia de Neuqu\u00e9n, Josefina Codermatz, en una jornada de trabajo destinada a fortalecer las pol\u00edticas p\u00fablicas vinculadas a los j\u00f3venes, la cultura y el deporte local. Durante el encuentro, las autoridades abordaron distintos temas [&hellip;]<\/p>\n","protected":false},"author":1,"featured_media":0,"comment_status":"","ping_status":"open","sticky":false,"template":"","format":"standard","meta":{"_monsterinsights_skip_tracking":false,"_monsterinsights_sitenote_active":false,"_monsterinsights_sitenote_note":"","_monsterinsights_sitenote_category":0,"footnotes":"","jetpack_publicize_message":"","jetpack_publicize_feature_enabled":true,"jetpack_social_post_already_shared":true,"jetpack_social_options":{"image_generator_settings":{"template":"highway","default_image_id":0,"font":"","enabled":false},"version":2}},"categories":[3],"tags":[2009,1008,738,2447,2448,2451,2450,1260,2449,21,79,379],"class_list":["post-14341","post","type-post","status-publish","format-standard","hentry","category-villa-la-angostura","tag-codermatz","tag-cultura","tag-deportes","tag-intendente","tag-javier","tag-josefina","tag-juventud","tag-ministra","tag-murer","tag-neuquen","tag-provincia","tag-recibio"],"aioseo_notices":[],"jetpack_publicize_connections":[],"amp_enabled":true,"_links":{"self":[{"href":"https:\/\/noticiasdeangostura.com.ar\/index.php?rest_route=\/wp\/v2\/posts\/14341","targetHints":{"allow":["GET"]}}],"collection":[{"href":"https:\/\/noticiasdeangostura.com.ar\/index.php?rest_route=\/wp\/v2\/posts"}],"about":[{"href":"https:\/\/noticiasdeangostura.com.ar\/index.php?rest_route=\/wp\/v2\/types\/post"}],"author":[{"embeddable":true,"href":"https:\/\/noticiasdeangostura.com.ar\/index.php?rest_route=\/wp\/v2\/users\/1"}],"replies":[{"embeddable":true,"href":"https:\/\/noticiasdeangostura.com.ar\/index.php?rest_route=%2Fwp%2Fv2%2Fcomments&post=14341"}],"version-history":[{"count":0,"href":"https:\/\/noticiasdeangostura.com.ar\/index.php?rest_route=\/wp\/v2\/posts\/14341\/revisions"}],"wp:attachment":[{"href":"https:\/\/noticiasdeangostura.com.ar\/index.php?rest_route=%2Fwp%2Fv2%2Fmedia&parent=14341"}],"wp:term":[{"taxonomy":"category","embeddable":true,"href":"https:\/\/noticiasdeangostura.com.ar\/index.php?rest_route=%2Fwp%2Fv2%2Fcategories&post=14341"},{"taxonomy":"post_tag","embeddable":true,"href":"https:\/\/noticiasdeangostura.com.ar\/index.php?rest_route=%2Fwp%2Fv2%2Ftags&post=14341"}],"curies":[{"name":"wp","href":"https:\/\/api.w.org\/{rel}","templated":true}]}}