{"id":14342,"date":"2026-04-25T00:11:27","date_gmt":"2026-04-25T03:11:27","guid":{"rendered":"https:\/\/noticiasdeangostura.com.ar\/?p=14342"},"modified":"2026-04-25T00:11:27","modified_gmt":"2026-04-25T03:11:27","slug":"el-ministerio-de-seguridad-fortalece-el-abordaje-preventivo-en-escuelas","status":"publish","type":"post","link":"https:\/\/noticiasdeangostura.com.ar\/?p=14342","title":{"rendered":"El ministerio de Seguridad fortalece el abordaje preventivo en escuelas\u00a0"},"content":{"rendered":"<p> <br \/>\n<br \/><\/p>\n<p>Con un programa desarrollado por la cartera, funcionarios y especialistas brindaron herramientas de contenci\u00f3n y seguridad a la comunidad educativa del Instituto Mar\u00eda Auxiliadora. La propuesta se realiza en instituciones de toda la provincia.<\/p>\n<div>\n<p>El ministerio de Seguridad llev\u00f3 adelante el pasado 22 de abril una jornada de capacitaci\u00f3n y abordaje preventivo en el Instituto Mar\u00eda Auxiliadora. Se trata de una iniciativa que se realiza en establecimientos educativos de la capital y del interior provincial.<\/p>\n<p>La actividad fue encabezada por la subsecretar\u00eda de Prevenci\u00f3n y Organizaci\u00f3n Ciudadana, y cont\u00f3 con la participaci\u00f3n del equipo directivo y del cuerpo docente completo de la instituci\u00f3n, quienes trabajaron de manera articulada junto a autoridades del ministerio de Educaci\u00f3n.<\/p>\n<p>La jornada tuvo como eje el Programa Provincial de Prevenci\u00f3n de Violencia, Delito y Adicciones (Pre.Vi.D.A), una iniciativa orientada a fortalecer la prevenci\u00f3n como herramienta clave para la construcci\u00f3n de entornos seguros.<\/p>\n<p>El desarrollo t\u00e9cnico estuvo a cargo de los licenciados en Psicolog\u00eda, Cristian Almaraz y Facundo D\u2019Al\u00fa, integrantes de la subsecretar\u00eda, quienes brindaron herramientas concretas de contenci\u00f3n y abordaje ante situaciones de conflictividad. El objetivo es dotar a los equipos docentes de recursos claros y aplicables para intervenir frente a problem\u00e1ticas que hoy atraviesan a las instituciones educativas de la provincia.<\/p>\n<p><strong>Seguridad y comunidad<\/strong><\/p>\n<p>Desde la subsecretar\u00eda de Prevenci\u00f3n y Organizaci\u00f3n Ciudadana destacaron que este tipo de acciones forman parte de un plan estrat\u00e9gico integral que impulsa el ministerio de Seguridad para fortalecer la seguridad ciudadana en todo el territorio neuquino.<\/p>\n<p>A trav\u00e9s de la capacitaci\u00f3n y el acompa\u00f1amiento institucional, se promueve que cada establecimiento pueda desarrollar sus propios protocolos y estrategias de intervenci\u00f3n, con el objetivo de no solo reducir los conflictos actuales, sino tambi\u00e9n reconstruir v\u00ednculos y consolidar comunidades educativas m\u00e1s seguras, contenidas y estables.<\/p>\n<p>\u00a0<\/p>\n<\/p><\/div>\n<p><script type=\"8c86aadd58e791abb7953ddf-text\/javascript\">\n    window.addEventListener('load', () => {\n        if (typeof FB !== 'undefined' && FB.init) {\n            \/\/ La SDK de Facebook est\u00e1 inicializada\n        } else {\n            \/\/ La SDK de Facebook no est\u00e1 inicializada\n            var script = document.createElement('script');\n            script.async = true;\n            script.defer = true;\n            script.crossOrigin = 'anonymous';\n            script.src=\"https:\/\/connect.facebook.net\/es_LA\/sdk.js#xfbml=1&version=v17.0&appId=868452105110858&autoLogAppEvents=1\";\n            script.nonce=\"eBgX2sTe\";\n            document.head.appendChild(script);\n        }\n        \/* FIX YOUTUBE (fix width) *\/\n        var youtubeIframes = document.querySelectorAll('iframe[src*=\"youtube.com\/embed\"]');\n        youtubeIframes.forEach(function(iframe) {\n            var containerWidth = iframe.parentElement.clientWidth || iframe.parentElement.offsetWidth;\n            if(containerWidth && iframe.width > containerWidth){\n                iframe.width = containerWidth;\n                iframe.height = (containerWidth \/ 16) * 9; \/\/ Assuming a 16:9 aspect ratio\n            }\n        });\n    });\n<\/script><script type=\"8c86aadd58e791abb7953ddf-text\/javascript\">\n        window.addEventListener('load', () => {\n            if (typeof FB !== 'undefined' && FB.init) {\n                \/\/ La SDK de Facebook est\u00e1 inicializada\n            } else {\n                \/\/ La SDK de Facebook no est\u00e1 inicializada\n                var script = document.createElement('script');\n                script.async = true;\n                script.defer = true;\n                script.crossOrigin = 'anonymous';\n                script.src=\"https:\/\/connect.facebook.net\/es_LA\/sdk.js#xfbml=1&version=v17.0&appId=868452105110858&autoLogAppEvents=1\";\n                script.nonce=\"eBgX2sTe\";\n                document.head.appendChild(script);\n            }\n        });\n<\/script><\/p>\n","protected":false},"excerpt":{"rendered":"<p>Con un programa desarrollado por la cartera, funcionarios y especialistas brindaron herramientas de contenci\u00f3n y seguridad a la comunidad educativa del Instituto Mar\u00eda Auxiliadora. La propuesta se realiza en instituciones de toda la provincia. El ministerio de Seguridad llev\u00f3 adelante el pasado 22 de abril una jornada de capacitaci\u00f3n y abordaje preventivo en el Instituto [&hellip;]<\/p>\n","protected":false},"author":1,"featured_media":14343,"comment_status":"","ping_status":"open","sticky":false,"template":"","format":"standard","meta":{"_monsterinsights_skip_tracking":false,"_monsterinsights_sitenote_active":false,"_monsterinsights_sitenote_note":"","_monsterinsights_sitenote_category":0,"footnotes":"","jetpack_publicize_message":"","jetpack_publicize_feature_enabled":true,"jetpack_social_post_already_shared":true,"jetpack_social_options":{"image_generator_settings":{"template":"highway","default_image_id":0,"font":"","enabled":false},"version":2}},"categories":[4],"tags":[524,496,622,1244,2452,144],"class_list":["post-14342","post","type-post","status-publish","format-standard","has-post-thumbnail","hentry","category-regionales","tag-abordaje","tag-escuelas","tag-fortalece","tag-ministerio","tag-preventivo","tag-seguridad"],"aioseo_notices":[],"jetpack_publicize_connections":[],"amp_enabled":true,"_links":{"self":[{"href":"https:\/\/noticiasdeangostura.com.ar\/index.php?rest_route=\/wp\/v2\/posts\/14342","targetHints":{"allow":["GET"]}}],"collection":[{"href":"https:\/\/noticiasdeangostura.com.ar\/index.php?rest_route=\/wp\/v2\/posts"}],"about":[{"href":"https:\/\/noticiasdeangostura.com.ar\/index.php?rest_route=\/wp\/v2\/types\/post"}],"author":[{"embeddable":true,"href":"https:\/\/noticiasdeangostura.com.ar\/index.php?rest_route=\/wp\/v2\/users\/1"}],"replies":[{"embeddable":true,"href":"https:\/\/noticiasdeangostura.com.ar\/index.php?rest_route=%2Fwp%2Fv2%2Fcomments&post=14342"}],"version-history":[{"count":0,"href":"https:\/\/noticiasdeangostura.com.ar\/index.php?rest_route=\/wp\/v2\/posts\/14342\/revisions"}],"wp:featuredmedia":[{"embeddable":true,"href":"https:\/\/noticiasdeangostura.com.ar\/index.php?rest_route=\/wp\/v2\/media\/14343"}],"wp:attachment":[{"href":"https:\/\/noticiasdeangostura.com.ar\/index.php?rest_route=%2Fwp%2Fv2%2Fmedia&parent=14342"}],"wp:term":[{"taxonomy":"category","embeddable":true,"href":"https:\/\/noticiasdeangostura.com.ar\/index.php?rest_route=%2Fwp%2Fv2%2Fcategories&post=14342"},{"taxonomy":"post_tag","embeddable":true,"href":"https:\/\/noticiasdeangostura.com.ar\/index.php?rest_route=%2Fwp%2Fv2%2Ftags&post=14342"}],"curies":[{"name":"wp","href":"https:\/\/api.w.org\/{rel}","templated":true}]}}