{"id":14344,"date":"2026-04-25T00:36:42","date_gmt":"2026-04-25T03:36:42","guid":{"rendered":"https:\/\/noticiasdeangostura.com.ar\/?p=14344"},"modified":"2026-04-25T00:36:42","modified_gmt":"2026-04-25T03:36:42","slug":"neuquen-participa-en-la-50-feria-internacional-del-libro-de-buenos-aires-con-115-escritores-y-27-editoriales","status":"publish","type":"post","link":"https:\/\/noticiasdeangostura.com.ar\/?p=14344","title":{"rendered":"Neuqu\u00e9n participa en la 50\u00b0 Feria Internacional del Libro de Buenos Aires con 115 escritores y 27 editoriales"},"content":{"rendered":"<p> <br \/>\n<br \/><\/p>\n<p>La provincia form\u00f3 parte del evento literario m\u00e1s importante del pa\u00eds con una destacada delegaci\u00f3n que llev\u00f3 la identidad cultural neuquina a la Ciudad de Buenos Aires, reafirmando el compromiso con la difusi\u00f3n del talento regional.<\/p>\n<div>\n<p>La provincia de <span class=\"hover:entity-accent entity-underline inline cursor-pointer align-baseline\"><span class=\"whitespace-normal\">Neuqu\u00e9n<\/span><\/span> participa de la 50\u00b0 <span class=\"hover:entity-accent entity-underline inline cursor-pointer align-baseline\"><span class=\"whitespace-normal\">Feria Internacional del Libro de Buenos Aires<\/span><\/span> con una destacada delegaci\u00f3n cultural que re\u00fane a editoriales y escritores locales, en el marco del evento literario m\u00e1s importante del pa\u00eds.<\/p>\n<p>La Secretar\u00eda de Cultura provincial acompa\u00f1\u00f3 la hist\u00f3rica edici\u00f3n n\u00famero 50 de la feria, reafirmando el compromiso con la difusi\u00f3n del talento regional y la promoci\u00f3n de la producci\u00f3n literaria neuquina a nivel nacional.<\/p>\n<p class=\"noEditable noticia-relacionada\" data-id=\"332286\"><ampiframe src=\"https:\/\/www.noticiasnqn.com.ar\/api\/noticias\/332286\/relacionadas?amp=1\" layout=\"fixed-height\" sandbox=\"allow-top-navigation allow-top-navigation-by-user-activation allow-scripts \" height=\"100px\"> <b placeholder=\"\">Lee tambi\u00e9n: Una mujer encontr\u00f3 a un hombre desnudo en el cementerio de Cipolletti<\/b> <\/ampiframe><\/p>\n<p>En esta oportunidad, la provincia dijo presente junto a 27 editoriales y 115 escritores neuquinos, quienes llevaron la identidad, el paisaje y las letras de la regi\u00f3n al coraz\u00f3n de la capital del pa\u00eds. La participaci\u00f3n busca fortalecer la visibilidad de autores locales y generar nuevas oportunidades de circulaci\u00f3n para sus obras.<\/p>\n<p>Desde la organizaci\u00f3n destacaron que la presencia neuquina permite consolidar espacios de intercambio cultural, promover la lectura y poner en valor la diversidad de voces que integran la producci\u00f3n literaria provincial.<\/p>\n<p>La participaci\u00f3n se enmarca en una pol\u00edtica cultural orientada a acompa\u00f1ar a escritores y editoriales independientes, impulsando la difusi\u00f3n de contenidos que reflejan la identidad, la historia y la actualidad de la provincia en uno de los escenarios m\u00e1s relevantes del mundo editorial argentino.<\/p>\n<\/p><\/div>\n","protected":false},"excerpt":{"rendered":"<p>La provincia form\u00f3 parte del evento literario m\u00e1s importante del pa\u00eds con una destacada delegaci\u00f3n que llev\u00f3 la identidad cultural neuquina a la Ciudad de Buenos Aires, reafirmando el compromiso con la difusi\u00f3n del talento regional. La provincia de Neuqu\u00e9n participa de la 50\u00b0 Feria Internacional del Libro de Buenos Aires con una destacada delegaci\u00f3n [&hellip;]<\/p>\n","protected":false},"author":1,"featured_media":14345,"comment_status":"","ping_status":"open","sticky":false,"template":"","format":"standard","meta":{"_monsterinsights_skip_tracking":false,"_monsterinsights_sitenote_active":false,"_monsterinsights_sitenote_note":"","_monsterinsights_sitenote_category":0,"footnotes":"","jetpack_publicize_message":"","jetpack_publicize_feature_enabled":true,"jetpack_social_post_already_shared":true,"jetpack_social_options":{"image_generator_settings":{"template":"highway","default_image_id":0,"font":"","enabled":false},"version":2}},"categories":[1],"tags":[],"class_list":["post-14344","post","type-post","status-publish","format-standard","has-post-thumbnail","hentry","category-ultimas-noticias"],"aioseo_notices":[],"jetpack_publicize_connections":[],"amp_enabled":true,"_links":{"self":[{"href":"https:\/\/noticiasdeangostura.com.ar\/index.php?rest_route=\/wp\/v2\/posts\/14344","targetHints":{"allow":["GET"]}}],"collection":[{"href":"https:\/\/noticiasdeangostura.com.ar\/index.php?rest_route=\/wp\/v2\/posts"}],"about":[{"href":"https:\/\/noticiasdeangostura.com.ar\/index.php?rest_route=\/wp\/v2\/types\/post"}],"author":[{"embeddable":true,"href":"https:\/\/noticiasdeangostura.com.ar\/index.php?rest_route=\/wp\/v2\/users\/1"}],"replies":[{"embeddable":true,"href":"https:\/\/noticiasdeangostura.com.ar\/index.php?rest_route=%2Fwp%2Fv2%2Fcomments&post=14344"}],"version-history":[{"count":0,"href":"https:\/\/noticiasdeangostura.com.ar\/index.php?rest_route=\/wp\/v2\/posts\/14344\/revisions"}],"wp:featuredmedia":[{"embeddable":true,"href":"https:\/\/noticiasdeangostura.com.ar\/index.php?rest_route=\/wp\/v2\/media\/14345"}],"wp:attachment":[{"href":"https:\/\/noticiasdeangostura.com.ar\/index.php?rest_route=%2Fwp%2Fv2%2Fmedia&parent=14344"}],"wp:term":[{"taxonomy":"category","embeddable":true,"href":"https:\/\/noticiasdeangostura.com.ar\/index.php?rest_route=%2Fwp%2Fv2%2Fcategories&post=14344"},{"taxonomy":"post_tag","embeddable":true,"href":"https:\/\/noticiasdeangostura.com.ar\/index.php?rest_route=%2Fwp%2Fv2%2Ftags&post=14344"}],"curies":[{"name":"wp","href":"https:\/\/api.w.org\/{rel}","templated":true}]}}