{"id":14348,"date":"2026-04-25T01:06:01","date_gmt":"2026-04-25T04:06:01","guid":{"rendered":"https:\/\/noticiasdeangostura.com.ar\/?p=14348"},"modified":"2026-04-25T01:06:01","modified_gmt":"2026-04-25T04:06:01","slug":"atencion-corte-de-luz-por-obras-en-dos-sectores-de-la-ciudad","status":"publish","type":"post","link":"https:\/\/noticiasdeangostura.com.ar\/?p=14348","title":{"rendered":"Atenci\u00f3n: corte de luz por obras en dos sectores de la ciudad"},"content":{"rendered":"<p> <br \/>\n<br \/><\/p>\n<p>La cooperativa neuquina inform\u00f3 que el servicio el\u00e9ctrico se interrumpir\u00e1 en la ma\u00f1ana de este domingo. Los barrios afectados. <\/p>\n<p>Las obras de la cooperativa neuquina se llevar\u00e1n a cabo en la ma\u00f1ana de este domingo. Foto: archivo<\/p>\n<div>\n<p><a href=\"https:\/\/www.cooperativacalf.com.ar\/\" target=\"_blank\" rel=\"noopener\"><strong>La cooperativa CALF<\/strong><\/a> inform\u00f3 que este domingo por la ma\u00f1ana se llevar\u00e1n a cabo obras en dos sectores de Neuqu\u00e9n, ubicados al sur y al este de la ciudad. En el primero de los casos se trata del sector comprendido por las calles <strong>Planas<\/strong> (colectora de la avenida Mosconi exRuta 22) y <strong>12 de Septiembre<\/strong> (v\u00edas del ferrocarril), entre las calles <strong>Anaya y Gatica.<\/strong><\/p>\n<p>En esa zona se har\u00e1 el montaje de estructuras para la nueva l\u00ednea troncal de 13,2 Kv que \u201cpermitir\u00e1 aumentar la capacidad y mejorar la calidad del servicio\u201d, seg\u00fan se indic\u00f3 oficialmente.<\/p>\n<p>El servicio el\u00e9ctrico se interrumpir\u00e1 entre las 7 y las 13.30 de este domingo.<\/p>\n<h2>En Santa Genoveva<\/h2>\n<p>Por su parte, tambi\u00e9n el domingo en el horario de 8 a 12.30 se efectuar\u00e1 un corte programado de energ\u00eda en el barrio Santa Genoveva. El sector ser\u00e1 el comprendido por las calles <strong>Amancay <\/strong>y <strong>R\u00edo Atuel<\/strong>, entre <strong>Islas Malvinas y avenida San Juan.<\/strong><\/p>\n<p>En esa zona, CALF efectuar\u00e1 trabajos de \u201cmantenimiento y montaje de gabinete para medidores inteligentes para mejorar la calidad del servicio el\u00e9ctrico\u201d.<\/p>\n<\/p><\/div>\n","protected":false},"excerpt":{"rendered":"<p>La cooperativa neuquina inform\u00f3 que el servicio el\u00e9ctrico se interrumpir\u00e1 en la ma\u00f1ana de este domingo. Los barrios afectados. Las obras de la cooperativa neuquina se llevar\u00e1n a cabo en la ma\u00f1ana de este domingo. Foto: archivo La cooperativa CALF inform\u00f3 que este domingo por la ma\u00f1ana se llevar\u00e1n a cabo obras en dos sectores [&hellip;]<\/p>\n","protected":false},"author":1,"featured_media":14349,"comment_status":"","ping_status":"open","sticky":false,"template":"","format":"standard","meta":{"_monsterinsights_skip_tracking":false,"_monsterinsights_sitenote_active":false,"_monsterinsights_sitenote_note":"","_monsterinsights_sitenote_category":0,"footnotes":"","jetpack_publicize_message":"","jetpack_publicize_feature_enabled":true,"jetpack_social_post_already_shared":true,"jetpack_social_options":{"image_generator_settings":{"template":"highway","default_image_id":0,"font":"","enabled":false},"version":2}},"categories":[1],"tags":[],"class_list":["post-14348","post","type-post","status-publish","format-standard","has-post-thumbnail","hentry","category-ultimas-noticias"],"aioseo_notices":[],"jetpack_publicize_connections":[],"amp_enabled":true,"_links":{"self":[{"href":"https:\/\/noticiasdeangostura.com.ar\/index.php?rest_route=\/wp\/v2\/posts\/14348","targetHints":{"allow":["GET"]}}],"collection":[{"href":"https:\/\/noticiasdeangostura.com.ar\/index.php?rest_route=\/wp\/v2\/posts"}],"about":[{"href":"https:\/\/noticiasdeangostura.com.ar\/index.php?rest_route=\/wp\/v2\/types\/post"}],"author":[{"embeddable":true,"href":"https:\/\/noticiasdeangostura.com.ar\/index.php?rest_route=\/wp\/v2\/users\/1"}],"replies":[{"embeddable":true,"href":"https:\/\/noticiasdeangostura.com.ar\/index.php?rest_route=%2Fwp%2Fv2%2Fcomments&post=14348"}],"version-history":[{"count":0,"href":"https:\/\/noticiasdeangostura.com.ar\/index.php?rest_route=\/wp\/v2\/posts\/14348\/revisions"}],"wp:featuredmedia":[{"embeddable":true,"href":"https:\/\/noticiasdeangostura.com.ar\/index.php?rest_route=\/wp\/v2\/media\/14349"}],"wp:attachment":[{"href":"https:\/\/noticiasdeangostura.com.ar\/index.php?rest_route=%2Fwp%2Fv2%2Fmedia&parent=14348"}],"wp:term":[{"taxonomy":"category","embeddable":true,"href":"https:\/\/noticiasdeangostura.com.ar\/index.php?rest_route=%2Fwp%2Fv2%2Fcategories&post=14348"},{"taxonomy":"post_tag","embeddable":true,"href":"https:\/\/noticiasdeangostura.com.ar\/index.php?rest_route=%2Fwp%2Fv2%2Ftags&post=14348"}],"curies":[{"name":"wp","href":"https:\/\/api.w.org\/{rel}","templated":true}]}}