{"id":14350,"date":"2026-04-25T01:07:11","date_gmt":"2026-04-25T04:07:11","guid":{"rendered":"https:\/\/noticiasdeangostura.com.ar\/?p=14350"},"modified":"2026-04-25T01:07:11","modified_gmt":"2026-04-25T04:07:11","slug":"negocio-perfil","status":"publish","type":"post","link":"https:\/\/noticiasdeangostura.com.ar\/?p=14350","title":{"rendered":"Negocio | Perfil"},"content":{"rendered":"<p> <br \/>\n<br \/><br \/>\n\t\t\t\t\t\tNada debo agradecerte, mano a mano hemos quedado\/No me importa lo que has hecho, lo que hac\u00e9s ni lo que har\u00e1s\/ Los favores recibidos, creo hab\u00e9rtelos pagado\/ Y, si alguna deuda chica, sin querer se me ha olvidado\/ En la cuenta del otario que ten\u00e9s, se la carg\u00e1s    Mano a Mano, compositores Carlos Gardel, Jos\u00e9 Razzano, Carlos Flores    \u201cLa ley de potencia: la mayor\u00eda de las empresas fracasan, pero unas pocas lo hacen de manera extraordinaria. El \u00e9xito extremo se basa en un poder extremo, no en un crecimiento parejo.\u201d <\/p>\n<p>        Esto no les gusta a los autoritarios<\/p>\n<p>                El ejercicio del periodismo profesional y cr\u00edtico es un pilar fundamental de la democracia. Por eso molesta a quienes creen ser los due\u00f1os de la verdad.<\/p>\n<p>    Peter Thiel, De cero a uno, Cap\u00edtulo 10        1. Esta semana, Javier Milei tuvo su doctorado Honoris Causa en la Universidad Bar Illan. Hizo un largo discurso doctrinario, en el que volvi\u00f3 sobre muchas de sus fuentes anarcocapitalistas. Hubo varias citas de Hans-Hermann Hoppe, el principal referente vivo de la corriente, un economista que no se cansa de hablar mal del Presidente argentino, Tambi\u00e9n se refiri\u00f3 a Jes\u00fas Huerta de Soto, sazonado un dosis de Hayek y Benegas Lynch. A eso se sum\u00f3 una curiosa e ingenua lectura de la Biblia, en una interpretaci\u00f3n autopercibida como estoica. Todo en tono \u201cmilei\u201d, un estilo que los argentinos conocemos. Pero en determinado momento, Milei afirm\u00f3 algo clave: \u201cIgual qui\u00e9n es el due\u00f1o del dedo para decir c\u00f3mo deber\u00eda ser ese mundo, \u00bfno? Pero m\u00e1s all\u00e1 de eso, el eje central es: a m\u00ed como economista profesional, en mi otra vida, por decirlo de alguna manera, porque ahora me dedico a otro negocio\u2026\u201d. Considerar la Presidencia como \u201cnegocio\u201d, en un contexto de $Libras, Adornis y Andis es casi una confesi\u00f3n. El chiste y su relaci\u00f3n con la conciencia de un funcionario. Con la moral (o su ausencia) como pol\u00edtica. Si quienes lean este panorama desean detenerse en este punto y no seguir adelante, cuentan con la anuencia del autor. Una parte importante ser\u00e1 intentar profundizar en esta idea: nuestro primer mandatario considera que lo que hace es \u201cnegocio\u201d (https:\/\/www.casarosada.gob.ar\/informacion\/discursos\/51223-palabras-del-presidente-javier-milei-tras-recibir-un-doctorado-honoris-causa-por-parte-de-la-universidad-bar-ilan-de-israel).     2. El discurso de Milei fue doctrinario y, despu\u00e9s de mucho tiempo, volvi\u00f3 sobre su base anarcocapitalista. Lo hizo con \u00e9nfasis. El Presidente sab\u00eda que a su regreso se encontrar\u00eda con Peter Thiel, el l\u00edder de Palantir, el fil\u00f3sofo que considera que la IA puede ser una herramienta en el camino del anarcopoder conservador y reaccionario. Thiel, el que compr\u00f3 una mansi\u00f3n en 12 millones de d\u00f3lares en Barrio Parque, el que hizo su negocio primero con la CIA, luego con el propio Trump, m\u00e1s tarde con Meloni y la polic\u00eda israel\u00ed, est\u00e1 en Buenos Aires y se reuni\u00f3 con Milei esta misma semana. Tambi\u00e9n hizo saber que se instalar\u00eda en nuestra ciudad porque quiere saber \u201cin situ\u201d c\u00f3mo es un gobierno anarcolibertario.     3. Hablar de Thiel es referirse al que seguramente sea el m\u00e1s l\u00facido y activo miembro del pensamiento ultraconservador en el mundo. En un art\u00edculo sobre su socio, el tambi\u00e9n fil\u00f3sofo (de origen progresista) Alex Karp, Tom\u00e1s Borovinsky escribi\u00f3 en la revista Panam\u00e1: \u201cTodos estos planteos, no exentos de pol\u00e9mica, sirven como indicador de cambio de \u00e9poca: lejos del Fin de la historia&#8230; de Fukuyama, pero tambi\u00e9n repensando el 11 de septiembre a la luz de la pandemia, los conflictos \u00e9tnico-religiosos contempor\u00e1neos, el enfrentamiento con China y la reacci\u00f3n anti-woke. Con el agotamiento del \u201cconsenso de 1945\u201d en nuestras manos, guste o no, a favor o en contra, gente como The Technological Republic nos invita, aunque lo extra\u00f1emos horrores, a dejar morir de una vez al siglo XX y asumir el tiempo que nos toca\u201d.    4. Palantir, la empresa de Karp y Thiel, esta misma semana hizo un manifiesto sumamente pol\u00e9mico. Habla del rol de la IA en las guerras que se vienen y de la necesidad de un megapoder para ejecutar ciertas pol\u00edticas. Por ejemplo: \u201cSi un marine estadounidense pide un mejor rifle, deber\u00edamos fabricarlo; y lo mismo ocurre con el software. Deber\u00edamos ser capaces, como pa\u00eds, de seguir debatiendo la pertinencia de una acci\u00f3n militar en el extranjero sin dejar de ser inflexibles en nuestro compromiso con aquellos a quienes hemos pedido que se pongan en peligro\u201d.    5. Thiel a veces se presenta como una suerte de te\u00f3logo, reflotando antiguas miradas cat\u00f3licas ultramontanas. Escribi\u00f3 sobre eso de manera extrema, acusando a los hippies, a Greta Thunberg, a los ecologistas de ser manifestaciones del anticristo en nuestra \u00e9poca. Es el principal promotor de otro cat\u00f3lico ultramontano, JD Vance. Es un seguidor de pensadores que dan sustento al pensamiento ultra, como Ren\u00e9 Girard, Carl Schmitt o Leo Strauss. Pero, esencialmente, es un empresario tecnol\u00f3gico, que us\u00f3 la venta de su primer emprendimiento de renombre Pay Pal para hacer nuevas empresas que lo tornaron cada vez m\u00e1s rico.    Milei en Israel habl\u00f3 de la incompatibilidad de la cultura que \u00e9l llama \u201cjudeocristiana\u201d con otras: para el Presidente es imposible la convivencia con quienes \u201cquieren matarnos\u201d.    6. Hay tres perspectivas para entender la gesti\u00f3n de Milei hasta ahora: el aspecto de la batalla cultural \u2013el ideol\u00f3gico\u2013, el econ\u00f3mico \u2013en el que hasta ahora prim\u00f3 esencialmente el pragmatismo\u2013 y el de la improvisada gesti\u00f3n de gobierno \u2013que el Presidente defini\u00f3 como \u201cnegocio\u201d\u2013. Quiz\u00e1s haya que estar m\u00e1s atentos a este tercer aspecto al analizar el d\u00eda a d\u00eda de los libertarios en el poder. Tambi\u00e9n sus alianzas, sus visitas y sus perspectivas.    7. Volviendo a Thiel, quiz\u00e1s corresponda aplicarle lo que podr\u00edamos llamar el \u201cteorema de N\u00e9stor\u201d. Kirchner sol\u00eda decir \u201cdeben juzgarme por lo que hago y no por lo que digo\u201d. Quiz\u00e1s, detr\u00e1s del conservadurismo rancio, de la provocaci\u00f3n intelectual, se encuentren ideas m\u00e1s simples (y peligrosas por su autoritarismo) de lo que parece. Quiz\u00e1s lo ideol\u00f3gico sea en este caso \u2013una vez m\u00e1s\u2013 una excusa para hacer negocios.  <\/p>\n","protected":false},"excerpt":{"rendered":"<p>Nada debo agradecerte, mano a mano hemos quedado\/No me importa lo que has hecho, lo que hac\u00e9s ni lo que har\u00e1s\/ Los favores recibidos, creo hab\u00e9rtelos pagado\/ Y, si alguna deuda chica, sin querer se me ha olvidado\/ En la cuenta del otario que ten\u00e9s, se la carg\u00e1s Mano a Mano, compositores Carlos Gardel, Jos\u00e9 [&hellip;]<\/p>\n","protected":false},"author":1,"featured_media":14351,"comment_status":"","ping_status":"open","sticky":false,"template":"","format":"standard","meta":{"_monsterinsights_skip_tracking":false,"_monsterinsights_sitenote_active":false,"_monsterinsights_sitenote_note":"","_monsterinsights_sitenote_category":0,"footnotes":"","jetpack_publicize_message":"","jetpack_publicize_feature_enabled":true,"jetpack_social_post_already_shared":true,"jetpack_social_options":{"image_generator_settings":{"template":"highway","default_image_id":0,"font":"","enabled":false},"version":2}},"categories":[11],"tags":[],"class_list":["post-14350","post","type-post","status-publish","format-standard","has-post-thumbnail","hentry","category-actualidad"],"aioseo_notices":[],"jetpack_publicize_connections":[],"amp_enabled":true,"_links":{"self":[{"href":"https:\/\/noticiasdeangostura.com.ar\/index.php?rest_route=\/wp\/v2\/posts\/14350","targetHints":{"allow":["GET"]}}],"collection":[{"href":"https:\/\/noticiasdeangostura.com.ar\/index.php?rest_route=\/wp\/v2\/posts"}],"about":[{"href":"https:\/\/noticiasdeangostura.com.ar\/index.php?rest_route=\/wp\/v2\/types\/post"}],"author":[{"embeddable":true,"href":"https:\/\/noticiasdeangostura.com.ar\/index.php?rest_route=\/wp\/v2\/users\/1"}],"replies":[{"embeddable":true,"href":"https:\/\/noticiasdeangostura.com.ar\/index.php?rest_route=%2Fwp%2Fv2%2Fcomments&post=14350"}],"version-history":[{"count":0,"href":"https:\/\/noticiasdeangostura.com.ar\/index.php?rest_route=\/wp\/v2\/posts\/14350\/revisions"}],"wp:featuredmedia":[{"embeddable":true,"href":"https:\/\/noticiasdeangostura.com.ar\/index.php?rest_route=\/wp\/v2\/media\/14351"}],"wp:attachment":[{"href":"https:\/\/noticiasdeangostura.com.ar\/index.php?rest_route=%2Fwp%2Fv2%2Fmedia&parent=14350"}],"wp:term":[{"taxonomy":"category","embeddable":true,"href":"https:\/\/noticiasdeangostura.com.ar\/index.php?rest_route=%2Fwp%2Fv2%2Fcategories&post=14350"},{"taxonomy":"post_tag","embeddable":true,"href":"https:\/\/noticiasdeangostura.com.ar\/index.php?rest_route=%2Fwp%2Fv2%2Ftags&post=14350"}],"curies":[{"name":"wp","href":"https:\/\/api.w.org\/{rel}","templated":true}]}}