{"id":14354,"date":"2026-04-25T02:12:12","date_gmt":"2026-04-25T05:12:12","guid":{"rendered":"https:\/\/noticiasdeangostura.com.ar\/?p=14354"},"modified":"2026-04-25T02:12:12","modified_gmt":"2026-04-25T05:12:12","slug":"neuquen-consolida-una-estrategia-integral-para-prevenir-riesgos-digitales","status":"publish","type":"post","link":"https:\/\/noticiasdeangostura.com.ar\/?p=14354","title":{"rendered":"Neuqu\u00e9n consolida una estrategia integral para prevenir riesgos digitales\u00a0"},"content":{"rendered":"<p> <br \/>\n<br \/><\/p>\n<p>Re\u00fane a organismos de los tres poderes del Estado, fuerzas de seguridad y especialistas.<\/p>\n<div>\n<p>Con eje en la prevenci\u00f3n. la Provincia puso en marcha la Mesa Provincial de Prevenci\u00f3n de Riesgos Asociados a Internet, un espacio que re\u00fane a organismos de los tres poderes del Estado, fuerzas de seguridad y especialistas.<\/p>\n<p>El primer encuentro se realiz\u00f3 en el Espacio DUAM de la ciudad de Neuqu\u00e9n capital y permitir\u00e1 avanzar en\u00a0 la construcci\u00f3n de pol\u00edticas p\u00fablicas integrales frente a problem\u00e1ticas como el grooming, el ciberbullying, la difusi\u00f3n de material \u00edntimo sin consentimiento y el abuso sexual infantil en entornos digitales, entre otros.<\/p>\n<p>A lo largo de la jornada, los participantes trabajaron en comisiones tem\u00e1ticas centradas en la prevenci\u00f3n y la sensibilizaci\u00f3n temprana, el abordaje de situaciones cr\u00edticas, la formaci\u00f3n y capacitaci\u00f3n, y el desarrollo de un marco normativo actualizado.<\/p>\n<p>La subsecretaria de Juventud, <strong>Katherina Allende<\/strong>, inform\u00f3 que <em>\u201cempezamos a pensar en esto, que es una tem\u00e1tica que nos involucra a todos\u00a0 porque seguramente nos vinculamos de manera cercana o en familia con j\u00f3venes, ni\u00f1as, ni\u00f1os y adolescentes. Es importante trabajar en el tema de la prevenci\u00f3n\u201d.<\/em><\/p>\n<p><em>\u201cTenemos que ser conscientes y generar estrategias que sirvan, para que podamos construir entre todos un plan de trabajo que podamos llevarlo a territorio a trav\u00e9s de diferentes organismos\u201d<\/em>, a\u00f1adi\u00f3.<\/p>\n<p>Reconoci\u00f3 que es un pedido del gobernador <strong>Rolando Figueroa<\/strong>, <em>\u00abque involucra articular a nivel ministerial, pero tambi\u00e9n con los tres poderes del Estado, para poder llevarlo adelante como una pol\u00edtica p\u00fablica, de Estado\u201d.<\/em><\/p>\n<p>Por su parte, el director provincial de Tecnolog\u00edas Aplicadas a la Seguridad, Daniel Domene, valor\u00f3 la creaci\u00f3n del espacio como un avance estrat\u00e9gico. \u201cM\u00e1s que nunca, necesitamos fortalecer la articulaci\u00f3n entre organismos, compartir informaci\u00f3n y generar herramientas concretas que nos permitan anticiparnos y dar respuestas eficaces\u201d, sostuvo.<\/p>\n<p>\u201cEs importante que podamos decir \u2018vamos por este camino, en conjunto\u2019. Trabajemos con acciones como la prevenci\u00f3n, la concientizaci\u00f3n y la sensibilizaci\u00f3n, como primer paso\u201d, agreg\u00f3.<\/p>\n<p>Por su parte, el director ejecutivo de Grooming Argentina, <strong>Hern\u00e1n Navarro<\/strong>, coincidi\u00f3 en la centralidad de la prevenci\u00f3n y reconoci\u00f3 que \u201cdebe ser el punto de partida de algo que verdaderamente podamos sostener en el tiempo, a trav\u00e9s de una mesa plural, colectiva y transversal, que sea integral\u201d.<\/p>\n<p>Desde el ministerio de Seguridad destacaron que esta mesa constituye el primer \u00e1mbito formal de articulaci\u00f3n interinstitucional para superar la fragmentaci\u00f3n de acciones y avanzar hacia respuestas m\u00e1s r\u00e1pidas y efectivas.<\/p>\n<p>En ese sentido, remarcaron el fortalecimiento del \u00e1rea de Tecnolog\u00edas Aplicadas a la Seguridad y la incorporaci\u00f3n de equipos especializados en ciberdelitos dentro de la Polic\u00eda provincial, especialmente en el abordaje del grooming y las ciberestafas.<\/p>\n<p>El encuentro cont\u00f3 con la participaci\u00f3n de representantes de Seguridad, Polic\u00eda, Educaci\u00f3n, Juventud, Familia, Mujeres y Diversidad, Discapacidad, Trabajo Infantil (COPRETI), IJAN, Ministerio P\u00fablico Fiscal, Defensor\u00eda, Protecci\u00f3n al Consumidor, L\u00ednea 148 y organizaciones de la sociedad civil, entre otros actores.<\/p>\n<p>Como continuidad del trabajo, se acord\u00f3 sostener la mesa con nuevos encuentros, que tendr\u00e1n su continuidad en junio y permitir\u00e1n profundizar las acciones en territorio, con foco en la prevenci\u00f3n y la protecci\u00f3n de derechos.<\/p>\n<p>Ante situaciones de riesgo en entornos digitales, la ciudadan\u00eda puede comunicarse con la L\u00ednea 148 para recibir orientaci\u00f3n y acompa\u00f1amiento.<\/p>\n<p>\u00a0<\/p>\n<\/p><\/div>\n<p><script type=\"2fb2479d606dca56deb16fb9-text\/javascript\">\n    window.addEventListener('load', () => {\n        if (typeof FB !== 'undefined' && FB.init) {\n            \/\/ La SDK de Facebook est\u00e1 inicializada\n        } else {\n            \/\/ La SDK de Facebook no est\u00e1 inicializada\n            var script = document.createElement('script');\n            script.async = true;\n            script.defer = true;\n            script.crossOrigin = 'anonymous';\n            script.src=\"https:\/\/connect.facebook.net\/es_LA\/sdk.js#xfbml=1&version=v17.0&appId=868452105110858&autoLogAppEvents=1\";\n            script.nonce=\"eBgX2sTe\";\n            document.head.appendChild(script);\n        }\n        \/* FIX YOUTUBE (fix width) *\/\n        var youtubeIframes = document.querySelectorAll('iframe[src*=\"youtube.com\/embed\"]');\n        youtubeIframes.forEach(function(iframe) {\n            var containerWidth = iframe.parentElement.clientWidth || iframe.parentElement.offsetWidth;\n            if(containerWidth && iframe.width > containerWidth){\n                iframe.width = containerWidth;\n                iframe.height = (containerWidth \/ 16) * 9; \/\/ Assuming a 16:9 aspect ratio\n            }\n        });\n    });\n<\/script><script type=\"2fb2479d606dca56deb16fb9-text\/javascript\">\n        window.addEventListener('load', () => {\n            if (typeof FB !== 'undefined' && FB.init) {\n                \/\/ La SDK de Facebook est\u00e1 inicializada\n            } else {\n                \/\/ La SDK de Facebook no est\u00e1 inicializada\n                var script = document.createElement('script');\n                script.async = true;\n                script.defer = true;\n                script.crossOrigin = 'anonymous';\n                script.src=\"https:\/\/connect.facebook.net\/es_LA\/sdk.js#xfbml=1&version=v17.0&appId=868452105110858&autoLogAppEvents=1\";\n                script.nonce=\"eBgX2sTe\";\n                document.head.appendChild(script);\n            }\n        });\n<\/script><\/p>\n","protected":false},"excerpt":{"rendered":"<p>Re\u00fane a organismos de los tres poderes del Estado, fuerzas de seguridad y especialistas. Con eje en la prevenci\u00f3n. la Provincia puso en marcha la Mesa Provincial de Prevenci\u00f3n de Riesgos Asociados a Internet, un espacio que re\u00fane a organismos de los tres poderes del Estado, fuerzas de seguridad y especialistas. El primer encuentro se [&hellip;]<\/p>\n","protected":false},"author":1,"featured_media":14355,"comment_status":"","ping_status":"open","sticky":false,"template":"","format":"standard","meta":{"_monsterinsights_skip_tracking":false,"_monsterinsights_sitenote_active":false,"_monsterinsights_sitenote_note":"","_monsterinsights_sitenote_category":0,"footnotes":"","jetpack_publicize_message":"","jetpack_publicize_feature_enabled":true,"jetpack_social_post_already_shared":true,"jetpack_social_options":{"image_generator_settings":{"template":"highway","default_image_id":0,"font":"","enabled":false},"version":2}},"categories":[4],"tags":[158,1494,1178,256,21,50,609,2453,40],"class_list":["post-14354","post","type-post","status-publish","format-standard","has-post-thumbnail","hentry","category-regionales","tag-consolida","tag-digitales","tag-estrategia","tag-integral","tag-neuquen","tag-para","tag-prevenir","tag-riesgos","tag-una"],"aioseo_notices":[],"jetpack_publicize_connections":[],"amp_enabled":true,"_links":{"self":[{"href":"https:\/\/noticiasdeangostura.com.ar\/index.php?rest_route=\/wp\/v2\/posts\/14354","targetHints":{"allow":["GET"]}}],"collection":[{"href":"https:\/\/noticiasdeangostura.com.ar\/index.php?rest_route=\/wp\/v2\/posts"}],"about":[{"href":"https:\/\/noticiasdeangostura.com.ar\/index.php?rest_route=\/wp\/v2\/types\/post"}],"author":[{"embeddable":true,"href":"https:\/\/noticiasdeangostura.com.ar\/index.php?rest_route=\/wp\/v2\/users\/1"}],"replies":[{"embeddable":true,"href":"https:\/\/noticiasdeangostura.com.ar\/index.php?rest_route=%2Fwp%2Fv2%2Fcomments&post=14354"}],"version-history":[{"count":0,"href":"https:\/\/noticiasdeangostura.com.ar\/index.php?rest_route=\/wp\/v2\/posts\/14354\/revisions"}],"wp:featuredmedia":[{"embeddable":true,"href":"https:\/\/noticiasdeangostura.com.ar\/index.php?rest_route=\/wp\/v2\/media\/14355"}],"wp:attachment":[{"href":"https:\/\/noticiasdeangostura.com.ar\/index.php?rest_route=%2Fwp%2Fv2%2Fmedia&parent=14354"}],"wp:term":[{"taxonomy":"category","embeddable":true,"href":"https:\/\/noticiasdeangostura.com.ar\/index.php?rest_route=%2Fwp%2Fv2%2Fcategories&post=14354"},{"taxonomy":"post_tag","embeddable":true,"href":"https:\/\/noticiasdeangostura.com.ar\/index.php?rest_route=%2Fwp%2Fv2%2Ftags&post=14354"}],"curies":[{"name":"wp","href":"https:\/\/api.w.org\/{rel}","templated":true}]}}