{"id":14360,"date":"2026-04-25T03:06:56","date_gmt":"2026-04-25T06:06:56","guid":{"rendered":"https:\/\/noticiasdeangostura.com.ar\/?p=14360"},"modified":"2026-04-25T03:06:56","modified_gmt":"2026-04-25T06:06:56","slug":"ya-no-habra-limpiavidrios-en-las-calles-neuquinas-el-70-viene-de-afuera","status":"publish","type":"post","link":"https:\/\/noticiasdeangostura.com.ar\/?p=14360","title":{"rendered":"Ya no habr\u00e1 \u201climpiavidrios\u201d en las calles neuquinas: el 70% viene de afuera"},"content":{"rendered":"<p> <br \/>\n<br \/><\/p>\n<p>En el tratamiento y aprobaci\u00f3n de la norma para la capital, los ediles informaron que en el censo realizado a quienes limpian parabrisas s\u00f3lo el 30 por ciento es de la ciudad.<\/p>\n<p>El proyecto se\u00f1al\u00f3 que ese servicio en las calles \u201cgenera accidentes por entorpecimiento del tr\u00e1nsito, demoras en la circulaci\u00f3n y en algunos casos hostigamiento y acoso por parte de las personas que desarrollan esta actividad.<\/p>\n<div>\n<p>El <a href=\"http:\/\/www.cdnqn.gov.ar\/aprobado-el-proyecto-que-prohibe-la-actividad-de-limpiavidrios-en-la-ciudad\/\" target=\"_blank\" rel=\"noopener\"><strong>Concejo Deliberante (HCD) <\/strong><\/a>de la ciudad de Neuqu\u00e9n aprob\u00f3 por mayor\u00eda la <a href=\"https:\/\/www.alertadigital.ar\/noticias\/2026\/03\/11\/160629-proponen-prohibir-a-los-limpiavidrios-en-neuquen-y-abrir-un-registro-para-reinsertarlos-laboralmente\" target=\"_blank\" rel=\"noopener\"><strong>prohibici\u00f3n del lavado de vidrios de veh\u00edculos en las esquinas con o sin sem\u00e1foros<\/strong><\/a>, tal como ya sucede en otras localidades de la regi\u00f3n y el pa\u00eds. En el tratamiento, se inform\u00f3 que del censo realizado a quienes lavan parabrisas en la v\u00eda p\u00fablica \u201cel 70% de las personas censadas no son oriundas de Neuqu\u00e9n por lo que se trabajar\u00e1 en la revinculaci\u00f3n con sus lugares de origen. Referido al 30% restante que s\u00ed pertenece a la ciudad, se llevar\u00e1n adelante capacitaciones con la intenci\u00f3n de permitirles reinsertarse laboralmente\u201d.<\/p>\n<p>El proyecto, enviado por el Ejecutivo municipal, se\u00f1al\u00f3 que ese servicio en las calles \u201cgenera accidentes por entorpecimiento del tr\u00e1nsito, demoras en la circulaci\u00f3n y en algunos casos hostigamiento y acoso por parte de las personas que desarrollan esta actividad\u201d.<\/p>\n<p>Una vez que se promulgue la ordenanza, ser\u00e1 tarea de inspectores municipales apoyados por efectivos de la polic\u00eda neuquina la vigilancia de quienes limpien vidrios de veh\u00edculos en calles con o sin sem\u00e1foros. Adem\u00e1s, ser\u00e1n los juzgados de faltas quienes estipulen si quien realiza la actividad cumple con el pago de una multa o se reemplaza el castigo por tareas comunitarias o programas de formaci\u00f3n laboral.<\/p>\n<p>Las multas econ\u00f3micas no s\u00f3lo alcanzar\u00e1n a \u201climpiavidrios\u201d sino tambi\u00e9n a los conductores que permitan ese servicio callejero: las sanciones pueden alcanzar los $262.800 para los automovilistas.<\/p>\n<p>Votaron a favor de la norma la presidenta del Concejo Deliberante, <strong>Claudia Argumero<\/strong> y los concejales <strong>Atilio Sguazzini Mazuel, Mar\u00eda Victoria Fern\u00e1ndez, Mariana Cofr\u00e9, Santiago Gal\u00edndez<\/strong> (Movimiento Popular Neuquino), <strong>Jos\u00e9 Luis Artaza, Joaqu\u00edn Egu\u00eda, Cintia Meri\u00f1o<\/strong> (Fuerza Libertaria), <strong>Denisse Stillger<\/strong> (PRO), <strong>Ana Karina Rojo<\/strong> (Pluralistas), <strong>Laura P\u00e9rez<\/strong> (Comunidad Neuquinizate), <strong>Sergio Marino<\/strong> (Juntos Por la Vida) y <strong>Romina Miranda<\/strong> (Confluencia Neuquina).<\/p>\n<p>Por su parte, en contra lo hicieron <strong>Valeria Todero<\/strong> (Coalici\u00f3n C\u00edvica &#8211; ARI), <strong>Federico S\u00e1nchez<\/strong> (FIT Unidad), <strong>Julieta Katcoff<\/strong> (PTS &#8211; FIT Unidad) y <strong>Daniel Figueroa<\/strong> (Uni\u00f3n Por la Patria &#8211; NQN), mientras que el concejal por La Libertad Avanza, <strong>Nicol\u00e1s Montero<\/strong>, se abstuvo.<\/p>\n<\/p><\/div>\n","protected":false},"excerpt":{"rendered":"<p>En el tratamiento y aprobaci\u00f3n de la norma para la capital, los ediles informaron que en el censo realizado a quienes limpian parabrisas s\u00f3lo el 30 por ciento es de la ciudad. El proyecto se\u00f1al\u00f3 que ese servicio en las calles \u201cgenera accidentes por entorpecimiento del tr\u00e1nsito, demoras en la circulaci\u00f3n y en algunos casos [&hellip;]<\/p>\n","protected":false},"author":1,"featured_media":14361,"comment_status":"","ping_status":"open","sticky":false,"template":"","format":"standard","meta":{"_monsterinsights_skip_tracking":false,"_monsterinsights_sitenote_active":false,"_monsterinsights_sitenote_note":"","_monsterinsights_sitenote_category":0,"footnotes":"","jetpack_publicize_message":"","jetpack_publicize_feature_enabled":true,"jetpack_social_post_already_shared":true,"jetpack_social_options":{"image_generator_settings":{"template":"highway","default_image_id":0,"font":"","enabled":false},"version":2}},"categories":[1],"tags":[],"class_list":["post-14360","post","type-post","status-publish","format-standard","has-post-thumbnail","hentry","category-ultimas-noticias"],"aioseo_notices":[],"jetpack_publicize_connections":[],"amp_enabled":true,"_links":{"self":[{"href":"https:\/\/noticiasdeangostura.com.ar\/index.php?rest_route=\/wp\/v2\/posts\/14360","targetHints":{"allow":["GET"]}}],"collection":[{"href":"https:\/\/noticiasdeangostura.com.ar\/index.php?rest_route=\/wp\/v2\/posts"}],"about":[{"href":"https:\/\/noticiasdeangostura.com.ar\/index.php?rest_route=\/wp\/v2\/types\/post"}],"author":[{"embeddable":true,"href":"https:\/\/noticiasdeangostura.com.ar\/index.php?rest_route=\/wp\/v2\/users\/1"}],"replies":[{"embeddable":true,"href":"https:\/\/noticiasdeangostura.com.ar\/index.php?rest_route=%2Fwp%2Fv2%2Fcomments&post=14360"}],"version-history":[{"count":0,"href":"https:\/\/noticiasdeangostura.com.ar\/index.php?rest_route=\/wp\/v2\/posts\/14360\/revisions"}],"wp:featuredmedia":[{"embeddable":true,"href":"https:\/\/noticiasdeangostura.com.ar\/index.php?rest_route=\/wp\/v2\/media\/14361"}],"wp:attachment":[{"href":"https:\/\/noticiasdeangostura.com.ar\/index.php?rest_route=%2Fwp%2Fv2%2Fmedia&parent=14360"}],"wp:term":[{"taxonomy":"category","embeddable":true,"href":"https:\/\/noticiasdeangostura.com.ar\/index.php?rest_route=%2Fwp%2Fv2%2Fcategories&post=14360"},{"taxonomy":"post_tag","embeddable":true,"href":"https:\/\/noticiasdeangostura.com.ar\/index.php?rest_route=%2Fwp%2Fv2%2Ftags&post=14360"}],"curies":[{"name":"wp","href":"https:\/\/api.w.org\/{rel}","templated":true}]}}