{"id":14481,"date":"2026-04-25T22:22:47","date_gmt":"2026-04-26T01:22:47","guid":{"rendered":"https:\/\/noticiasdeangostura.com.ar\/?p=14481"},"modified":"2026-04-25T22:22:47","modified_gmt":"2026-04-26T01:22:47","slug":"la-casa-integral-de-las-mujeres-en-anelo-estara-lista-a-mediados-de-ano","status":"publish","type":"post","link":"https:\/\/noticiasdeangostura.com.ar\/?p=14481","title":{"rendered":"La Casa Integral de las Mujeres en A\u00f1elo estar\u00e1 lista a mediados de a\u00f1o"},"content":{"rendered":"<p> <br \/>\n<br \/><\/p>\n<p>Se trata de una obra que hab\u00eda comenzado en 2022 y estaba paralizada. El gobierno provincial, con fondos propios, la reactiv\u00f3 este a\u00f1o y estar\u00e1 finalizada a mediados de 2026.<\/p>\n<div>\n<p>Como parte de las pol\u00edticas p\u00fablicas orientadas a la equidad de g\u00e9nero, el ministerio de Infraestructura contin\u00faa desarrollando la construcci\u00f3n de la Casa Integral de las Mujeres en A\u00f1elo. Se trata de una obra que hab\u00eda comenzado en 2022 y estaba paralizada. El Gobierno provincial, con fondos propios, la reactiv\u00f3 este a\u00f1o y estar\u00e1 finalizada a mediados de 2026.<\/p>\n<p>La ministra <strong>Tanya Bertoldi<\/strong> y el coordinador general del ministerio, <strong>Gonzalo Peralta<\/strong>, recorrieron la obra que actualmente presenta un avance del 50 por ciento.<\/p>\n<p>El Estado provincial tom\u00f3 la decisi\u00f3n de retomar la construcci\u00f3n en marzo de este a\u00f1o con fondos del Instituto Provincial de Vivienda y Urbanismo (IPVU). La obra la lleva adelante la Cooperativa de Trabajo Los Amigos. El complejo permitir\u00e1 dar alojamiento seguro a 18 mujeres y contar\u00e1 con 6 dormitorios con capacidad para tres personas cada uno.<\/p>\n<p><strong>Datos t\u00e9cnicos de la construcci\u00f3n<\/strong><\/p>\n<p>La obra consiste en la construcci\u00f3n de una vivienda para mujeres jefas de hogar y consta de una superficie que supera los 381 metros cuadrados. Se ejecuta con un sistema constructivo mixto y tabiquer\u00eda liviana.<\/p>\n<p>La cubierta liviana es toda met\u00e1lica con aislaci\u00f3n termo hidr\u00f3fuga y chapa trapezoidal, cielorraso suspendido de placa de yeso tipo Durlock, carpinter\u00eda de aluminio pre pintado blanco con doble vidriado herm\u00e9tico, pisos cer\u00e1micos alto tr\u00e1nsito y revestimientos cer\u00e1micos en locales h\u00famedos, cocina y ba\u00f1os. Adem\u00e1s, la obra contar\u00e1 con servicios de electricidad, gas y agua.<\/p>\n<p><strong>Las casas integrales de las mujeres<\/strong><\/p>\n<p>El Gobierno de la Provincia est\u00e1 fuertemente comprometido con la erradicaci\u00f3n de todos los tipos de violencias y con la construcci\u00f3n de una sociedad inclusiva donde se garanticen los derechos de todas las personas. Es por ello que resulta necesario establecer instrumentos concretos para aquellas mujeres que se encuentran en situaci\u00f3n de vulnerabilidad, planificando pol\u00edticas p\u00fablicas espec\u00edficas tendientes a disminuir las diferencias pol\u00edticas, sociales y culturales.<\/p>\n<p>Las Casas Integrales para las Mujeres son espacios que buscan escuchar, acompa\u00f1ar, contener y brindar herramientas para acompa\u00f1ar el fortalecimiento, empoderamiento e independencia econ\u00f3mica que les posibilite desarrollar un proyecto de vida pleno, de manera aut\u00f3noma y libre de violencias.<\/p>\n<p>Adem\u00e1s de estar preparadas para actuar ante la emergencia, cuentan con espacios destinados a la formaci\u00f3n, capacitaci\u00f3n, asesoramiento, acompa\u00f1amiento y a la realizaci\u00f3n de actividades de prevenci\u00f3n y promoci\u00f3n de derechos.<\/p>\n<\/p><\/div>\n<p><script type=\"4e3d8fcd74ad02ed10177af4-text\/javascript\">\n    window.addEventListener('load', () => {\n        if (typeof FB !== 'undefined' && FB.init) {\n            \/\/ La SDK de Facebook est\u00e1 inicializada\n        } else {\n            \/\/ La SDK de Facebook no est\u00e1 inicializada\n            var script = document.createElement('script');\n            script.async = true;\n            script.defer = true;\n            script.crossOrigin = 'anonymous';\n            script.src=\"https:\/\/connect.facebook.net\/es_LA\/sdk.js#xfbml=1&version=v17.0&appId=868452105110858&autoLogAppEvents=1\";\n            script.nonce=\"eBgX2sTe\";\n            document.head.appendChild(script);\n        }\n        \/* FIX YOUTUBE (fix width) *\/\n        var youtubeIframes = document.querySelectorAll('iframe[src*=\"youtube.com\/embed\"]');\n        youtubeIframes.forEach(function(iframe) {\n            var containerWidth = iframe.parentElement.clientWidth || iframe.parentElement.offsetWidth;\n            if(containerWidth && iframe.width > containerWidth){\n                iframe.width = containerWidth;\n                iframe.height = (containerWidth \/ 16) * 9; \/\/ Assuming a 16:9 aspect ratio\n            }\n        });\n    });\n<\/script><\/p>\n","protected":false},"excerpt":{"rendered":"<p>Se trata de una obra que hab\u00eda comenzado en 2022 y estaba paralizada. El gobierno provincial, con fondos propios, la reactiv\u00f3 este a\u00f1o y estar\u00e1 finalizada a mediados de 2026. Como parte de las pol\u00edticas p\u00fablicas orientadas a la equidad de g\u00e9nero, el ministerio de Infraestructura contin\u00faa desarrollando la construcci\u00f3n de la Casa Integral de [&hellip;]<\/p>\n","protected":false},"author":1,"featured_media":14482,"comment_status":"","ping_status":"","sticky":false,"template":"","format":"standard","meta":{"_monsterinsights_skip_tracking":false,"_monsterinsights_sitenote_active":false,"_monsterinsights_sitenote_note":"","_monsterinsights_sitenote_category":0,"footnotes":"","jetpack_publicize_message":"","jetpack_publicize_feature_enabled":true,"jetpack_social_post_already_shared":true,"jetpack_social_options":{"image_generator_settings":{"template":"highway","default_image_id":0,"font":"","enabled":false},"version":2}},"categories":[4],"tags":[178,1091,412,1791,256,129,649,2480,397],"class_list":["post-14481","post","type-post","status-publish","format-standard","has-post-thumbnail","hentry","category-regionales","tag-anelo","tag-ano","tag-casa","tag-estara","tag-integral","tag-las","tag-lista","tag-mediados","tag-mujeres"],"aioseo_notices":[],"jetpack_publicize_connections":[],"amp_enabled":true,"_links":{"self":[{"href":"https:\/\/noticiasdeangostura.com.ar\/index.php?rest_route=\/wp\/v2\/posts\/14481","targetHints":{"allow":["GET"]}}],"collection":[{"href":"https:\/\/noticiasdeangostura.com.ar\/index.php?rest_route=\/wp\/v2\/posts"}],"about":[{"href":"https:\/\/noticiasdeangostura.com.ar\/index.php?rest_route=\/wp\/v2\/types\/post"}],"author":[{"embeddable":true,"href":"https:\/\/noticiasdeangostura.com.ar\/index.php?rest_route=\/wp\/v2\/users\/1"}],"replies":[{"embeddable":true,"href":"https:\/\/noticiasdeangostura.com.ar\/index.php?rest_route=%2Fwp%2Fv2%2Fcomments&post=14481"}],"version-history":[{"count":0,"href":"https:\/\/noticiasdeangostura.com.ar\/index.php?rest_route=\/wp\/v2\/posts\/14481\/revisions"}],"wp:featuredmedia":[{"embeddable":true,"href":"https:\/\/noticiasdeangostura.com.ar\/index.php?rest_route=\/wp\/v2\/media\/14482"}],"wp:attachment":[{"href":"https:\/\/noticiasdeangostura.com.ar\/index.php?rest_route=%2Fwp%2Fv2%2Fmedia&parent=14481"}],"wp:term":[{"taxonomy":"category","embeddable":true,"href":"https:\/\/noticiasdeangostura.com.ar\/index.php?rest_route=%2Fwp%2Fv2%2Fcategories&post=14481"},{"taxonomy":"post_tag","embeddable":true,"href":"https:\/\/noticiasdeangostura.com.ar\/index.php?rest_route=%2Fwp%2Fv2%2Ftags&post=14481"}],"curies":[{"name":"wp","href":"https:\/\/api.w.org\/{rel}","templated":true}]}}