{"id":14483,"date":"2026-04-25T22:26:47","date_gmt":"2026-04-26T01:26:47","guid":{"rendered":"https:\/\/noticiasdeangostura.com.ar\/?p=14483"},"modified":"2026-04-25T22:26:47","modified_gmt":"2026-04-26T01:26:47","slug":"pintaron-una-estrella-amarilla-en-la-ruta-237-para-recordar-a-un-joven-camionero-fallecido","status":"publish","type":"post","link":"https:\/\/noticiasdeangostura.com.ar\/?p=14483","title":{"rendered":"Pintaron una estrella amarilla en la Ruta 237 para recordar a un joven camionero fallecido"},"content":{"rendered":"<p> <br \/>\n<br \/><\/p>\n<p>La organizaci\u00f3n Estrellas del Neuqu\u00e9n homenaje\u00f3 a un camionero de 33 a\u00f1os fallecido en la Ruta 237 con la pintura de una estrella amarilla, en una jornada cargada de emoci\u00f3n y concientizaci\u00f3n vial.<\/p>\n<div>\n<p>La organizaci\u00f3n Estrellas del Neuqu\u00e9n realiz\u00f3 una emotiva jornada sobre la Ruta Nacional 237, donde pintaron una estrella amarilla en memoria de Wenil, un camionero de 33 a\u00f1os que perdi\u00f3 la vida el pasado viernes 19 mientras viajaba desde Neuqu\u00e9n hacia Bariloche.<\/p>\n<p>El homenaje no solo record\u00f3 el siniestro vial, sino tambi\u00e9n la vida del joven. Su nombre, de origen mapuche, significa \u201camigable\u201d, una caracter\u00edstica que, seg\u00fan quienes lo conocieron, lo defin\u00eda plenamente.<\/p>\n<p class=\"noEditable noticia-relacionada\" data-id=\"332397\"><ampiframe src=\"https:\/\/www.noticiasnqn.com.ar\/api\/noticias\/332397\/relacionadas?amp=1\" layout=\"fixed-height\" sandbox=\"allow-top-navigation allow-top-navigation-by-user-activation allow-scripts \" height=\"100px\"> <b placeholder=\"\">Lee tambi\u00e9n: Hallaron ocho fetos en una cl\u00ednica y se investiga una posible red de trata<\/b> <\/ampiframe><\/p>\n<p>Durante la actividad, familiares, amigos y miembros de la organizaci\u00f3n compartieron un momento cargado de emoci\u00f3n, en el que el dolor se mezcl\u00f3 con el respeto y el recuerdo. La estrella amarilla qued\u00f3 marcada en el lugar del hecho como s\u00edmbolo de memoria y concientizaci\u00f3n.<\/p>\n<p>Desde la organizaci\u00f3n remarcaron que cada estrella en la ruta representa una vida que se perdi\u00f3 y busca generar reflexi\u00f3n en la sociedad sobre la importancia de la seguridad vial.<\/p>\n<p>\u201cQue su recuerdo nos haga m\u00e1s conscientes. Que su nombre no sea uno m\u00e1s\u201d, expresaron durante la jornada.<\/p>\n<\/p><\/div>\n","protected":false},"excerpt":{"rendered":"<p>La organizaci\u00f3n Estrellas del Neuqu\u00e9n homenaje\u00f3 a un camionero de 33 a\u00f1os fallecido en la Ruta 237 con la pintura de una estrella amarilla, en una jornada cargada de emoci\u00f3n y concientizaci\u00f3n vial. La organizaci\u00f3n Estrellas del Neuqu\u00e9n realiz\u00f3 una emotiva jornada sobre la Ruta Nacional 237, donde pintaron una estrella amarilla en memoria de [&hellip;]<\/p>\n","protected":false},"author":1,"featured_media":14484,"comment_status":"","ping_status":"","sticky":false,"template":"","format":"standard","meta":{"_monsterinsights_skip_tracking":false,"_monsterinsights_sitenote_active":false,"_monsterinsights_sitenote_note":"","_monsterinsights_sitenote_category":0,"footnotes":"","jetpack_publicize_message":"","jetpack_publicize_feature_enabled":true,"jetpack_social_post_already_shared":true,"jetpack_social_options":{"image_generator_settings":{"template":"highway","default_image_id":0,"font":"","enabled":false},"version":2}},"categories":[1],"tags":[],"class_list":["post-14483","post","type-post","status-publish","format-standard","has-post-thumbnail","hentry","category-ultimas-noticias"],"aioseo_notices":[],"jetpack_publicize_connections":[],"amp_enabled":true,"_links":{"self":[{"href":"https:\/\/noticiasdeangostura.com.ar\/index.php?rest_route=\/wp\/v2\/posts\/14483","targetHints":{"allow":["GET"]}}],"collection":[{"href":"https:\/\/noticiasdeangostura.com.ar\/index.php?rest_route=\/wp\/v2\/posts"}],"about":[{"href":"https:\/\/noticiasdeangostura.com.ar\/index.php?rest_route=\/wp\/v2\/types\/post"}],"author":[{"embeddable":true,"href":"https:\/\/noticiasdeangostura.com.ar\/index.php?rest_route=\/wp\/v2\/users\/1"}],"replies":[{"embeddable":true,"href":"https:\/\/noticiasdeangostura.com.ar\/index.php?rest_route=%2Fwp%2Fv2%2Fcomments&post=14483"}],"version-history":[{"count":0,"href":"https:\/\/noticiasdeangostura.com.ar\/index.php?rest_route=\/wp\/v2\/posts\/14483\/revisions"}],"wp:featuredmedia":[{"embeddable":true,"href":"https:\/\/noticiasdeangostura.com.ar\/index.php?rest_route=\/wp\/v2\/media\/14484"}],"wp:attachment":[{"href":"https:\/\/noticiasdeangostura.com.ar\/index.php?rest_route=%2Fwp%2Fv2%2Fmedia&parent=14483"}],"wp:term":[{"taxonomy":"category","embeddable":true,"href":"https:\/\/noticiasdeangostura.com.ar\/index.php?rest_route=%2Fwp%2Fv2%2Fcategories&post=14483"},{"taxonomy":"post_tag","embeddable":true,"href":"https:\/\/noticiasdeangostura.com.ar\/index.php?rest_route=%2Fwp%2Fv2%2Ftags&post=14483"}],"curies":[{"name":"wp","href":"https:\/\/api.w.org\/{rel}","templated":true}]}}