{"id":14485,"date":"2026-04-25T23:10:54","date_gmt":"2026-04-26T02:10:54","guid":{"rendered":"https:\/\/noticiasdeangostura.com.ar\/?p=14485"},"modified":"2026-04-25T23:10:54","modified_gmt":"2026-04-26T02:10:54","slug":"villa-la-angostura-fue-sede-de-referentes-deportivos-de-los-municipios-de-la-zona-de-los-lagos-del-sur","status":"publish","type":"post","link":"https:\/\/noticiasdeangostura.com.ar\/?p=14485","title":{"rendered":"Villa La Angostura fue sede de referentes deportivos de los municipios de la zona de los Lagos del Sur."},"content":{"rendered":"<p>La Municipalidad de Villa La Angostura fue anfitriona este viernes de la reuni\u00f3n de referentes deportivos de los municipios de la Zona Sur de la provincia de Neuqu\u00e9n.<br \/>El encuentro, encabezado por la Ministra de Juventud, Cultura y Deportes de la Provincia, Josefina Codermatz, junto a la Vice Intendente, Tamara Mart\u00ednez, convoc\u00f3 a representantes de las \u00e1reas de Deportes de San Mart\u00edn de los Andes, Jun\u00edn de los Andes, Villa Traful y Villa La Angostura.<br \/>Estuvieron presentes tambi\u00e9n en el encuentro, la Secretaria de Deportes de la Provincia, Mar\u00eda Fernanda Villone, la Delegada de la Regi\u00f3n de los Lagos del Sur, Eliana Rivera, junto a Funcionarios Provinciales y Municipales.<br \/>La agenda de trabajo incluy\u00f3 el an\u00e1lisis de calendarios deportivos regionales, la articulaci\u00f3n de programas provinciales, el fortalecimiento de competencias interlocales y la planificaci\u00f3n conjunta de infraestructura y recursos para clubes y escuelas deportivas.<\/p>\n<p>\u201cEstos espacios son fundamentales para coordinar esfuerzos entre localidades vecinas. Compartimos realidades similares y trabajar en conjunto nos permite potenciar el deporte y llegar a m\u00e1s j\u00f3venes con propuestas de calidad\u201d, expres\u00f3 la Vice Intendente Tamara Mart\u00ednez.<\/p>\n<p>Los referentes coincidieron en la necesidad de sostener una agenda com\u00fan que facilite el intercambio, optimice recursos y genere nuevas oportunidades para deportistas de toda la regi\u00f3n.<\/p>\n<figure class=\"wp-block-gallery has-nested-images columns-default is-cropped wp-block-gallery-1 is-layout-flex wp-block-gallery-is-layout-flex\">\n<figure class=\"wp-block-image size-large\"><img fetchpriority=\"high\" decoding=\"async\" width=\"768\" height=\"1024\" data-id=\"35416\" src=\"https:\/\/noticiasdeangostura.com.ar\/wp-content\/uploads\/2026\/04\/20260424_113719-768x1024.jpg\" alt=\"\" class=\"wp-image-35416\"   \/><\/figure>\n<\/figure>\n<figure class=\"wp-block-gallery has-nested-images columns-default is-cropped wp-block-gallery-2 is-layout-flex wp-block-gallery-is-layout-flex\">\n<figure class=\"wp-block-image size-large\"><img decoding=\"async\" width=\"952\" height=\"1024\" data-id=\"35420\" src=\"https:\/\/noticiasdeangostura.com.ar\/wp-content\/uploads\/2026\/04\/Screenshot_20260425_202634_Gallery-952x1024.jpg\" alt=\"\" class=\"wp-image-35420\"   \/><\/figure>\n<figure class=\"wp-block-image size-large\"><img decoding=\"async\" width=\"1024\" height=\"963\" data-id=\"35419\" src=\"https:\/\/noticiasdeangostura.com.ar\/wp-content\/uploads\/2026\/04\/Screenshot_20260425_202640_Gallery-1024x963.jpg\" alt=\"\" class=\"wp-image-35419\"   \/><\/figure>\n<figure class=\"wp-block-image size-large\"><img loading=\"lazy\" decoding=\"async\" loading=\"lazy\" width=\"1024\" height=\"994\" data-id=\"35418\" src=\"https:\/\/noticiasdeangostura.com.ar\/wp-content\/uploads\/2026\/04\/Screenshot_20260425_202649_Gallery-1024x994.jpg\" alt=\"\" class=\"wp-image-35418\"   \/><\/figure>\n<\/figure>\n","protected":false},"excerpt":{"rendered":"<p>La Municipalidad de Villa La Angostura fue anfitriona este viernes de la reuni\u00f3n de referentes deportivos de los municipios de la Zona Sur de la provincia de Neuqu\u00e9n.El encuentro, encabezado por la Ministra de Juventud, Cultura y Deportes de la Provincia, Josefina Codermatz, junto a la Vice Intendente, Tamara Mart\u00ednez, convoc\u00f3 a representantes de las [&hellip;]<\/p>\n","protected":false},"author":1,"featured_media":14486,"comment_status":"","ping_status":"","sticky":false,"template":"","format":"standard","meta":{"_monsterinsights_skip_tracking":false,"_monsterinsights_sitenote_active":false,"_monsterinsights_sitenote_note":"","_monsterinsights_sitenote_category":0,"footnotes":"","jetpack_publicize_message":"","jetpack_publicize_feature_enabled":true,"jetpack_social_post_already_shared":true,"jetpack_social_options":{"image_generator_settings":{"template":"highway","default_image_id":0,"font":"","enabled":false},"version":2}},"categories":[3],"tags":[82,29,1389,1021,1106,16,820,1226,603,1518,63,105],"class_list":["post-14485","post","type-post","status-publish","format-standard","has-post-thumbnail","hentry","category-villa-la-angostura","tag-angostura","tag-del","tag-deportivos","tag-fue","tag-lagos","tag-los","tag-municipios","tag-referentes","tag-sede","tag-sur","tag-villa","tag-zona"],"aioseo_notices":[],"jetpack_publicize_connections":[],"amp_enabled":true,"_links":{"self":[{"href":"https:\/\/noticiasdeangostura.com.ar\/index.php?rest_route=\/wp\/v2\/posts\/14485","targetHints":{"allow":["GET"]}}],"collection":[{"href":"https:\/\/noticiasdeangostura.com.ar\/index.php?rest_route=\/wp\/v2\/posts"}],"about":[{"href":"https:\/\/noticiasdeangostura.com.ar\/index.php?rest_route=\/wp\/v2\/types\/post"}],"author":[{"embeddable":true,"href":"https:\/\/noticiasdeangostura.com.ar\/index.php?rest_route=\/wp\/v2\/users\/1"}],"replies":[{"embeddable":true,"href":"https:\/\/noticiasdeangostura.com.ar\/index.php?rest_route=%2Fwp%2Fv2%2Fcomments&post=14485"}],"version-history":[{"count":0,"href":"https:\/\/noticiasdeangostura.com.ar\/index.php?rest_route=\/wp\/v2\/posts\/14485\/revisions"}],"wp:featuredmedia":[{"embeddable":true,"href":"https:\/\/noticiasdeangostura.com.ar\/index.php?rest_route=\/wp\/v2\/media\/14486"}],"wp:attachment":[{"href":"https:\/\/noticiasdeangostura.com.ar\/index.php?rest_route=%2Fwp%2Fv2%2Fmedia&parent=14485"}],"wp:term":[{"taxonomy":"category","embeddable":true,"href":"https:\/\/noticiasdeangostura.com.ar\/index.php?rest_route=%2Fwp%2Fv2%2Fcategories&post=14485"},{"taxonomy":"post_tag","embeddable":true,"href":"https:\/\/noticiasdeangostura.com.ar\/index.php?rest_route=%2Fwp%2Fv2%2Ftags&post=14485"}],"curies":[{"name":"wp","href":"https:\/\/api.w.org\/{rel}","templated":true}]}}