{"id":14493,"date":"2026-04-26T00:23:17","date_gmt":"2026-04-26T03:23:17","guid":{"rendered":"https:\/\/noticiasdeangostura.com.ar\/?p=14493"},"modified":"2026-04-26T00:23:17","modified_gmt":"2026-04-26T03:23:17","slug":"la-economia-provincial-crece-a-contramano-de-la-tendencia-nacional","status":"publish","type":"post","link":"https:\/\/noticiasdeangostura.com.ar\/?p=14493","title":{"rendered":"La econom\u00eda provincial crece a contramano de la tendencia nacional"},"content":{"rendered":"<p> <br \/>\n<br \/><\/p>\n<p>Las cuentas en orden han permitido una redistribuci\u00f3n de los ingresos que se traduce en mayor obra p\u00fablica y mayor beneficio para los neuquinos. <\/p>\n<div>\n<p>El ministro de Econom\u00eda, Producci\u00f3n e Industria de la Provincia, <strong>Guillermo Koenig<\/strong>, asegur\u00f3 que \u201c<em>l<\/em><em>as condiciones econ\u00f3micas nacionales y las macroecon\u00f3micas son las mismas para todas las provincias, pero el trabajo de los neuquinos, especialmente en la extracci\u00f3n de hidrocarburos y otras actividades hace que algunos n\u00fameros ac\u00e1 sean distintos al resto del pa\u00eds<\/em>\u201d.<\/p>\n<p>En este sentido, dijo que \u201c<em>el desempleo <\/em><em>a nivel nacional es de un 7,5%, mientras que en Neuqu\u00e9n es de un 2,3%, mientras que las ventas en supermercados en 2025 crecieron un 2.8%, frente a una retracci\u00f3n del 5.5% en el resto del pa\u00eds<\/em>\u201d.<\/p>\n<p>En cuanto a la venta de combustibles, Koenig precis\u00f3 que \u201c<em>en 2025 c<\/em><em>recieron un 14% en Neuqu\u00e9n, comparado con un 2.9% a nivel nacional<\/em>\u201d y en materia de recaudaci\u00f3n de impuestos, \u201c<em>mi<\/em><em>entras que a nivel nacional la recaudaci\u00f3n de IVA (vinculada al movimiento econ\u00f3mico) ha ca\u00eddo, en la Provincia la recaudaci\u00f3n de Ingresos Brutos se mantiene sostenida<\/em>\u201d. Tambi\u00e9n destac\u00f3 que \u201c<em>Neuqu\u00e9n es de las pocas provincias que ha generado empleo registrado, frente a la retracci\u00f3n de la media nacional<\/em>\u201d.<\/p>\n<p>\u201c<em>Neuqu\u00e9n tiene una roca que es Vaca Muerta pero otras provincias tienen otras condiciones, La Pampa h\u00fameda tiene una riqueza incalculable tambi\u00e9n<\/em>\u201d, ejemplific\u00f3 el ministro y remarc\u00f3 que \u201c<em>esto no es casual, sino que se debe a un r\u00e9gimen que brinda seguridad jur\u00eddica, permitiendo que las inversiones se incrementen anualmente<\/em>\u201d.<\/p>\n<p>En este sentido, explic\u00f3 que \u201c<em>la industria del petr\u00f3leo no convencional es m\u00e1s parecida a un proceso industrial que a uno puramente extractivo, lo que exige inversi\u00f3n, perforaci\u00f3n y fractura constante para mantener la producci\u00f3n<\/em>\u201d.<\/p>\n<p>\u00a0<\/p>\n<p>Para que toda esta rueda gire, Koenig ve necesario que \u201c<em>el Estado garantice ciertas condiciones<\/em> <em>y una de ellas es la paz social<\/em>, <em>lo cual es muy valorado por los inversores, especialmente ante el contexto internacional de conflictos en otras zonas extractivas como Medio Oriente<\/em>\u201d.<\/p>\n<p>Asegur\u00f3 que \u201c<em>esto posiciona a la provincia para el desarrollo de inversiones a largo plazo, como el proceso ya iniciado de Gas Natural Licuado (GNL), que generar\u00e1 trabajo e inversi\u00f3n tanto para Neuqu\u00e9n como para la provincia de R\u00edo Negro<\/em>\u201d.<\/p>\n<p>\u201c<em>Hemos ordenado el Estado para que las condiciones de inversi\u00f3n se puedan producir. Hemos tomado medidas desde el inicio de esta gesti\u00f3n que fueron necesarias, para poder tener un estado ordenado<\/em>\u201d, enfatiz\u00f3 Koenig.<\/p>\n<p>Por \u00faltimo, sostuvo que \u201c<em>las condiciones macroecon\u00f3micas en Argentina han mejorado, porque se ha bajado la inflaci\u00f3n, el tipo de cambio se ha mantenido estable, el riesgo pa\u00eds ha bajado, ese mismo contexto vivimos todas las provincias, pero Neuqu\u00e9n se diferencia<\/em>\u201d.<\/p>\n<p><iframe src=\"https:\/\/www.ivoox.com\/player_ej_172525663_6_1.html?c1=81b464\" width=\"100%\" height=\"200\" frameborder=\"0\" scrolling=\"no\" allowfullscreen=\"allowfullscreen\" loading=\"lazy\"><\/iframe><\/p>\n<\/p><\/div>\n<p><script type=\"574c6abd1b9320c66693eea1-text\/javascript\">\n    window.addEventListener('load', () => {\n        if (typeof FB !== 'undefined' && FB.init) {\n            \/\/ La SDK de Facebook est\u00e1 inicializada\n        } else {\n            \/\/ La SDK de Facebook no est\u00e1 inicializada\n            var script = document.createElement('script');\n            script.async = true;\n            script.defer = true;\n            script.crossOrigin = 'anonymous';\n            script.src=\"https:\/\/connect.facebook.net\/es_LA\/sdk.js#xfbml=1&version=v17.0&appId=868452105110858&autoLogAppEvents=1\";\n            script.nonce=\"eBgX2sTe\";\n            document.head.appendChild(script);\n        }\n        \/* FIX YOUTUBE (fix width) *\/\n        var youtubeIframes = document.querySelectorAll('iframe[src*=\"youtube.com\/embed\"]');\n        youtubeIframes.forEach(function(iframe) {\n            var containerWidth = iframe.parentElement.clientWidth || iframe.parentElement.offsetWidth;\n            if(containerWidth && iframe.width > containerWidth){\n                iframe.width = containerWidth;\n                iframe.height = (containerWidth \/ 16) * 9; \/\/ Assuming a 16:9 aspect ratio\n            }\n        });\n    });\n<\/script><\/p>\n","protected":false},"excerpt":{"rendered":"<p>Las cuentas en orden han permitido una redistribuci\u00f3n de los ingresos que se traduce en mayor obra p\u00fablica y mayor beneficio para los neuquinos. El ministro de Econom\u00eda, Producci\u00f3n e Industria de la Provincia, Guillermo Koenig, asegur\u00f3 que \u201clas condiciones econ\u00f3micas nacionales y las macroecon\u00f3micas son las mismas para todas las provincias, pero el trabajo [&hellip;]<\/p>\n","protected":false},"author":1,"featured_media":14494,"comment_status":"","ping_status":"","sticky":false,"template":"","format":"standard","meta":{"_monsterinsights_skip_tracking":false,"_monsterinsights_sitenote_active":false,"_monsterinsights_sitenote_note":"","_monsterinsights_sitenote_category":0,"footnotes":"","jetpack_publicize_message":"","jetpack_publicize_feature_enabled":true,"jetpack_social_post_already_shared":true,"jetpack_social_options":{"image_generator_settings":{"template":"highway","default_image_id":0,"font":"","enabled":false},"version":2}},"categories":[4],"tags":[2482,2315,2481,53,47,2483],"class_list":["post-14493","post","type-post","status-publish","format-standard","has-post-thumbnail","hentry","category-regionales","tag-contramano","tag-crece","tag-economia","tag-nacional","tag-provincial","tag-tendencia"],"aioseo_notices":[],"jetpack_publicize_connections":[],"amp_enabled":true,"_links":{"self":[{"href":"https:\/\/noticiasdeangostura.com.ar\/index.php?rest_route=\/wp\/v2\/posts\/14493","targetHints":{"allow":["GET"]}}],"collection":[{"href":"https:\/\/noticiasdeangostura.com.ar\/index.php?rest_route=\/wp\/v2\/posts"}],"about":[{"href":"https:\/\/noticiasdeangostura.com.ar\/index.php?rest_route=\/wp\/v2\/types\/post"}],"author":[{"embeddable":true,"href":"https:\/\/noticiasdeangostura.com.ar\/index.php?rest_route=\/wp\/v2\/users\/1"}],"replies":[{"embeddable":true,"href":"https:\/\/noticiasdeangostura.com.ar\/index.php?rest_route=%2Fwp%2Fv2%2Fcomments&post=14493"}],"version-history":[{"count":0,"href":"https:\/\/noticiasdeangostura.com.ar\/index.php?rest_route=\/wp\/v2\/posts\/14493\/revisions"}],"wp:featuredmedia":[{"embeddable":true,"href":"https:\/\/noticiasdeangostura.com.ar\/index.php?rest_route=\/wp\/v2\/media\/14494"}],"wp:attachment":[{"href":"https:\/\/noticiasdeangostura.com.ar\/index.php?rest_route=%2Fwp%2Fv2%2Fmedia&parent=14493"}],"wp:term":[{"taxonomy":"category","embeddable":true,"href":"https:\/\/noticiasdeangostura.com.ar\/index.php?rest_route=%2Fwp%2Fv2%2Fcategories&post=14493"},{"taxonomy":"post_tag","embeddable":true,"href":"https:\/\/noticiasdeangostura.com.ar\/index.php?rest_route=%2Fwp%2Fv2%2Ftags&post=14493"}],"curies":[{"name":"wp","href":"https:\/\/api.w.org\/{rel}","templated":true}]}}