{"id":14495,"date":"2026-04-26T00:37:22","date_gmt":"2026-04-26T03:37:22","guid":{"rendered":"https:\/\/noticiasdeangostura.com.ar\/?p=14495"},"modified":"2026-04-26T00:37:22","modified_gmt":"2026-04-26T03:37:22","slug":"tres-heridos-tras-un-autovuelco-en-la-ruta-provincial-7-en-san-patricio-del-chanar","status":"publish","type":"post","link":"https:\/\/noticiasdeangostura.com.ar\/?p=14495","title":{"rendered":"Tres heridos tras un autovuelco en la Ruta Provincial 7 en San Patricio del Cha\u00f1ar"},"content":{"rendered":"<p> <br \/>\n<br \/><\/p>\n<p>El siniestro ocurri\u00f3 a la altura de Picada 8, en San Patricio del Cha\u00f1ar, donde un veh\u00edculo termin\u00f3 volcado sobre la banquina. Trabajaron en el lugar polic\u00edas, bomberos y personal de salud.<\/p>\n<div>\n<p>Un autom\u00f3vil protagoniz\u00f3 un autovuelco este s\u00e1bado por la noche sobre la <span class=\"hover:entity-accent entity-underline inline cursor-pointer align-baseline\"><span class=\"whitespace-normal\">Ruta Provincial 7<\/span><\/span>, a la altura de Picada 8, en San Patricio del Cha\u00f1ar.<\/p>\n<p>El veh\u00edculo termin\u00f3 volcado sobre la banquina y, seg\u00fan las primeras informaciones, tres personas resultaron lesionadas.<\/p>\n<p>En el lugar intervinieron efectivos de la <span class=\"hover:entity-accent entity-underline inline cursor-pointer align-baseline\"><span class=\"whitespace-normal\">Polic\u00eda de Neuqu\u00e9n<\/span><\/span>, personal de la Comisar\u00eda 13, Bomberos Voluntarios y equipos del <span class=\"hover:entity-accent entity-underline inline cursor-pointer align-baseline\"><span class=\"whitespace-normal\">Hospital Dra. Alicia Cruz<\/span><\/span>, quienes asistieron a los ocupantes del rodado.<\/p>\n<p class=\"noEditable noticia-relacionada\" data-id=\"332421\"><ampiframe src=\"https:\/\/www.noticiasnqn.com.ar\/api\/noticias\/332421\/relacionadas?amp=1\" layout=\"fixed-height\" sandbox=\"allow-top-navigation allow-top-navigation-by-user-activation allow-scripts \" height=\"100px\"> <b placeholder=\"\">Lee tambi\u00e9n: Evacuaron a Donald Trump y Melania tras un tiroteo en una cena de periodistas<\/b> <\/ampiframe><\/p>\n<p>Adem\u00e1s de la atenci\u00f3n a los heridos, los equipos de emergencia trabajaron en el ordenamiento del tr\u00e1nsito y en las tareas preventivas para evitar nuevos incidentes.<\/p>\n<p>Desde las autoridades solicitaron a los conductores circular con extrema precauci\u00f3n en la zona mientras contin\u00faan las tareas operativas.<\/p>\n<\/p><\/div>\n","protected":false},"excerpt":{"rendered":"<p>El siniestro ocurri\u00f3 a la altura de Picada 8, en San Patricio del Cha\u00f1ar, donde un veh\u00edculo termin\u00f3 volcado sobre la banquina. Trabajaron en el lugar polic\u00edas, bomberos y personal de salud. Un autom\u00f3vil protagoniz\u00f3 un autovuelco este s\u00e1bado por la noche sobre la Ruta Provincial 7, a la altura de Picada 8, en San [&hellip;]<\/p>\n","protected":false},"author":1,"featured_media":14496,"comment_status":"","ping_status":"","sticky":false,"template":"","format":"standard","meta":{"_monsterinsights_skip_tracking":false,"_monsterinsights_sitenote_active":false,"_monsterinsights_sitenote_note":"","_monsterinsights_sitenote_category":0,"footnotes":"","jetpack_publicize_message":"","jetpack_publicize_feature_enabled":true,"jetpack_social_post_already_shared":true,"jetpack_social_options":{"image_generator_settings":{"template":"highway","default_image_id":0,"font":"","enabled":false},"version":2}},"categories":[1],"tags":[],"class_list":["post-14495","post","type-post","status-publish","format-standard","has-post-thumbnail","hentry","category-ultimas-noticias"],"aioseo_notices":[],"jetpack_publicize_connections":[],"amp_enabled":true,"_links":{"self":[{"href":"https:\/\/noticiasdeangostura.com.ar\/index.php?rest_route=\/wp\/v2\/posts\/14495","targetHints":{"allow":["GET"]}}],"collection":[{"href":"https:\/\/noticiasdeangostura.com.ar\/index.php?rest_route=\/wp\/v2\/posts"}],"about":[{"href":"https:\/\/noticiasdeangostura.com.ar\/index.php?rest_route=\/wp\/v2\/types\/post"}],"author":[{"embeddable":true,"href":"https:\/\/noticiasdeangostura.com.ar\/index.php?rest_route=\/wp\/v2\/users\/1"}],"replies":[{"embeddable":true,"href":"https:\/\/noticiasdeangostura.com.ar\/index.php?rest_route=%2Fwp%2Fv2%2Fcomments&post=14495"}],"version-history":[{"count":0,"href":"https:\/\/noticiasdeangostura.com.ar\/index.php?rest_route=\/wp\/v2\/posts\/14495\/revisions"}],"wp:featuredmedia":[{"embeddable":true,"href":"https:\/\/noticiasdeangostura.com.ar\/index.php?rest_route=\/wp\/v2\/media\/14496"}],"wp:attachment":[{"href":"https:\/\/noticiasdeangostura.com.ar\/index.php?rest_route=%2Fwp%2Fv2%2Fmedia&parent=14495"}],"wp:term":[{"taxonomy":"category","embeddable":true,"href":"https:\/\/noticiasdeangostura.com.ar\/index.php?rest_route=%2Fwp%2Fv2%2Fcategories&post=14495"},{"taxonomy":"post_tag","embeddable":true,"href":"https:\/\/noticiasdeangostura.com.ar\/index.php?rest_route=%2Fwp%2Fv2%2Ftags&post=14495"}],"curies":[{"name":"wp","href":"https:\/\/api.w.org\/{rel}","templated":true}]}}