{"id":14499,"date":"2026-04-26T01:18:46","date_gmt":"2026-04-26T04:18:46","guid":{"rendered":"https:\/\/noticiasdeangostura.com.ar\/?p=14499"},"modified":"2026-04-26T01:18:46","modified_gmt":"2026-04-26T04:18:46","slug":"becas-deportivas-en-neuquen-apoyo-economico-y-desarrollo-integral","status":"publish","type":"post","link":"https:\/\/noticiasdeangostura.com.ar\/?p=14499","title":{"rendered":"Becas deportivas en Neuqu\u00e9n: apoyo econ\u00f3mico y desarrollo integral"},"content":{"rendered":"<p> <br \/>\n<br \/><\/p>\n<p>El deporte es considerado un eje estrat\u00e9gico del gobierno provincial.<\/p>\n<div>\n<p>El <strong><a href=\"https:\/\/www.alertadigital.ar\/noticias\/2026\/04\/25\/162837-neuquen-supera-los-indicadores-nacionales-en-2025\" target=\"_blank\" rel=\"noopener\">gobierno de <span class=\"hover:entity-accent entity-underline inline cursor-pointer align-baseline\"><span class=\"whitespace-normal\">Neuqu\u00e9n<\/span><\/span><\/a> <\/strong>anunci\u00f3 una nueva etapa del programa <a href=\"https:\/\/www.alertadigital.ar\/noticias\/2026\/03\/26\/161143-atencion-deportistas-neuquinos-sigue-la-chance-de-anotarse-a-las-becas-de-alto-y-mediano-rendimiento\" target=\"_blank\" rel=\"noopener\"><strong>\u201cBecas Deportivas, asistencia al mediano y alto rendimiento\u201d,<\/strong><\/a> con el objetivo de seguir fortaleciendo el desarrollo de atletas en la provincia. La iniciativa forma parte de una pol\u00edtica p\u00fablica que busca no solo brindar apoyo econ\u00f3mico, sino tambi\u00e9n consolidar el sistema deportivo en su conjunto. La presentaci\u00f3n oficial se realizar\u00e1 el<strong> lunes 27<\/strong>, con la participaci\u00f3n de autoridades y referentes del \u00e1mbito deportivo.<\/p>\n<p>Desde la gesti\u00f3n encabezada por <strong><span class=\"hover:entity-accent entity-underline inline cursor-pointer align-baseline\"><span class=\"whitespace-normal\">Rolando Figueroa<\/span><\/span><\/strong> se remarc\u00f3 la importancia de acompa\u00f1ar a quienes representan a la provincia en<strong> competencias nacionales e internacionales<\/strong>. En ese sentido, el programa apunta a respaldar el esfuerzo, la disciplina y la proyecci\u00f3n de los deportistas neuquinos, promoviendo su crecimiento en distintas disciplinas. La pol\u00edtica deportiva se consolida como uno de los ejes estrat\u00e9gicos del gobierno.<\/p>\n<h2>Un enfoque integral para el desarrollo deportivo<\/h2>\n<p>La ministra de<strong> Juventud, Deportes y Cultura, <span class=\"hover:entity-accent entity-underline inline cursor-pointer align-baseline\"><span class=\"whitespace-normal\">Josefina Codermatz<\/span><\/span><\/strong>, destac\u00f3 que las becas son una herramienta clave para acompa\u00f1ar a atletas que realizan un gran esfuerzo para competir y superarse. Adem\u00e1s, subray\u00f3 que la iniciativa se inscribe en una visi\u00f3n m\u00e1s amplia que entiende al deporte como motor de inclusi\u00f3n, desarrollo y generaci\u00f3n de oportunidades en toda la provincia. En este marco, el <strong>Estado <\/strong>busca garantizar condiciones adecuadas para el crecimiento deportivo.<\/p>\n<p>El programa se articula con otras pol\u00edticas complementarias, como el fortalecimiento de clubes mediante obras de infraestructura y espacios de formaci\u00f3n para dirigentes y cuerpos t\u00e9cnicos. Tambi\u00e9n incluye evaluaciones f\u00edsicas y acompa\u00f1amiento profesional en la <strong>Ciudad Deportiva<\/strong>, con el fin de mejorar el rendimiento de los atletas. De esta manera, se apunta a construir un sistema integral que potencie el talento local.<\/p>\n<p>Con esta nueva etapa, el gobierno provincial reafirma su compromiso con el desarrollo del deporte y el acompa\u00f1amiento a quienes representan a <strong>Neuqu\u00e9n <\/strong>en distintos escenarios. La iniciativa busca posicionar al deporte como una herramienta clave para el futuro, promoviendo valores y oportunidades en toda la comunidad. El objetivo final es consolidar una pol\u00edtica sostenida que impulse el crecimiento y la proyecci\u00f3n de los deportistas neuquinos.<\/p>\n<\/p><\/div>\n","protected":false},"excerpt":{"rendered":"<p>El deporte es considerado un eje estrat\u00e9gico del gobierno provincial. El gobierno de Neuqu\u00e9n anunci\u00f3 una nueva etapa del programa \u201cBecas Deportivas, asistencia al mediano y alto rendimiento\u201d, con el objetivo de seguir fortaleciendo el desarrollo de atletas en la provincia. La iniciativa forma parte de una pol\u00edtica p\u00fablica que busca no solo brindar apoyo [&hellip;]<\/p>\n","protected":false},"author":1,"featured_media":14500,"comment_status":"","ping_status":"","sticky":false,"template":"","format":"standard","meta":{"_monsterinsights_skip_tracking":false,"_monsterinsights_sitenote_active":false,"_monsterinsights_sitenote_note":"","_monsterinsights_sitenote_category":0,"footnotes":"","jetpack_publicize_message":"","jetpack_publicize_feature_enabled":true,"jetpack_social_post_already_shared":true,"jetpack_social_options":{"image_generator_settings":{"template":"highway","default_image_id":0,"font":"","enabled":false},"version":2}},"categories":[1],"tags":[],"class_list":["post-14499","post","type-post","status-publish","format-standard","has-post-thumbnail","hentry","category-ultimas-noticias"],"aioseo_notices":[],"jetpack_publicize_connections":[],"amp_enabled":true,"_links":{"self":[{"href":"https:\/\/noticiasdeangostura.com.ar\/index.php?rest_route=\/wp\/v2\/posts\/14499","targetHints":{"allow":["GET"]}}],"collection":[{"href":"https:\/\/noticiasdeangostura.com.ar\/index.php?rest_route=\/wp\/v2\/posts"}],"about":[{"href":"https:\/\/noticiasdeangostura.com.ar\/index.php?rest_route=\/wp\/v2\/types\/post"}],"author":[{"embeddable":true,"href":"https:\/\/noticiasdeangostura.com.ar\/index.php?rest_route=\/wp\/v2\/users\/1"}],"replies":[{"embeddable":true,"href":"https:\/\/noticiasdeangostura.com.ar\/index.php?rest_route=%2Fwp%2Fv2%2Fcomments&post=14499"}],"version-history":[{"count":0,"href":"https:\/\/noticiasdeangostura.com.ar\/index.php?rest_route=\/wp\/v2\/posts\/14499\/revisions"}],"wp:featuredmedia":[{"embeddable":true,"href":"https:\/\/noticiasdeangostura.com.ar\/index.php?rest_route=\/wp\/v2\/media\/14500"}],"wp:attachment":[{"href":"https:\/\/noticiasdeangostura.com.ar\/index.php?rest_route=%2Fwp%2Fv2%2Fmedia&parent=14499"}],"wp:term":[{"taxonomy":"category","embeddable":true,"href":"https:\/\/noticiasdeangostura.com.ar\/index.php?rest_route=%2Fwp%2Fv2%2Fcategories&post=14499"},{"taxonomy":"post_tag","embeddable":true,"href":"https:\/\/noticiasdeangostura.com.ar\/index.php?rest_route=%2Fwp%2Fv2%2Ftags&post=14499"}],"curies":[{"name":"wp","href":"https:\/\/api.w.org\/{rel}","templated":true}]}}