{"id":14503,"date":"2026-04-26T02:23:48","date_gmt":"2026-04-26T05:23:48","guid":{"rendered":"https:\/\/noticiasdeangostura.com.ar\/?p=14503"},"modified":"2026-04-26T02:23:48","modified_gmt":"2026-04-26T05:23:48","slug":"la-provincia-adjudico-la-construccion-del-nuevo-edificio-del-c-i-a-no-5","status":"publish","type":"post","link":"https:\/\/noticiasdeangostura.com.ar\/?p=14503","title":{"rendered":"La Provincia adjudic\u00f3 la construcci\u00f3n del nuevo edificio del C.I.A. N\u00ba 5"},"content":{"rendered":"<p> <br \/>\n<br \/><\/p>\n<p>La obra, que corresponde a la primera etapa de un proyecto integral, permitir\u00e1 mejorar las condiciones de formaci\u00f3n para m\u00e1s de 1000 estudiantes y fortalecer la infraestructura cultural de la localidad.<\/p>\n<div>\n<p>El Gobierno de la Provincia del Neuqu\u00e9n adjudic\u00f3 la obra para la construcci\u00f3n del nuevo edificio del Centro de Iniciaci\u00f3n Art\u00edstica (C.I.A.) N\u00ba 5 de San Mart\u00edn de los Andes, una intervenci\u00f3n clave para fortalecer la infraestructura educativa y cultural de la localidad. La obra corresponde a la primera etapa de un proyecto integral que permitir\u00e1 dar respuesta al crecimiento sostenido de la matr\u00edcula, que actualmente alcanza a unos 1.000 estudiantes.<\/p>\n<p>A trav\u00e9s del decreto correspondiente, se aprob\u00f3 el proceso licitatorio y se adjudic\u00f3 la ejecuci\u00f3n a la empresa Maoilo Julio Cesar, por un monto de 4.157.222.709,92 pesos, con un plazo de ejecuci\u00f3n de un a\u00f1o.<\/p>\n<p>El nuevo edificio se emplazar\u00e1 en el sector El Arenal, al noreste de la ciudad, en un predio compartido con la Escuela de M\u00fasica, entre las calles Don Bosco, Bibliotecas Argentinas y la Ruta Provincial N\u00ba 40. La propuesta arquitect\u00f3nica prev\u00e9 el desarrollo de tres vol\u00famenes interconectados mediante una galer\u00eda, organizados en funci\u00f3n del plan de estudios y adaptados a las caracter\u00edsticas del terreno.<\/p>\n<p>En esta primera etapa se ejecutar\u00e1 el Volumen 1, con una superficie cubierta de 1.052,30 metros cuadrados y 432,35 metros cuadrados de espacios exteriores. Este sector estar\u00e1 destinado a las \u00e1reas de artes esc\u00e9nicas y del movimiento -con talleres de danza, teatro y espacios de vestuario y utiler\u00eda-, as\u00ed como a las artes de la m\u00fasica y el sonido, incluyendo aulas, estudio de grabaci\u00f3n y dep\u00f3sitos.<\/p>\n<p>El proyecto total contempla una superficie de 3.448,30 metros cuadrados y la conformaci\u00f3n de un conjunto edilicio que generar\u00e1 un espacio interior com\u00fan tipo \u201ccoraz\u00f3n de manzana\u201d, compartido con la Escuela de M\u00fasica. Adem\u00e1s, se incorporar\u00e1 una propuesta paisaj\u00edstica integral con forestaci\u00f3n y sistema de riego automatizado, que garantizar\u00e1 el adecuado mantenimiento de los espacios verdes.<\/p>\n<p>La concreci\u00f3n de esta obra representa un paso fundamental para consolidar un espacio educativo y cultural acorde a las necesidades actuales y futuras de la comunidad. En este sentido, la Provincia tambi\u00e9n ejecuta actualmente el nuevo edificio del CPEM N\u00ba 96, el EIAJD N\u00ba 3 y la ampliaci\u00f3n de la EPET N\u00ba 21, mientras que pr\u00f3ximamente iniciar\u00e1 la construcci\u00f3n del nuevo edificio para el CFP N\u00ba 19, reforzando as\u00ed la inversi\u00f3n sostenida en infraestructura educativa en San Mart\u00edn de los Andes.<\/p>\n<p><strong>El centro art\u00edstico hoy<\/strong><\/p>\n<p>La instituci\u00f3n cuenta con una matr\u00edcula de m\u00e1s de 1000 estudiantes y desarrolla su oferta de formaci\u00f3n, desde hace 44 a\u00f1os en el casco hist\u00f3rico de San Mart\u00edn de los Andes, en las instalaciones de una casa donada por una familia al municipio. Adem\u00e1s, debido a su crecimiento dicta talleres en otra sede ubicada en Pichi Rayen del B\u00b0 Arenal.<\/p>\n<p>Este establecimiento posee tres turnos, y su equipo de trabajo est\u00e1 formado por 35 docentes, equipo directivo y administrativo con 4 personas y 6 auxiliares de servicio. Recibe una poblaci\u00f3n amplia, que va desde los 6 a\u00f1os de edad en adelante con una matr\u00edcula promedio anual de 900 vacantes. Se dictan desde el mismo alrededor de cien talleres, en forma transversal a la mayor\u00eda de los niveles y modalidades dentro del sistema educativo provincial, y en relaci\u00f3n permanente con otras instituciones y organizaciones, ofreciendo la posibilidad de formaci\u00f3n art\u00edstica y atendiendo a la diversidad de la poblaci\u00f3n.<\/p>\n<p>Ofrece talleres vocacionales organizados en desde las \u00e1reas de artes Visuales, Esc\u00e9nicas y del Movimiento, de la M\u00fasica y el Sonido, del Fuego, Audiovisuales y Literarias.<\/p>\n<p>Como se\u00f1al\u00f3 su directora, Iris Ota\u00f1o, en oportunidad de la apertura de sobres, desde el a\u00f1o 2006 se empez\u00f3 a trabajar en el proyecto de edificio propio <em>\u201ces una escuela que aloja much\u00edsima gente. Son 1.400 personas que cada a\u00f1o pretenden tener lugar; esperemos que, en un espacio mucho m\u00e1s digno, m\u00e1s hermoso, mucho m\u00e1s acondicionado y acorde, podamos seguir mejorando en nuestra calidad\u201d.<\/em><\/p>\n<p><em>\u201cSi hay algo que quiero destacar es que en esta gesti\u00f3n cambiaron las cosas, en esta gesti\u00f3n pudimos dialogar, hablar de igual a igual y poner los problemas sobre la mesa; acordar, desacordar y llegar a acuerdos\u201d<\/em> valor\u00f3 la referente institucional.<\/p>\n<p>\u00a0<\/p>\n<\/p><\/div>\n<p><script type=\"48dc6d09800e6db5ec67b494-text\/javascript\">\n    window.addEventListener('load', () => {\n        if (typeof FB !== 'undefined' && FB.init) {\n            \/\/ La SDK de Facebook est\u00e1 inicializada\n        } else {\n            \/\/ La SDK de Facebook no est\u00e1 inicializada\n            var script = document.createElement('script');\n            script.async = true;\n            script.defer = true;\n            script.crossOrigin = 'anonymous';\n            script.src=\"https:\/\/connect.facebook.net\/es_LA\/sdk.js#xfbml=1&version=v17.0&appId=868452105110858&autoLogAppEvents=1\";\n            script.nonce=\"eBgX2sTe\";\n            document.head.appendChild(script);\n        }\n        \/* FIX YOUTUBE (fix width) *\/\n        var youtubeIframes = document.querySelectorAll('iframe[src*=\"youtube.com\/embed\"]');\n        youtubeIframes.forEach(function(iframe) {\n            var containerWidth = iframe.parentElement.clientWidth || iframe.parentElement.offsetWidth;\n            if(containerWidth && iframe.width > containerWidth){\n                iframe.width = containerWidth;\n                iframe.height = (containerWidth \/ 16) * 9; \/\/ Assuming a 16:9 aspect ratio\n            }\n        });\n    });\n<\/script><\/p>\n","protected":false},"excerpt":{"rendered":"<p>La obra, que corresponde a la primera etapa de un proyecto integral, permitir\u00e1 mejorar las condiciones de formaci\u00f3n para m\u00e1s de 1000 estudiantes y fortalecer la infraestructura cultural de la localidad. El Gobierno de la Provincia del Neuqu\u00e9n adjudic\u00f3 la obra para la construcci\u00f3n del nuevo edificio del Centro de Iniciaci\u00f3n Art\u00edstica (C.I.A.) N\u00ba 5 [&hellip;]<\/p>\n","protected":false},"author":1,"featured_media":14504,"comment_status":"","ping_status":"","sticky":false,"template":"","format":"standard","meta":{"_monsterinsights_skip_tracking":false,"_monsterinsights_sitenote_active":false,"_monsterinsights_sitenote_note":"","_monsterinsights_sitenote_category":0,"footnotes":"","jetpack_publicize_message":"","jetpack_publicize_feature_enabled":true,"jetpack_social_post_already_shared":true,"jetpack_social_options":{"image_generator_settings":{"template":"highway","default_image_id":0,"font":"","enabled":false},"version":2}},"categories":[4],"tags":[1320,2484,917,29,715,2485,617,79],"class_list":["post-14503","post","type-post","status-publish","format-standard","has-post-thumbnail","hentry","category-regionales","tag-adjudico","tag-c-i-a","tag-construccion","tag-del","tag-edificio","tag-no","tag-nuevo","tag-provincia"],"aioseo_notices":[],"jetpack_publicize_connections":[],"amp_enabled":true,"_links":{"self":[{"href":"https:\/\/noticiasdeangostura.com.ar\/index.php?rest_route=\/wp\/v2\/posts\/14503","targetHints":{"allow":["GET"]}}],"collection":[{"href":"https:\/\/noticiasdeangostura.com.ar\/index.php?rest_route=\/wp\/v2\/posts"}],"about":[{"href":"https:\/\/noticiasdeangostura.com.ar\/index.php?rest_route=\/wp\/v2\/types\/post"}],"author":[{"embeddable":true,"href":"https:\/\/noticiasdeangostura.com.ar\/index.php?rest_route=\/wp\/v2\/users\/1"}],"replies":[{"embeddable":true,"href":"https:\/\/noticiasdeangostura.com.ar\/index.php?rest_route=%2Fwp%2Fv2%2Fcomments&post=14503"}],"version-history":[{"count":0,"href":"https:\/\/noticiasdeangostura.com.ar\/index.php?rest_route=\/wp\/v2\/posts\/14503\/revisions"}],"wp:featuredmedia":[{"embeddable":true,"href":"https:\/\/noticiasdeangostura.com.ar\/index.php?rest_route=\/wp\/v2\/media\/14504"}],"wp:attachment":[{"href":"https:\/\/noticiasdeangostura.com.ar\/index.php?rest_route=%2Fwp%2Fv2%2Fmedia&parent=14503"}],"wp:term":[{"taxonomy":"category","embeddable":true,"href":"https:\/\/noticiasdeangostura.com.ar\/index.php?rest_route=%2Fwp%2Fv2%2Fcategories&post=14503"},{"taxonomy":"post_tag","embeddable":true,"href":"https:\/\/noticiasdeangostura.com.ar\/index.php?rest_route=%2Fwp%2Fv2%2Ftags&post=14503"}],"curies":[{"name":"wp","href":"https:\/\/api.w.org\/{rel}","templated":true}]}}