{"id":14509,"date":"2026-04-26T03:19:18","date_gmt":"2026-04-26T06:19:18","guid":{"rendered":"https:\/\/noticiasdeangostura.com.ar\/?p=14509"},"modified":"2026-04-26T03:19:18","modified_gmt":"2026-04-26T06:19:18","slug":"violento-choque-en-el-acceso-norte-de-catriel-dejo-varios-heridos","status":"publish","type":"post","link":"https:\/\/noticiasdeangostura.com.ar\/?p=14509","title":{"rendered":"Violento choque en el acceso norte de Catriel dej\u00f3 varios heridos"},"content":{"rendered":"<p> <br \/>\n<\/p>\n<p>El impacto entre dos camionetas gener\u00f3 un amplio operativo y derivaciones m\u00e9dicas de urgencia.<\/p>\n<p>Involucr\u00f3 a una Renault Oroch y una Toyota Hilux. Im\u00e1genes: gentileza <\/p>\n<div>\n<p>Un <a href=\"https:\/\/www.alertadigital.ar\/noticias\/2026\/04\/22\/162468-choque-en-la-ruta-22-asi-fue-el-impacto-que-termino-con-cuatro-personas-hospitalizadas\" target=\"_blank\" rel=\"noopener\"><strong>fuerte accidente de tr\u00e1nsito<\/strong><\/a> se registr\u00f3 este s\u00e1bado por la ma\u00f1ana en el <strong>acceso norte de <span class=\"hover:entity-accent entity-underline inline cursor-pointer align-baseline\"><span class=\"whitespace-normal\">Catriel<\/span><\/span><\/strong>, sobre la <strong><a href=\"https:\/\/www.alertadigital.ar\/noticias\/2026\/04\/24\/162732-catriel-mas-reclamos-por-el-estado-de-la-ruta-151-con-abrazo-simbolico-incluido\" target=\"_blank\" rel=\"noopener\"><span class=\"hover:entity-accent entity-underline inline cursor-pointer align-baseline\"><span class=\"whitespace-normal\">Ruta Nacional 151<\/span><\/span><\/a>,<\/strong> y dej\u00f3 como saldo varias personas heridas, una de ellas en estado grave. El siniestro ocurri\u00f3 alrededor de las 9, cuando una camioneta <strong>Renault Oroch <\/strong>que ingresaba a la ciudad fue impactada por una <strong>Toyota Hilux <\/strong>que circulaba en sentido sur-norte. La colisi\u00f3n se produjo en la d\u00e1rsena de acceso, en el <strong>kil\u00f3metro 132.<\/strong><\/p>\n<p>Como consecuencia del impacto, los ocupantes de la Renault resultaron con lesiones de consideraci\u00f3n y debieron ser <strong>trasladados de urgencia<\/strong> al hospital local. Uno de ellos, que presentaba un traumatismo de cr\u00e1neo severo, fue derivado posteriormente a un centro de mayor complejidad en el Alto Valle. En tanto, los ocupantes de la Toyota \u2014cuatro personas que viajaban hacia Mendoza\u2014 tambi\u00e9n sufrieron golpes, y al menos dos fueron asistidos en el hospital por precauci\u00f3n.<\/p>\n<p><\/p>\n<h2>Operativo de emergencia y tr\u00e1nsito afectado<\/h2>\n<p>El accidente gener\u00f3 un importante despliegue de equipos de emergencia en el lugar, incluyendo personal de salud, Polic\u00eda, Bomberos y Protecci\u00f3n Civil. Las tareas de rescate, asistencia a los heridos y peritajes obligaron a interrumpir parcialmente el tr\u00e1nsito durante varios minutos. Esto provoc\u00f3 demoras en la circulaci\u00f3n sobre uno de los accesos m\u00e1s transitados de la zona.<\/p>\n<p>Seg\u00fan las primeras informaciones, la mec\u00e1nica del hecho a\u00fan no fue determinada con precisi\u00f3n y ser\u00e1 materia de investigaci\u00f3n. No se descarta que el impacto se haya producido cuando la camioneta que ingresaba a la ciudad intent\u00f3 cruzar la ruta. Las autoridades contin\u00faan trabajando para esclarecer las causas y establecer responsabilidades.<\/p>\n<p>Hasta el momento, no se difundieron partes m\u00e9dicos oficiales actualizados sobre el estado de salud de los heridos. Sin embargo, fuentes intervinientes indicaron que todos estaban conscientes al momento de ser asistidos, aunque uno de los lesionados presentaba un cuadro m\u00e1s delicado. El hecho volvi\u00f3 a poner el foco en la peligrosidad de ese sector vial y la necesidad de extremar precauciones.<\/p>\n<p><iframe style=\"border: none; overflow: hidden;\" src=\"https:\/\/www.facebook.com\/plugins\/video.php?height=476&#038;href=https%3A%2F%2Fwww.facebook.com%2F100067012012764%2Fvideos%2F1954221671860484%2F&#038;show_text=false&#038;width=267&#038;t=0\" width=\"267\" height=\"476\" frameborder=\"0\" scrolling=\"no\" allowfullscreen=\"allowfullscreen\"><\/iframe><\/p>\n<\/p><\/div>\n","protected":false},"excerpt":{"rendered":"<p>El impacto entre dos camionetas gener\u00f3 un amplio operativo y derivaciones m\u00e9dicas de urgencia. Involucr\u00f3 a una Renault Oroch y una Toyota Hilux. Im\u00e1genes: gentileza Un fuerte accidente de tr\u00e1nsito se registr\u00f3 este s\u00e1bado por la ma\u00f1ana en el acceso norte de Catriel, sobre la Ruta Nacional 151, y dej\u00f3 como saldo varias personas heridas, [&hellip;]<\/p>\n","protected":false},"author":1,"featured_media":14510,"comment_status":"","ping_status":"","sticky":false,"template":"","format":"standard","meta":{"_monsterinsights_skip_tracking":false,"_monsterinsights_sitenote_active":false,"_monsterinsights_sitenote_note":"","_monsterinsights_sitenote_category":0,"footnotes":"","jetpack_publicize_message":"","jetpack_publicize_feature_enabled":true,"jetpack_social_post_already_shared":true,"jetpack_social_options":{"image_generator_settings":{"template":"highway","default_image_id":0,"font":"","enabled":false},"version":2}},"categories":[1],"tags":[],"class_list":["post-14509","post","type-post","status-publish","format-standard","has-post-thumbnail","hentry","category-ultimas-noticias"],"aioseo_notices":[],"jetpack_publicize_connections":[],"amp_enabled":true,"_links":{"self":[{"href":"https:\/\/noticiasdeangostura.com.ar\/index.php?rest_route=\/wp\/v2\/posts\/14509","targetHints":{"allow":["GET"]}}],"collection":[{"href":"https:\/\/noticiasdeangostura.com.ar\/index.php?rest_route=\/wp\/v2\/posts"}],"about":[{"href":"https:\/\/noticiasdeangostura.com.ar\/index.php?rest_route=\/wp\/v2\/types\/post"}],"author":[{"embeddable":true,"href":"https:\/\/noticiasdeangostura.com.ar\/index.php?rest_route=\/wp\/v2\/users\/1"}],"replies":[{"embeddable":true,"href":"https:\/\/noticiasdeangostura.com.ar\/index.php?rest_route=%2Fwp%2Fv2%2Fcomments&post=14509"}],"version-history":[{"count":0,"href":"https:\/\/noticiasdeangostura.com.ar\/index.php?rest_route=\/wp\/v2\/posts\/14509\/revisions"}],"wp:featuredmedia":[{"embeddable":true,"href":"https:\/\/noticiasdeangostura.com.ar\/index.php?rest_route=\/wp\/v2\/media\/14510"}],"wp:attachment":[{"href":"https:\/\/noticiasdeangostura.com.ar\/index.php?rest_route=%2Fwp%2Fv2%2Fmedia&parent=14509"}],"wp:term":[{"taxonomy":"category","embeddable":true,"href":"https:\/\/noticiasdeangostura.com.ar\/index.php?rest_route=%2Fwp%2Fv2%2Fcategories&post=14509"},{"taxonomy":"post_tag","embeddable":true,"href":"https:\/\/noticiasdeangostura.com.ar\/index.php?rest_route=%2Fwp%2Fv2%2Ftags&post=14509"}],"curies":[{"name":"wp","href":"https:\/\/api.w.org\/{rel}","templated":true}]}}