{"id":14513,"date":"2026-04-26T04:24:33","date_gmt":"2026-04-26T07:24:33","guid":{"rendered":"https:\/\/noticiasdeangostura.com.ar\/?p=14513"},"modified":"2026-04-26T04:24:33","modified_gmt":"2026-04-26T07:24:33","slug":"turismo-participo-de-una-mesa-de-trabajo-convocada-por-el-cfi","status":"publish","type":"post","link":"https:\/\/noticiasdeangostura.com.ar\/?p=14513","title":{"rendered":"Turismo particip\u00f3 de una mesa de trabajo convocada por el CFI"},"content":{"rendered":"<p> <br \/>\n<br \/><\/p>\n<p>El encuentro busc\u00f3 consensuar una hoja de ruta que promueva un desarrollo econ\u00f3mico y social m\u00e1s equitativo en todo el pa\u00eds. Tambi\u00e9n incluy\u00f3 charlas t\u00e9cnicas a cargo de especialistas y espacios de exposici\u00f3n de las provincias.<\/p>\n<div>\n<p>La provincia del Neuqu\u00e9n, a trav\u00e9s del subsecretario de Turismo, <strong>Sergio Sciacchitano<\/strong>, particip\u00f3 de una mesa de trabajo convocada por el Consejo\u00a0Federal de Inversiones (CFI). La misma se realiz\u00f3 en la ciudad aut\u00f3noma de Buenos Aires, con el fin de construir una ruta de acci\u00f3n con planificaci\u00f3n de enfoque federal, sostenible y orientado a la gesti\u00f3n de inversiones para el desarrollo regional.<\/p>\n<p>Denominada \u201c<em>Una Hoja de Ruta hacia un Futuro Federal: Turismo<\/em>\u201d, la jornada de trabajo cont\u00f3 con la participaci\u00f3n de los referentes de turismo de todas las provincias.<\/p>\n<p>En la primera jornada se incluyeron bloques de charlas t\u00e9cnicas a cargo de especialistas y espacios de exposici\u00f3n de las autoridades provinciales acerca de las realidades locales y del planteo de ejes prioritarios que permitan al turismo consolidarse como un sector productivo estrat\u00e9gico.<\/p>\n<p>El eje tem\u00e1tico tuvo cuatro pilares fundamentales: Planificaci\u00f3n Estrat\u00e9gica Sostenible y Gobernanza Federal; Conectividad, Tecnolog\u00eda e Innovaci\u00f3n; Sistemas de Informaci\u00f3n Tur\u00edstica; Inversi\u00f3n y Financiamiento.<\/p>\n<p>Los problemas identificados, como la concentraci\u00f3n territorial, la estacionalidad de los flujos y los d\u00e9ficits en infraestructura, fueron el punto de partida para consensuar una hoja de ruta que promueva un desarrollo econ\u00f3mico y social m\u00e1s equitativo en todo el pa\u00eds.<\/p>\n<p>En ese sentido, Sciacchitano se refiri\u00f3 a la posici\u00f3n de la provincia y destac\u00f3 que\u00a0<em>\u201cNeuqu\u00e9n tiene una mirada regional e integral del territorio, por eso propusimos llevar adelante un esquema de trabajo en vinculaci\u00f3n con los distintos actores locales del sector p\u00fablico y privado, como as\u00ed tambi\u00e9n con el sector tur\u00edstico y productivo de las provincias vecinas\u201d.<\/em><\/p>\n<p>Asimismo, dijo que <em>\u201ces importante que el pa\u00eds tenga una mirada integral y estrat\u00e9gica de qu\u00e9 se quiere para el futuro de la actividad y todas las provincias. Vemos que este espacio propuesto por el CFI puede ser una gran oportunidad para volver a plantear temas claves, como es el desarrollo de productos integrales, conectividad, infraestructura, destinos emergentes y desarrollo productivo y tur\u00edstico de las econom\u00edas regionales\u201d.<\/em><\/p>\n<p>Esta iniciativa del CFI busca transformar el turismo en una pol\u00edtica p\u00fablica de largo plazo, estrechamente vinculada al ordenamiento territorial y la generaci\u00f3n de empleo de calidad.<\/p>\n<\/p><\/div>\n<p><script type=\"cd64327b09724e7f8248b227-text\/javascript\">\n    window.addEventListener('load', () => {\n        if (typeof FB !== 'undefined' && FB.init) {\n            \/\/ La SDK de Facebook est\u00e1 inicializada\n        } else {\n            \/\/ La SDK de Facebook no est\u00e1 inicializada\n            var script = document.createElement('script');\n            script.async = true;\n            script.defer = true;\n            script.crossOrigin = 'anonymous';\n            script.src=\"https:\/\/connect.facebook.net\/es_LA\/sdk.js#xfbml=1&version=v17.0&appId=868452105110858&autoLogAppEvents=1\";\n            script.nonce=\"eBgX2sTe\";\n            document.head.appendChild(script);\n        }\n        \/* FIX YOUTUBE (fix width) *\/\n        var youtubeIframes = document.querySelectorAll('iframe[src*=\"youtube.com\/embed\"]');\n        youtubeIframes.forEach(function(iframe) {\n            var containerWidth = iframe.parentElement.clientWidth || iframe.parentElement.offsetWidth;\n            if(containerWidth && iframe.width > containerWidth){\n                iframe.width = containerWidth;\n                iframe.height = (containerWidth \/ 16) * 9; \/\/ Assuming a 16:9 aspect ratio\n            }\n        });\n    });\n<\/script><\/p>\n","protected":false},"excerpt":{"rendered":"<p>El encuentro busc\u00f3 consensuar una hoja de ruta que promueva un desarrollo econ\u00f3mico y social m\u00e1s equitativo en todo el pa\u00eds. Tambi\u00e9n incluy\u00f3 charlas t\u00e9cnicas a cargo de especialistas y espacios de exposici\u00f3n de las provincias. La provincia del Neuqu\u00e9n, a trav\u00e9s del subsecretario de Turismo, Sergio Sciacchitano, particip\u00f3 de una mesa de trabajo convocada [&hellip;]<\/p>\n","protected":false},"author":1,"featured_media":14514,"comment_status":"","ping_status":"","sticky":false,"template":"","format":"standard","meta":{"_monsterinsights_skip_tracking":false,"_monsterinsights_sitenote_active":false,"_monsterinsights_sitenote_note":"","_monsterinsights_sitenote_category":0,"footnotes":"","jetpack_publicize_message":"","jetpack_publicize_feature_enabled":true,"jetpack_social_post_already_shared":true,"jetpack_social_options":{"image_generator_settings":{"template":"highway","default_image_id":0,"font":"","enabled":false},"version":2}},"categories":[4],"tags":[2487,2486,1972,1313,18,35,509,40],"class_list":["post-14513","post","type-post","status-publish","format-standard","has-post-thumbnail","hentry","category-regionales","tag-cfi","tag-convocada","tag-mesa","tag-participo","tag-por","tag-trabajo","tag-turismo","tag-una"],"aioseo_notices":[],"jetpack_publicize_connections":[],"amp_enabled":true,"_links":{"self":[{"href":"https:\/\/noticiasdeangostura.com.ar\/index.php?rest_route=\/wp\/v2\/posts\/14513","targetHints":{"allow":["GET"]}}],"collection":[{"href":"https:\/\/noticiasdeangostura.com.ar\/index.php?rest_route=\/wp\/v2\/posts"}],"about":[{"href":"https:\/\/noticiasdeangostura.com.ar\/index.php?rest_route=\/wp\/v2\/types\/post"}],"author":[{"embeddable":true,"href":"https:\/\/noticiasdeangostura.com.ar\/index.php?rest_route=\/wp\/v2\/users\/1"}],"replies":[{"embeddable":true,"href":"https:\/\/noticiasdeangostura.com.ar\/index.php?rest_route=%2Fwp%2Fv2%2Fcomments&post=14513"}],"version-history":[{"count":0,"href":"https:\/\/noticiasdeangostura.com.ar\/index.php?rest_route=\/wp\/v2\/posts\/14513\/revisions"}],"wp:featuredmedia":[{"embeddable":true,"href":"https:\/\/noticiasdeangostura.com.ar\/index.php?rest_route=\/wp\/v2\/media\/14514"}],"wp:attachment":[{"href":"https:\/\/noticiasdeangostura.com.ar\/index.php?rest_route=%2Fwp%2Fv2%2Fmedia&parent=14513"}],"wp:term":[{"taxonomy":"category","embeddable":true,"href":"https:\/\/noticiasdeangostura.com.ar\/index.php?rest_route=%2Fwp%2Fv2%2Fcategories&post=14513"},{"taxonomy":"post_tag","embeddable":true,"href":"https:\/\/noticiasdeangostura.com.ar\/index.php?rest_route=%2Fwp%2Fv2%2Ftags&post=14513"}],"curies":[{"name":"wp","href":"https:\/\/api.w.org\/{rel}","templated":true}]}}