{"id":14519,"date":"2026-04-26T05:23:00","date_gmt":"2026-04-26T08:23:00","guid":{"rendered":"https:\/\/noticiasdeangostura.com.ar\/?p=14519"},"modified":"2026-04-26T05:23:00","modified_gmt":"2026-04-26T08:23:00","slug":"lepore-en-am-cumbre-la-violencia-en-hospitales-y-los-proyectos-que-abren-debate-en-neuquen","status":"publish","type":"post","link":"https:\/\/noticiasdeangostura.com.ar\/?p=14519","title":{"rendered":"L\u00e9pore en AM Cumbre: la violencia en hospitales y los proyectos que abren debate en Neuqu\u00e9n"},"content":{"rendered":"<p> <br \/>\n<br \/><\/p>\n<p>El diputado analiz\u00f3 iniciativas clave en la Legislatura. Desde la seguridad en salud hasta energ\u00eda y educaci\u00f3n, marc\u00f3 los ejes de discusi\u00f3n.<\/p>\n<div>\n<p><a href=\"https:\/\/www.youtube.com\/watch?v=LE4XHvEVD1c\" target=\"_blank\" rel=\"noopener\">La Legislatura de Neuqu\u00e9n avanza en el tratamiento de distintos proyectos que buscan dar respuesta a problem\u00e1ticas actuales, con especial foco en el sistema de salud y la seguridad de sus trabajadores.<\/a><\/p>\n<p><strong>Durante una entrevista en el programa <a href=\"https:\/\/www.amcumbre.com\/\" target=\"_blank\" rel=\"noopener\">Entre l\u00edneas por AM Cumbre 1400<\/a><\/strong>, el diputado provincial Francisco L\u00e9pore analiz\u00f3 el escenario legislativo.<\/p>\n<p>En di\u00e1logo con los periodistas, destac\u00f3 que una de las principales iniciativas apunta a la violencia dentro del sistema p\u00fablico de salud.<\/p>\n<p>Seg\u00fan indic\u00f3, <strong>se trata de una problem\u00e1tica creciente que requiere herramientas concretas tanto de prevenci\u00f3n como de intervenci\u00f3n<\/strong>.<\/p>\n<h3>Violencia en hospitales: un problema en crecimiento<\/h3>\n<p>Uno de los ejes centrales del debate es el aumento de situaciones de violencia dentro de hospitales y centros de salud. Seg\u00fan lo planteado en comisiones, se trata de episodios que van desde agresiones verbales hasta hechos f\u00edsicos.<\/p>\n<p>Este fen\u00f3meno no solo afecta a m\u00e9dicos, sino a todo el personal que trabaja en el sistema. La din\u00e1mica de guardias, el estr\u00e9s de los pacientes y la falta de informaci\u00f3n generan escenarios complejos que muchas veces terminan en conflictos.<\/p>\n<h3>Un plan para prevenir y actuar<\/h3>\n<p>El proyecto en discusi\u00f3n propone un abordaje integral. Incluye la creaci\u00f3n de un registro de hechos de violencia, lo que permitir\u00eda dimensionar el problema y tomar decisiones en base a datos concretos.<\/p>\n<p>Adem\u00e1s, se contemplan capacitaciones para el personal, protocolos de actuaci\u00f3n y la posibilidad de aplicar sanciones. La intenci\u00f3n es equilibrar prevenci\u00f3n y respuesta, evitando que estos episodios queden sin consecuencias.<\/p>\n<p><iframe title=\"Francisco Lepore - Entre Lineas\" width=\"740\" height=\"416\" src=\"https:\/\/www.youtube.com\/embed\/LE4XHvEVD1c?feature=oembed\" frameborder=\"0\" allow=\"accelerometer; autoplay; clipboard-write; encrypted-media; gyroscope; picture-in-picture; web-share\" referrerpolicy=\"strict-origin-when-cross-origin\" allowfullscreen><\/iframe><\/p>\n<h3>Energ\u00eda y GNL: una agenda que avanza<\/h3>\n<p>En paralelo, la Legislatura espera el ingreso de una ley vinculada al desarrollo del Gas Natural Licuado (GNL), considerada estrat\u00e9gica para la provincia.<\/p>\n<p>El proyecto busca establecer un marco regulatorio que acompa\u00f1e el crecimiento de la actividad. Sin embargo, su tratamiento depender\u00e1 de definiciones t\u00e9cnicas y acuerdos previos entre el Ejecutivo y las operadoras.<\/p>\n<h3>Debate previsional y equilibrio del sistema<\/h3>\n<p>Otro de los temas que comienza a instalarse es el proyecto de pasividad anticipada para trabajadores estatales.<\/p>\n<p>La iniciativa abre un debate complejo, ya que implica analizar situaciones laborales hist\u00f3ricas y al mismo tiempo resguardar el equilibrio de la caja jubilatoria. El desaf\u00edo ser\u00e1 encontrar un esquema que contemple ambos aspectos.<\/p>\n<h3>Escuelas y amenazas: un abordaje en discusi\u00f3n<\/h3>\n<p>Las amenazas en establecimientos educativos tambi\u00e9n forman parte de la agenda.<\/p>\n<p>Si bien existen propuestas vinculadas a medidas de seguridad, el planteo es que el abordaje no debe ser apresurado ni exclusivamente punitivo.<\/p>\n<p>El foco, seg\u00fan se expres\u00f3, debe estar en comprender el contexto y trabajar desde la comunidad educativa para encontrar soluciones de fondo.<\/p>\n<p>El escenario legislativo muestra una agenda amplia, donde conviven proyectos de seguridad, desarrollo econ\u00f3mico y problem\u00e1ticas sociales, en un contexto que exige respuestas equilibradas y sostenidas en el tiempo.<\/p>\n<p>\u00a0<\/p>\n<h2>La entrevista<\/h2>\n<p>Francisco L\u00e9pore, <strong>diputado provincial por el bloque Avanzar Neuqu\u00e9n<\/strong>, analiz\u00f3 los proyectos en tratamiento en la Legislatura, con foco en la violencia en el sistema de salud, iniciativas energ\u00e9ticas y debates educativos.<\/p>\n<p>\u2014Pregunta: \u00bfEn qu\u00e9 consiste el proyecto sobre violencia en el sistema de salud?<br \/>\u2014Respuesta: Es un proyecto enviado por el Ejecutivo que busca crear un plan provincial de prevenci\u00f3n y erradicaci\u00f3n de la violencia en el sistema p\u00fablico de salud. Incluye a todo el personal: m\u00e9dicos, enfermeros, administrativos y otros trabajadores que est\u00e1n expuestos a distintas situaciones.<\/p>\n<p>\u2014Pregunta: \u00bfQu\u00e9 tipo de situaciones se est\u00e1n registrando?<br \/>\u2014Respuesta: Hay desde amenazas verbales hasta agresiones f\u00edsicas. Lo que nos plantearon los equipos de hospitales es que la violencia viene creciendo en cantidad y en intensidad en los \u00faltimos a\u00f1os, lo que requiere una respuesta concreta del Estado.<\/p>\n<p>\u2014Pregunta: \u00bfQu\u00e9 herramientas propone la iniciativa?<br \/>\u2014Respuesta: Se plantea crear un registro de hechos de violencia, capacitaciones para el personal, protocolos de actuaci\u00f3n y tambi\u00e9n sanciones para quienes agreden. La idea es no solo castigar, sino prevenir.<\/p>\n<p>\u2014Pregunta: \u00bfQu\u00e9 otros proyectos est\u00e1n en agenda?<br \/>\u2014Respuesta: Hay una ley vinculada al desarrollo de GNL que a\u00fan no ingres\u00f3, pero que es clave para la provincia. Tambi\u00e9n se est\u00e1 comenzando a debatir un proyecto de pasividad anticipada para trabajadores estatales.<\/p>\n<p>\u2014Pregunta: \u00bfQu\u00e9 desaf\u00edos presenta ese proyecto previsional?<br \/>\u2014Respuesta: Hay que analizar cu\u00e1ntas personas est\u00e1n en esa situaci\u00f3n y c\u00f3mo se implementa sin afectar la caja jubilatoria. Es un tema sensible porque el sistema previsional tiene caracter\u00edsticas muy particulares en Neuqu\u00e9n.<\/p>\n<p>\u2014Pregunta: \u00bfQu\u00e9 mirada tiene sobre las amenazas en escuelas?<br \/>\u2014Respuesta: Es un tema que preocupa, pero hay que abordarlo con cuidado. No se puede reaccionar de manera apresurada. Primero hay que entender qu\u00e9 est\u00e1 pasando en la comunidad educativa y trabajar desde ah\u00ed.<\/p>\n<\/p><\/div>\n","protected":false},"excerpt":{"rendered":"<p>El diputado analiz\u00f3 iniciativas clave en la Legislatura. Desde la seguridad en salud hasta energ\u00eda y educaci\u00f3n, marc\u00f3 los ejes de discusi\u00f3n. La Legislatura de Neuqu\u00e9n avanza en el tratamiento de distintos proyectos que buscan dar respuesta a problem\u00e1ticas actuales, con especial foco en el sistema de salud y la seguridad de sus trabajadores. Durante [&hellip;]<\/p>\n","protected":false},"author":1,"featured_media":14520,"comment_status":"","ping_status":"","sticky":false,"template":"","format":"standard","meta":{"_monsterinsights_skip_tracking":false,"_monsterinsights_sitenote_active":false,"_monsterinsights_sitenote_note":"","_monsterinsights_sitenote_category":0,"footnotes":"","jetpack_publicize_message":"","jetpack_publicize_feature_enabled":true,"jetpack_social_post_already_shared":true,"jetpack_social_options":{"image_generator_settings":{"template":"highway","default_image_id":0,"font":"","enabled":false},"version":2}},"categories":[1],"tags":[],"class_list":["post-14519","post","type-post","status-publish","format-standard","has-post-thumbnail","hentry","category-ultimas-noticias"],"aioseo_notices":[],"jetpack_publicize_connections":[],"amp_enabled":true,"_links":{"self":[{"href":"https:\/\/noticiasdeangostura.com.ar\/index.php?rest_route=\/wp\/v2\/posts\/14519","targetHints":{"allow":["GET"]}}],"collection":[{"href":"https:\/\/noticiasdeangostura.com.ar\/index.php?rest_route=\/wp\/v2\/posts"}],"about":[{"href":"https:\/\/noticiasdeangostura.com.ar\/index.php?rest_route=\/wp\/v2\/types\/post"}],"author":[{"embeddable":true,"href":"https:\/\/noticiasdeangostura.com.ar\/index.php?rest_route=\/wp\/v2\/users\/1"}],"replies":[{"embeddable":true,"href":"https:\/\/noticiasdeangostura.com.ar\/index.php?rest_route=%2Fwp%2Fv2%2Fcomments&post=14519"}],"version-history":[{"count":0,"href":"https:\/\/noticiasdeangostura.com.ar\/index.php?rest_route=\/wp\/v2\/posts\/14519\/revisions"}],"wp:featuredmedia":[{"embeddable":true,"href":"https:\/\/noticiasdeangostura.com.ar\/index.php?rest_route=\/wp\/v2\/media\/14520"}],"wp:attachment":[{"href":"https:\/\/noticiasdeangostura.com.ar\/index.php?rest_route=%2Fwp%2Fv2%2Fmedia&parent=14519"}],"wp:term":[{"taxonomy":"category","embeddable":true,"href":"https:\/\/noticiasdeangostura.com.ar\/index.php?rest_route=%2Fwp%2Fv2%2Fcategories&post=14519"},{"taxonomy":"post_tag","embeddable":true,"href":"https:\/\/noticiasdeangostura.com.ar\/index.php?rest_route=%2Fwp%2Fv2%2Ftags&post=14519"}],"curies":[{"name":"wp","href":"https:\/\/api.w.org\/{rel}","templated":true}]}}