{"id":14531,"date":"2026-04-26T07:25:46","date_gmt":"2026-04-26T10:25:46","guid":{"rendered":"https:\/\/noticiasdeangostura.com.ar\/?p=14531"},"modified":"2026-04-26T07:25:46","modified_gmt":"2026-04-26T10:25:46","slug":"como-estara-el-indice-de-rayos-uv-hoy-26-de-abril","status":"publish","type":"post","link":"https:\/\/noticiasdeangostura.com.ar\/?p=14531","title":{"rendered":"C\u00f3mo estar\u00e1 el \u00edndice de rayos UV hoy, 26 de abril"},"content":{"rendered":"<p> <br \/>\n<br \/><\/p>\n<p>\t\t\t\t\t\tPara la Ciudad de Buenos Aires y el Conurbano bonaerense, el pron\u00f3stico para este domingo 26 de abril indica un \u00edndice UV m\u00e1ximo de 4. Este nivel es considerado moderado, por lo que se recomienda tomar precauciones est\u00e1ndar ante la exposici\u00f3n solar.    Seg\u00fan los datos del Servicio Meteorol\u00f3gico Nacional y mediciones regionales, gran parte del territorio argentino presenta condiciones de radiaci\u00f3n UV moderadas para esta jornada, variando ligeramente seg\u00fan las condiciones de nubosidad local.    Qu\u00e9 es el \u00edndice UV y por qu\u00e9 es importante para la salud    El \u00edndice UV (IUV) es una medida internacional estandarizada de la intensidad de la radiaci\u00f3n ultravioleta en la superficie terrestre. Este indicador, desarrollado por la Organizaci\u00f3n Mundial de la Salud (OMS) en conjunto con otras entidades, permite comunicar al p\u00fablico el nivel de riesgo de da\u00f1o por exposici\u00f3n solar, facilitando la toma de medidas preventivas.<\/p>\n<p>        Esto no les gusta a los autoritarios<\/p>\n<p>                El ejercicio del periodismo profesional y cr\u00edtico es un pilar fundamental de la democracia. Por eso molesta a quienes creen ser los due\u00f1os de la verdad.<\/p>\n<p>    La escala del \u00edndice UV comienza en cero y no tiene un l\u00edmite m\u00e1ximo; cuanto m\u00e1s alto es el valor, mayor es la probabilidad de sufrir lesiones en la piel y los ojos, y menor es el tiempo necesario para que estas ocurran. Conocer este valor diariamente es fundamental para adecuar nuestras actividades al aire libre y proteger nuestra salud.        El peligro de los rayos ultravioletas del sol para la salud    La exposici\u00f3n excesiva y sin protecci\u00f3n a los rayos ultravioletas es una causa principal de diversos problemas de salud. Seg\u00fan la Organizaci\u00f3n Panamericana de la Salud (OPS), la radiaci\u00f3n UV puede provocar quemaduras solares, envejecimiento prematuro de la piel y da\u00f1os oculares graves, como cataratas y crecimientos anormales en el ojo.    M\u00e1s preocupante a\u00fan es el efecto acumulativo de esta radiaci\u00f3n, que est\u00e1 fuertemente vinculado con el aumento del riesgo de desarrollar diferentes tipos de c\u00e1ncer de piel. Dado que gran parte de la exposici\u00f3n solar ocurre antes de los 18 a\u00f1os, es imperativo establecer h\u00e1bitos de fotoprotecci\u00f3n desde la infancia para reducir riesgos a largo plazo.    Para protegerse adecuadamente, la OPS recomienda limitar el tiempo de permanencia bajo el sol durante las horas centrales del d\u00eda, cuando la radiaci\u00f3n es m\u00e1s intensa. Buscar la sombra es una de las estrategias m\u00e1s efectivas para minimizar la exposici\u00f3n directa.    Asimismo, es esencial utilizar elementos de protecci\u00f3n f\u00edsica como sombreros de ala ancha, lentes de sol con filtro UV y ropa que cubra la mayor parte del cuerpo. En las zonas de piel expuesta, se debe aplicar un protector solar con factor de protecci\u00f3n (FPS) igual o superior a 30, renovando su aplicaci\u00f3n cada dos horas o tras sudar o ba\u00f1arse.  <\/p>\n","protected":false},"excerpt":{"rendered":"<p>Para la Ciudad de Buenos Aires y el Conurbano bonaerense, el pron\u00f3stico para este domingo 26 de abril indica un \u00edndice UV m\u00e1ximo de 4. Este nivel es considerado moderado, por lo que se recomienda tomar precauciones est\u00e1ndar ante la exposici\u00f3n solar. Seg\u00fan los datos del Servicio Meteorol\u00f3gico Nacional y mediciones regionales, gran parte del [&hellip;]<\/p>\n","protected":false},"author":1,"featured_media":14532,"comment_status":"","ping_status":"","sticky":false,"template":"","format":"standard","meta":{"_monsterinsights_skip_tracking":false,"_monsterinsights_sitenote_active":false,"_monsterinsights_sitenote_note":"","_monsterinsights_sitenote_category":0,"footnotes":"","jetpack_publicize_message":"","jetpack_publicize_feature_enabled":true,"jetpack_social_post_already_shared":true,"jetpack_social_options":{"image_generator_settings":{"template":"highway","default_image_id":0,"font":"","enabled":false},"version":2}},"categories":[11],"tags":[],"class_list":["post-14531","post","type-post","status-publish","format-standard","has-post-thumbnail","hentry","category-actualidad"],"aioseo_notices":[],"jetpack_publicize_connections":[],"amp_enabled":true,"_links":{"self":[{"href":"https:\/\/noticiasdeangostura.com.ar\/index.php?rest_route=\/wp\/v2\/posts\/14531","targetHints":{"allow":["GET"]}}],"collection":[{"href":"https:\/\/noticiasdeangostura.com.ar\/index.php?rest_route=\/wp\/v2\/posts"}],"about":[{"href":"https:\/\/noticiasdeangostura.com.ar\/index.php?rest_route=\/wp\/v2\/types\/post"}],"author":[{"embeddable":true,"href":"https:\/\/noticiasdeangostura.com.ar\/index.php?rest_route=\/wp\/v2\/users\/1"}],"replies":[{"embeddable":true,"href":"https:\/\/noticiasdeangostura.com.ar\/index.php?rest_route=%2Fwp%2Fv2%2Fcomments&post=14531"}],"version-history":[{"count":0,"href":"https:\/\/noticiasdeangostura.com.ar\/index.php?rest_route=\/wp\/v2\/posts\/14531\/revisions"}],"wp:featuredmedia":[{"embeddable":true,"href":"https:\/\/noticiasdeangostura.com.ar\/index.php?rest_route=\/wp\/v2\/media\/14532"}],"wp:attachment":[{"href":"https:\/\/noticiasdeangostura.com.ar\/index.php?rest_route=%2Fwp%2Fv2%2Fmedia&parent=14531"}],"wp:term":[{"taxonomy":"category","embeddable":true,"href":"https:\/\/noticiasdeangostura.com.ar\/index.php?rest_route=%2Fwp%2Fv2%2Fcategories&post=14531"},{"taxonomy":"post_tag","embeddable":true,"href":"https:\/\/noticiasdeangostura.com.ar\/index.php?rest_route=%2Fwp%2Fv2%2Ftags&post=14531"}],"curies":[{"name":"wp","href":"https:\/\/api.w.org\/{rel}","templated":true}]}}