{"id":14537,"date":"2026-04-26T09:21:24","date_gmt":"2026-04-26T12:21:24","guid":{"rendered":"https:\/\/noticiasdeangostura.com.ar\/?p=14537"},"modified":"2026-04-26T09:21:24","modified_gmt":"2026-04-26T12:21:24","slug":"presente-continuo-llega-a-neuquen-para-visibilizar-la-discapacidad-ser-diferente-esta-re-bueno","status":"publish","type":"post","link":"https:\/\/noticiasdeangostura.com.ar\/?p=14537","title":{"rendered":"\u00abPresente continuo\u00bb llega a Neuqu\u00e9n para visibilizar la discapacidad: \u00abSer diferente est\u00e1 re bueno\u00bb"},"content":{"rendered":"<p> <br \/>\n<\/p>\n<p>Un viaje en avi\u00f3n de Neuqu\u00e9n a Buenos Aires representa, para muchas personas, un tr\u00e1mite de rutina. Para Mercedes y su hijo Juan Cruz, ese trayecto fue un \u201cpeque\u00f1o triunfo\u201d que la desbord\u00f3 de emoci\u00f3n.  \u201cSer diferente est\u00e1 re bueno\u00bb, afirm\u00f3 Valentina. Ella guarda un tesoro similar: el d\u00eda que su hijo Lisandro se larg\u00f3 a andar en bicicleta sin rueditas a los tres a\u00f1os. Ambos ni\u00f1os tienen autismo. Estos logros de la cotidianeidad son el motor de quienes maternan y paternan a ni\u00f1os con discapacidades.<\/p>\n<p>De ese valor agregado que adquiere la cotidianeidad naci\u00f3 el biodrama \u201cPresente Continuo\u201d. El cineasta Ulises Rosell quiso retratar el traspaso de la ni\u00f1ez a la adolescencia de Lisandro, el hijo que tiene junto a a la actriz Valentina Bassi. Las repercusiones de la pel\u00edcula superaron las expectativas de los tres: se convirti\u00f3 en un s\u00edmbolo de lucha frente a los recortes en el \u00e1rea de Discapacidad por parte del Gobierno de Javier Milei. Adem\u00e1s, llev\u00f3 un abrazo a las familias que est\u00e1n atravesando la misma situaci\u00f3n.<\/p>\n<p>Esa fue la sensaci\u00f3n que tuvo la exconcejala y referente de la Fundaci\u00f3n La Ciudad, Marcedes Lamarca, cuando escuch\u00f3 a Bassi en una entrevista. \u201cSent\u00ed que era necesario traer esa mirada a Neuqu\u00e9n. Hay una potencia sanadora en compartir lo que nos pasa, porque en discapacidad, lo que para otros es normal, para nosotros es una fiesta que merece ser contada\u201d, reflexion\u00f3.<\/p>\n<p>As\u00ed fue que le escribi\u00f3 y la convoc\u00f3 para transmitir \u201cPresente continuo\u201d en el Auditorio del Museo Nacional de Bellas Artes (MNBA). La Municipalidad y la jefa de Gabinete, Mar\u00eda \u201cTana\u201d Pasqualini, avalaron la iniciativa y colaboraron con las gestiones.<\/p>\n<p>Valentina acept\u00f3 la invitaci\u00f3n encantada. \u201cNos gusta que la pel\u00edcula gire. Somos nosotros dos quienes la llevamos adelante sin estructuras comerciales. Que las provincias y los municipios se inquieten por llevarla es lo que permite que el mensaje se expanda\u201d, resalt\u00f3 Bassi. Para la actriz, llegar a la capital neuquina representa la oportunidad de generar un espacio de reflexi\u00f3n.<\/p>\n<p>\u201cLos debates que abre la pel\u00edcula son ox\u00edgeno, un poco de aire para estos momentos tan dif\u00edciles. La obra es muy amorosa y luminosa. Te lleva para otro lado y te muestra que tener un hijo diferente te permite una vida distinta, que tambi\u00e9n est\u00e1 buen\u00edsima\u201d, remarc\u00f3 con orgullo.<\/p>\n<p>Lamarca comparte esta mirada sobre maternar a un ni\u00f1o con autismo. \u201cMuchas veces transitamos estas crianzas en soledad o sintiendo que el mundo no est\u00e1 preparado para nuestros hijos. Cuando logramos algo que parece simple, como el viaje en avi\u00f3n que hicimos con Juan Cruz, la emoci\u00f3n te desborda porque sab\u00e9s todo el esfuerzo que hay detr\u00e1s. Traer esta pel\u00edcula es una forma de decirnos que no estamos solas, que nuestras luchas son reales y que tambi\u00e9n hay mucha luz en este camino\u201d, enfatiz\u00f3.<\/p>\n<p>\u00abPresente continuo\u00bb se presenta en el MNBA en Neuqu\u00e9n<\/p>\n<p>El t\u00edtulo del biodrama que se presentar\u00e1 este lunes a las 18 en el Auditorio del MNBA encierra una filosof\u00eda de vida que Bassi descubri\u00f3 a trav\u00e9s de su hijo. Mientras el mundo neurot\u00edpico se angustia por el futuro, Lisandro habita un tiempo sin esas cargas. Valentina explic\u00f3 que \u201ctener un hijo diferente\u201d te invita a alejarte de las etapas tradicionales que la sociedad impone.<\/p>\n<p>Para ella, acompa\u00f1ar a Lisandro es sumergirse en un andar distinto, donde los avances se miden en \u201cmicro-triunfos\u201d y la conexi\u00f3n se da a trav\u00e9s de lenguajes propios, rompiendo con la linealidad de lo que se espera de un ni\u00f1o o un adolescente.<\/p>\n<p>Esa comunicaci\u00f3n alternativa encontr\u00f3, a\u00f1os atr\u00e1s, un canal inesperado: el arte. Bassi record\u00f3 con ternura la \u00e9poca en la que su hijo sintoniz\u00f3 con un cuadro de Caravaggio. Durante tres a\u00f1os, esa imagen fue su objeto de apego, su \u201cosito de peluche\u201d que llevaban incluso a la casa de sus amigos. \u201cNos comunic\u00e1bamos a trav\u00e9s de ese cuadro. Cant\u00e1bamos al lado de la imagen, le pusimos brillantina en el pelo; hicimos de todo para entrar en su mundo. Esas son las cosas de una crianza diferente que me maravillan de amor\u201d, resalt\u00f3 la actriz.<\/p>\n<p>La filmaci\u00f3n del biodrama fue un proceso artesanal. Lisandro ya estaba acostumbrado a ver a su pap\u00e1, Ulises Rosell, siempre con una c\u00e1mara, as\u00ed que \u201cni se enteraba\u201d de que estaban grabando una pel\u00edcula. La sorpresa lleg\u00f3 el d\u00eda del estreno, cuando el joven se vio en la pantalla gigante. Contra todo pron\u00f3stico, se sent\u00f3 en primera fila y permaneci\u00f3 en silencio. \u201cSe mataba de risa, dec\u00eda los textos, los repet\u00eda porque se los acordaba. Creo que ah\u00ed entendi\u00f3 el trabajo de su pap\u00e1 y le encant\u00f3 que lo miren\u201d, cont\u00f3 Bassi.<\/p>\n<p>La pel\u00edcula se estren\u00f3 en junio de 2025 con funciones especiales en el Museo de Arte Latinoamericano de Buenos Aires (MALBA), el Cine Arte Cacodelphia y se present\u00f3 en el Buenos Aires Festival Internacional de Cine Independiente. Bassi la lleva a cada lugar al que la invitan: la transmitieron en C\u00f3rdoba, Rosario, Santa Rosa y tambi\u00e9n la difundieron en las provincias de Tucum\u00e1n y Salta. Ahora llega a Neuqu\u00e9n.<\/p>\n<p>Mercedes Lamarca a\u00fan no la vio, quiere esperar a la funci\u00f3n en el MNBA. Con solo ver el tr\u00e1iler ya se le llenan los ojos de l\u00e1grimas. \u201cEn un contexto donde todo parece ir en contra, sostener estos espacios es una forma de seguir apostando por nuestros hijos y por una sociedad m\u00e1s justa\u201d, enfatiz\u00f3. El biodrama se transforma en una herramienta pol\u00edtica y un punto de encuentro. \u201cSer diferente est\u00e1 re bueno, sin romantizar las dificultades, pero sin descartar la belleza de ese andar por la vida\u201d, concluy\u00f3 Valentina.<\/p>\n<p>La obra se propone contar una historia familiar desde el lenguaje del arte. Bassi lo define como \u201cun hecho creativo\u201d donde se mezclan escenas documentales, situaciones guiadas e improvisaci\u00f3n. El espectador nunca sabe con exactitud d\u00f3nde termina la realidad y d\u00f3nde empieza la puesta en escena.La pel\u00edcula se film\u00f3 de manera artesanal, con ahorros propios y sin apoyo del INCAA.<\/p>\n<p>Recortes en Discapacidad: \u00abHay situaciones muy angustiantes, crueles e inhumanas\u00bb<\/p>\n<p>La transmisi\u00f3n del biodrama, \u201cPresente continuo\u201d, coincide con un clima de profunda incertidumbre en el sector de la Discapacidad. Tanto la actriz, Valentina Bassi, como la referente de la Fundaci\u00f3n La Ciudad, Mercedes Lamarca, advirtieron que las consecuencias de las pol\u00edticas de ajuste, del gobierno de Javier Milei, recaen directamente sobre la salud y los derechos de las familias.<\/p>\n<p>Bassi explic\u00f3 que su rol como activista surgi\u00f3 de forma espont\u00e1nea, tras el estreno de la pel\u00edcula en junio del 2025. \u201cInmediatamente empez\u00f3 el colapso en discapacidad e intentamos que salga la Ley de Emergencia porque se desbord\u00f3 todo el sector. Me encontr\u00e9 en este lugar, que nunca fue buscado, como una especie de voz de muchas personas que no son escuchadas\u201d, se\u00f1al\u00f3. Para la actriz, la lucha no admite pausas: \u201cEste gobierno te obliga a no aflojar. En cuanto te relaj\u00e1s, te mete una derogaci\u00f3n de la ley de emergencia o una suspensi\u00f3n\u201d.<\/p>\n<p>En el caso de Bassi, adem\u00e1s, se ve afectada por el desfinanciamiento en Cultura. \u201cLa obra social que tengo yo, y por ende mi hijo, est\u00e1 en convocatoria de acreedores porque no hay laburo para los actores, por lo tanto, no hay aportantes y mi hijo Lisandro depende de eso. Estoy en un riesgo continuo\u201d, explic\u00f3 la referente.<\/p>\n<p>Lamarca manifest\u00f3 su preocupaci\u00f3n por la vulnerabilidad de los tratamientos y el rol del Estado. \u201cEl decreto que permite la desregulaci\u00f3n del sistema de prestaciones es un golpe directo a la calidad de vida de nuestros hijos. Al romper el arancel \u00fanico nacional, lo que hacen es dejar a las familias a merced de lo que cada obra social quiera pagar y eso, en la pr\u00e1ctica, significa que muchos profesionales dejen de atender porque no les rinde. No es solo un recorte econ\u00f3mico, es un recorte de derechos b\u00e1sicos\u201d, advirti\u00f3 la referente neuquina.<\/p>\n<p>Bassi ve de cerca el deterioro de las familias que tienen personas con discapacidad: \u201cMe llegan much\u00edsimos mensajes de todo el pa\u00eds. Hay situaciones muy angustiantes, crueles e inhumanas\u201d.Ambas madres y activistas remarcaron que el ajuste atenta contra los derechos y la calidad de vida, sobre todo de los ni\u00f1os con discapacidad, ya que ven interrumpidos sus procesos y tratamientos en una etapa clave.<\/p>\n","protected":false},"excerpt":{"rendered":"<p>Un viaje en avi\u00f3n de Neuqu\u00e9n a Buenos Aires representa, para muchas personas, un tr\u00e1mite de rutina. Para Mercedes y su hijo Juan Cruz, ese trayecto fue un \u201cpeque\u00f1o triunfo\u201d que la desbord\u00f3 de emoci\u00f3n. \u201cSer diferente est\u00e1 re bueno\u00bb, afirm\u00f3 Valentina. Ella guarda un tesoro similar: el d\u00eda que su hijo Lisandro se larg\u00f3 [&hellip;]<\/p>\n","protected":false},"author":1,"featured_media":14538,"comment_status":"","ping_status":"","sticky":false,"template":"","format":"standard","meta":{"_monsterinsights_skip_tracking":false,"_monsterinsights_sitenote_active":false,"_monsterinsights_sitenote_note":"","_monsterinsights_sitenote_category":0,"footnotes":"","jetpack_publicize_message":"","jetpack_publicize_feature_enabled":true,"jetpack_social_post_already_shared":true,"jetpack_social_options":{"image_generator_settings":{"template":"highway","default_image_id":0,"font":"","enabled":false},"version":2}},"categories":[5],"tags":[],"class_list":["post-14537","post","type-post","status-publish","format-standard","has-post-thumbnail","hentry","category-politica"],"aioseo_notices":[],"jetpack_publicize_connections":[],"amp_enabled":true,"_links":{"self":[{"href":"https:\/\/noticiasdeangostura.com.ar\/index.php?rest_route=\/wp\/v2\/posts\/14537","targetHints":{"allow":["GET"]}}],"collection":[{"href":"https:\/\/noticiasdeangostura.com.ar\/index.php?rest_route=\/wp\/v2\/posts"}],"about":[{"href":"https:\/\/noticiasdeangostura.com.ar\/index.php?rest_route=\/wp\/v2\/types\/post"}],"author":[{"embeddable":true,"href":"https:\/\/noticiasdeangostura.com.ar\/index.php?rest_route=\/wp\/v2\/users\/1"}],"replies":[{"embeddable":true,"href":"https:\/\/noticiasdeangostura.com.ar\/index.php?rest_route=%2Fwp%2Fv2%2Fcomments&post=14537"}],"version-history":[{"count":0,"href":"https:\/\/noticiasdeangostura.com.ar\/index.php?rest_route=\/wp\/v2\/posts\/14537\/revisions"}],"wp:featuredmedia":[{"embeddable":true,"href":"https:\/\/noticiasdeangostura.com.ar\/index.php?rest_route=\/wp\/v2\/media\/14538"}],"wp:attachment":[{"href":"https:\/\/noticiasdeangostura.com.ar\/index.php?rest_route=%2Fwp%2Fv2%2Fmedia&parent=14537"}],"wp:term":[{"taxonomy":"category","embeddable":true,"href":"https:\/\/noticiasdeangostura.com.ar\/index.php?rest_route=%2Fwp%2Fv2%2Fcategories&post=14537"},{"taxonomy":"post_tag","embeddable":true,"href":"https:\/\/noticiasdeangostura.com.ar\/index.php?rest_route=%2Fwp%2Fv2%2Ftags&post=14537"}],"curies":[{"name":"wp","href":"https:\/\/api.w.org\/{rel}","templated":true}]}}