{"id":14549,"date":"2026-04-26T10:27:59","date_gmt":"2026-04-26T13:27:59","guid":{"rendered":"https:\/\/noticiasdeangostura.com.ar\/?p=14549"},"modified":"2026-04-26T10:27:59","modified_gmt":"2026-04-26T13:27:59","slug":"el-club-eucalipto-blanco-crece-con-el-programa-provincial","status":"publish","type":"post","link":"https:\/\/noticiasdeangostura.com.ar\/?p=14549","title":{"rendered":"El Club Eucalipto Blanco crece con el programa provincial"},"content":{"rendered":"<p> <br \/>\n<br \/><\/p>\n<p>Ubicado en el barrio Limay de Neuqu\u00e9n capital, la instituci\u00f3n deportiva sigue creciendo tanto en historias de vida, como en oportunidades e infraestructura para quienes se acercan a diario.<\/p>\n<div>\n<p>En las voces de los hermanos Robles, fundadores del club, y de dos de sus jugadores de primera categor\u00eda, recuperamos los relatos de quienes vieron nacer a esta instituci\u00f3n emblem\u00e1tica para toda una comunidad.<\/p>\n<p>Cuando vamos conociendo la historia del Club Eucalipto Blanco aparece un hilo com\u00fan que atraviesa generaciones: el esfuerzo colectivo y la convicci\u00f3n de que la instituci\u00f3n deportiva es, ante todo, de los chicos.<\/p>\n<p>Entre el pasado de tierra y el presente de obras, la instituci\u00f3n deportiva crece sin perder su identidad. Con el acompa\u00f1amiento del programa Clubes Sociales del Gobierno provincial, las mejoras en infraestructura conviven con lo esencial: el club como espacio de encuentro, contenci\u00f3n y oportunidades para las nuevas generaciones.<\/p>\n<p><em>\u201cMi inicio en el club fue junto con mi hermano hace m\u00e1s de 40 a\u00f1os. Lo acompa\u00f1\u00e9 por una cuesti\u00f3n de hermandad, porque siempre jugamos juntos. Antes mi viejo ten\u00eda equipo de f\u00fatbol, as\u00ed que era imposible no estar en la cancha\u201d, <\/em>recuerda <strong>Esteban Alberto Robles, <\/strong>uno de los hist\u00f3ricos del lugar.<\/p>\n<p>Ese recorrido est\u00e1 marcado por diversos desaf\u00edos que hoy se traducen en orgullo. <em>\u201cCuando pudimos pasar de comunitario a federado fue muy dif\u00edcil. Hab\u00eda que tener un predio acondicionado, juntar mucha plata, hacer actividades. Era todo a pulm\u00f3n\u201d, <\/em>cuenta. Y entre esas an\u00e9cdotas, una sintetiza el esp\u00edritu del club: <em>\u201cPara hacer los vestuarios que hoy ven, hicimos un \u2018chivo m\u00f3vil\u2019. Vend\u00edamos numeritos y cocin\u00e1bamos en la calle para juntar plata. As\u00ed compramos los materiales y construimos\u201d.<\/em><\/p>\n<p>El crecimiento no borr\u00f3 la esencia. Por el contrario, la fortaleci\u00f3. <em>\u201cPara nosotros el programa de Clubes Sociales de la Provincia es algo buen\u00edsimo, porque nos da la oportunidad de mejorar la infraestructura. Mejora nuestra casa, como decimos nosotros\u201d.<\/em><\/p>\n<p><em>\u201cHoy est\u00e1 m\u00e1s linda\u201d, <\/em>se\u00f1ala<em>, \u201cpero con la misma esencia: ser social, ser amable y respetuoso\u201d, <\/em>afirma Robles, al repasar el desarrollo de obras en el club, que cuenta con el acompa\u00f1amiento de esta pol\u00edtica p\u00fablica deportiva impulsada por el ministerio de Juventud, Deportes y Cultura a trav\u00e9s de la secretar\u00eda de Deportes.<\/p>\n<p>Las transformaciones son visibles. <em>\u201cTener tribunas era algo que siempre so\u00f1amos. Hoy lo tenemos. Tambi\u00e9n vamos a tener un buffet inmenso, se mejor\u00f3 la iluminaci\u00f3n. Vos entr\u00e1s a la cancha y est\u00e1 camino a ser lo que quer\u00edamos\u201d, <\/em>describe<em>.<\/em><\/p>\n<p>Sin embargo, hay algo que no cambia: el sentido de pertenencia. <em>\u201cUno siempre va a sentir orgullo de haber recorrido un camino y que hoy lo sigan otros. Esto es de los pibes y siempre va a tener que ser de los chicos y las chicas\u201d, <\/em>afirma. Y agrega: <em>\u201cEl campo de juego es un orgullo. Tenemos un drenaje espectacular, puede llover y se juega igual\u201d.<\/em><\/p>\n<p>Los recuerdos tambi\u00e9n pintan el contraste con el presente: <em>\u201cAntes esto era todo pelado. Hab\u00eda una hilera de \u00e1rboles, el canal a cielo abierto. Si la pelota se iba, ten\u00edamos que sacarla con un palo para poder seguir jugando\u201d, <\/em>evoca<em>.<\/em><\/p>\n<p>En esa misma l\u00ednea, <strong>Juan Carlos Robles <\/strong>aporta otra mirada fundacional: <em>\u201cEl club naci\u00f3 por una invitaci\u00f3n de la comisi\u00f3n del barrio Limay cuando yo ten\u00eda unos 20 a\u00f1os; vine por un tiempo y nunca pensamos llegar a fundar un club\u201d, <\/em>recuerda<em>. \u201cEl club se form\u00f3 a pulm\u00f3n; lo empec\u00e9 yo y despu\u00e9s me acompa\u00f1\u00f3 mi hermano, que me hizo la segunda\u201d.<\/em><\/p>\n<p>Tambi\u00e9n reconstruye el origen de su identidad: <em>\u201cHoy el Euca tiene m\u00e1s de 40 a\u00f1os. El nombre del club es por un \u00e1rbol que est\u00e1 detr\u00e1s de la instituci\u00f3n; blanco, por unas camisetas que nos regalaban; y del Limay, por el r\u00edo\u201d. <\/em>Y reafirma el sentido inicial que a\u00fan perdura:<em> \u201cCuando comenzamos, nuestro objetivo era sacar al chico de la calle; era dedicarles tiempo a los chicos que por ah\u00ed no ten\u00edan ad\u00f3nde ir\u201d.<\/em><\/p>\n<p>Desde otra generaci\u00f3n, los jugadores reflejan c\u00f3mo esa historia contin\u00faa viva. <strong>Gabriel Bascu\u00f1\u00e1n, <\/strong>jugador de primera divisi\u00f3n, cuenta que lleg\u00f3 al club a los 12 a\u00f1os: <em>\u201cFue por un amigo que viv\u00eda frente a mi casa y para m\u00ed era un desaf\u00edo, porque era un nuevo comienzo con chicos que no conoc\u00eda\u201d.<\/em><\/p>\n<p>Sobre aquellos primeros a\u00f1os, tambi\u00e9n marca el contraste con el presente:<em> \u201cLa cancha era totalmente de tierra, pero los chicos lo hac\u00edan divertido\u201d. <\/em>Y agrega<em>: \u201cAhora que la cancha est\u00e1 distinta, la vida que tiene el club mejor\u00f3 much\u00edsimo\u201d.<\/em><\/p>\n<p><strong>Ezequiel Guti\u00e9rrez<\/strong>, referente del club, que actualmente se desempe\u00f1a como capit\u00e1n de primera divisi\u00f3n, aporta su mirada.<em> \u201cArranqu\u00e9 en 2012, cuando esto reci\u00e9n empezaba. La cancha era de tierra, \u00e9ramos pocos chicos, pero fue creciendo\u201d, cuenta. Los entrenamientos de entonces distan mucho de los actuales: \u201cUs\u00e1bamos palos de escoba para entrenar. Era todo diferente\u201d.<\/em><\/p>\n<p>Tambi\u00e9n guarda sus propias postales: <em>\u201cTengo el recuerdo de un torneo en Plottier donde salimos campeones. \u00c9ramos todos chicos del barrio, compa\u00f1eros de la escuela. Hoy muchos siguieron sus caminos, pero yo sigo firme\u201d.<\/em><\/p>\n<p>Para \u00e9l, el club siempre fue m\u00e1s que un lugar para jugar: <em>\u201cLo viv\u00eda como una segunda familia, mi segunda casa\u201d. <\/em>Y en ese sentido, el impacto del programa provincial es claro:<em> \u201cHoy vemos las tribunas que antes no estaban. La gente se sentaba en reposeras. Es un cambio total, enorme\u201d.<\/em><\/p>\n<p>Ese cambio tambi\u00e9n se siente en la comunidad.<em> \u201cVer el club as\u00ed es una sensaci\u00f3n enorme y linda. Yo lo deseaba de coraz\u00f3n. Hoy se suma m\u00e1s gente, vienen chicos de todos lados, preguntan por el club. Antes no pasaba. Ahora es totalmente diferente\u201d, <\/em>asegura<em>.<\/em><\/p>\n<p><strong>Inversi\u00f3n y compromiso con la comunidad<\/strong><\/p>\n<p>En el marco del programa Clubes Sociales, la instituci\u00f3n \u2014presidida por Alejandro Garc\u00eda\u2014 recibi\u00f3 un aporte de 50 millones de pesos destinado a fortalecer su infraestructura. El proyecto contempla en su proyecto la construcci\u00f3n de vestuarios, sanitarios y tribunas, adem\u00e1s de la compra de materiales y la contrataci\u00f3n de mano de obra.<\/p>\n<p>Como parte de la contraprestaci\u00f3n, el club sostiene una intensa actividad social y comunitaria para llegar con m\u00e1s oportunidades a toda la comunidad. Entre las acciones realizadas se destaca la organizaci\u00f3n de un torneo rel\u00e1mpago infantil que reuni\u00f3 a 180 ni\u00f1os de ocho escuelas barriales, la cesi\u00f3n gratuita de sus instalaciones para entrenamientos de selecciones provinciales y la realizaci\u00f3n de eventos deportivos de alcance regional.<\/p>\n<p>Tambi\u00e9n llev\u00f3 adelante celebraciones abiertas como el D\u00eda de la Ni\u00f1ez junto a organizaciones del barrio, actividades con instituciones educativas y acciones solidarias ante emergencias, logrando reunir fondos y donaciones para familias afectadas.<\/p>\n<p>En paralelo, el club impulsa el desarrollo deportivo con iniciativas como convenios formativos con San Lorenzo de Almagro, instancias de captaci\u00f3n junto a Club Atl\u00e9tico Tigre y la promoci\u00f3n de nuevas disciplinas como el beach handball.<\/p>\n<p>Adem\u00e1s, promueve espacios de inclusi\u00f3n social, como encuentros de f\u00fatbol callejero orientados a personas con problem\u00e1ticas de salud mental y adicciones, y garantiza el acceso al deporte a trav\u00e9s de becas y cuotas accesibles para ni\u00f1os, ni\u00f1as y j\u00f3venes del barrio.<\/p>\n<p>De este modo, la inversi\u00f3n no solo se traduce en obras, sino tambi\u00e9n en oportunidades concretas que fortalecen el entramado social y consolidan al club como un actor clave en la vida comunitaria.<\/p>\n<\/p><\/div>\n<p><script type=\"fbeaa3abfadd06488372bd87-text\/javascript\">\n    window.addEventListener('load', () => {\n        if (typeof FB !== 'undefined' && FB.init) {\n            \/\/ La SDK de Facebook est\u00e1 inicializada\n        } else {\n            \/\/ La SDK de Facebook no est\u00e1 inicializada\n            var script = document.createElement('script');\n            script.async = true;\n            script.defer = true;\n            script.crossOrigin = 'anonymous';\n            script.src=\"https:\/\/connect.facebook.net\/es_LA\/sdk.js#xfbml=1&version=v17.0&appId=868452105110858&autoLogAppEvents=1\";\n            script.nonce=\"eBgX2sTe\";\n            document.head.appendChild(script);\n        }\n        \/* FIX YOUTUBE (fix width) *\/\n        var youtubeIframes = document.querySelectorAll('iframe[src*=\"youtube.com\/embed\"]');\n        youtubeIframes.forEach(function(iframe) {\n            var containerWidth = iframe.parentElement.clientWidth || iframe.parentElement.offsetWidth;\n            if(containerWidth && iframe.width > containerWidth){\n                iframe.width = containerWidth;\n                iframe.height = (containerWidth \/ 16) * 9; \/\/ Assuming a 16:9 aspect ratio\n            }\n        });\n    });\n<\/script><\/p>\n","protected":false},"excerpt":{"rendered":"<p>Ubicado en el barrio Limay de Neuqu\u00e9n capital, la instituci\u00f3n deportiva sigue creciendo tanto en historias de vida, como en oportunidades e infraestructura para quienes se acercan a diario. En las voces de los hermanos Robles, fundadores del club, y de dos de sus jugadores de primera categor\u00eda, recuperamos los relatos de quienes vieron nacer [&hellip;]<\/p>\n","protected":false},"author":1,"featured_media":14550,"comment_status":"","ping_status":"","sticky":false,"template":"","format":"standard","meta":{"_monsterinsights_skip_tracking":false,"_monsterinsights_sitenote_active":false,"_monsterinsights_sitenote_note":"","_monsterinsights_sitenote_category":0,"footnotes":"","jetpack_publicize_message":"","jetpack_publicize_feature_enabled":true,"jetpack_social_post_already_shared":true,"jetpack_social_options":{"image_generator_settings":{"template":"highway","default_image_id":0,"font":"","enabled":false},"version":2}},"categories":[4],"tags":[2497,1778,45,2315,2496,59,47],"class_list":["post-14549","post","type-post","status-publish","format-standard","has-post-thumbnail","hentry","category-regionales","tag-blanco","tag-club","tag-con","tag-crece","tag-eucalipto","tag-programa","tag-provincial"],"aioseo_notices":[],"jetpack_publicize_connections":[],"amp_enabled":true,"_links":{"self":[{"href":"https:\/\/noticiasdeangostura.com.ar\/index.php?rest_route=\/wp\/v2\/posts\/14549","targetHints":{"allow":["GET"]}}],"collection":[{"href":"https:\/\/noticiasdeangostura.com.ar\/index.php?rest_route=\/wp\/v2\/posts"}],"about":[{"href":"https:\/\/noticiasdeangostura.com.ar\/index.php?rest_route=\/wp\/v2\/types\/post"}],"author":[{"embeddable":true,"href":"https:\/\/noticiasdeangostura.com.ar\/index.php?rest_route=\/wp\/v2\/users\/1"}],"replies":[{"embeddable":true,"href":"https:\/\/noticiasdeangostura.com.ar\/index.php?rest_route=%2Fwp%2Fv2%2Fcomments&post=14549"}],"version-history":[{"count":0,"href":"https:\/\/noticiasdeangostura.com.ar\/index.php?rest_route=\/wp\/v2\/posts\/14549\/revisions"}],"wp:featuredmedia":[{"embeddable":true,"href":"https:\/\/noticiasdeangostura.com.ar\/index.php?rest_route=\/wp\/v2\/media\/14550"}],"wp:attachment":[{"href":"https:\/\/noticiasdeangostura.com.ar\/index.php?rest_route=%2Fwp%2Fv2%2Fmedia&parent=14549"}],"wp:term":[{"taxonomy":"category","embeddable":true,"href":"https:\/\/noticiasdeangostura.com.ar\/index.php?rest_route=%2Fwp%2Fv2%2Fcategories&post=14549"},{"taxonomy":"post_tag","embeddable":true,"href":"https:\/\/noticiasdeangostura.com.ar\/index.php?rest_route=%2Fwp%2Fv2%2Ftags&post=14549"}],"curies":[{"name":"wp","href":"https:\/\/api.w.org\/{rel}","templated":true}]}}