{"id":14551,"date":"2026-04-26T11:22:17","date_gmt":"2026-04-26T14:22:17","guid":{"rendered":"https:\/\/noticiasdeangostura.com.ar\/?p=14551"},"modified":"2026-04-26T11:22:17","modified_gmt":"2026-04-26T14:22:17","slug":"decenas-de-adopciones-de-perros-en-la-feria-animalada-de-neuquen-algunos-rescatados-de-situaciones-de-maltrato","status":"publish","type":"post","link":"https:\/\/noticiasdeangostura.com.ar\/?p=14551","title":{"rendered":"Decenas de adopciones de perros en la Feria Animalada de Neuqu\u00e9n, algunos rescatados de situaciones de maltrato"},"content":{"rendered":"<p> <br \/>\n<\/p>\n<p>La Feria Animalada volvi\u00f3 a convocar a cientos de familias en Neuqu\u00e9n. Hubo adopciones responsables de perros y actividades de concientizaci\u00f3n. El evento reafirm\u00f3 su crecimiento en su tercer a\u00f1o consecutivo.<\/p>\n<p>La actividad tuvo espacios de vacunaci\u00f3n y desparasitaci\u00f3n. <\/p>\n<p>Feria en Neuqu\u00e9n con sorteos, vacunaci\u00f3n, desparacitaci\u00f3n y m\u00e1s<\/p>\n<p>\u201cComo podr\u00e1n ver, much\u00edsima concurrencia. Al ingreso le damos un numerito para los sorteos y tuvimos que usar un segundo talonario porque superamos las quinientas personas\u201d, destac\u00f3 la secretaria de Derechos Humanos, Relaciones Institucionales y Cooperaci\u00f3n Internacional, Luciana De Giovanetti.<\/p>\n<p>La funcionaria remarc\u00f3 el car\u00e1cter convocante de la propuesta: \u201cEs un evento que la gente disfruta, viene en familia un s\u00e1bado a la tarde, en un lugar sumamente agradable. Estamos todos muy contentos\u201d.<\/p>\n<p>Adem\u00e1s, la feria incluy\u00f3 espacios de vacunaci\u00f3n y desparasitaci\u00f3n, junto a acciones de concientizaci\u00f3n sobre el cuidado responsable. \u201cEs una jornada sumamente positiva, sobre todo por esto que buscamos desde el municipio hace tanto tiempo: cuidar a los animales, traerlos a vacunar y desparasitarlos\u201d, explic\u00f3.<\/p>\n<p>El evento tambi\u00e9n cont\u00f3 con la participaci\u00f3n de emprendedores locales, quienes ofrecieron productos para mascotas y registraron buenas ventas. A lo largo de la tarde, se realizaron sorteos para el p\u00fablico, acompa\u00f1ando el constante recambio de visitantes.<\/p>\n<p>40 adopciones de cachorros, algunos rescatados de situaciones de maltrato <\/p>\n<p>Uno de los ejes centrales fue la adopci\u00f3n de animales, muchos de ellos rescatados de situaciones de maltrato. Durante la jornada se concretaron 40 adopciones de cachorros, mientras que de los cinco perros adultos solo quedaron dos sin hogar. \u201cHay varias familias que est\u00e1n viendo de adoptar\u201d, se\u00f1al\u00f3 De Giovanetti.<\/p>\n<p>Destac\u00f3 el trabajo previo que permite que los animales lleguen en condiciones de ser adoptados: se trata de perros rescatados que, tras recibir atenci\u00f3n veterinaria y cuidados, pueden integrarse a una nueva familia.<\/p>\n<p>Las actividades se desarrollaron en el marco del Mes del Animal, que incluy\u00f3 operativos de esterilizaci\u00f3n y capacitaciones. \u201cEl s\u00e1bado pasado se realizaron 90 intervenciones y los turnos se completaron en un d\u00eda. Adem\u00e1s, el curso de RCP para animales se llen\u00f3 en solo tres horas\u201d, detall\u00f3 la secretaria.<\/p>\n<p>De Giovanetti anticip\u00f3 una nueva edici\u00f3n. \u201cTodo lo que es tem\u00e1tica animal convoca much\u00edsimo. Esta feria nos deja m\u00e1s que contentos y ya empezaremos a organizar la pr\u00f3xima\u201d, concluy\u00f3.<\/p>\n","protected":false},"excerpt":{"rendered":"<p>La Feria Animalada volvi\u00f3 a convocar a cientos de familias en Neuqu\u00e9n. Hubo adopciones responsables de perros y actividades de concientizaci\u00f3n. El evento reafirm\u00f3 su crecimiento en su tercer a\u00f1o consecutivo. La actividad tuvo espacios de vacunaci\u00f3n y desparasitaci\u00f3n. Feria en Neuqu\u00e9n con sorteos, vacunaci\u00f3n, desparacitaci\u00f3n y m\u00e1s \u201cComo podr\u00e1n ver, much\u00edsima concurrencia. Al ingreso [&hellip;]<\/p>\n","protected":false},"author":1,"featured_media":14552,"comment_status":"","ping_status":"","sticky":false,"template":"","format":"standard","meta":{"_monsterinsights_skip_tracking":false,"_monsterinsights_sitenote_active":false,"_monsterinsights_sitenote_note":"","_monsterinsights_sitenote_category":0,"footnotes":"","jetpack_publicize_message":"","jetpack_publicize_feature_enabled":true,"jetpack_social_post_already_shared":true,"jetpack_social_options":{"image_generator_settings":{"template":"highway","default_image_id":0,"font":"","enabled":false},"version":2}},"categories":[5],"tags":[],"class_list":["post-14551","post","type-post","status-publish","format-standard","has-post-thumbnail","hentry","category-politica"],"aioseo_notices":[],"jetpack_publicize_connections":[],"amp_enabled":true,"_links":{"self":[{"href":"https:\/\/noticiasdeangostura.com.ar\/index.php?rest_route=\/wp\/v2\/posts\/14551","targetHints":{"allow":["GET"]}}],"collection":[{"href":"https:\/\/noticiasdeangostura.com.ar\/index.php?rest_route=\/wp\/v2\/posts"}],"about":[{"href":"https:\/\/noticiasdeangostura.com.ar\/index.php?rest_route=\/wp\/v2\/types\/post"}],"author":[{"embeddable":true,"href":"https:\/\/noticiasdeangostura.com.ar\/index.php?rest_route=\/wp\/v2\/users\/1"}],"replies":[{"embeddable":true,"href":"https:\/\/noticiasdeangostura.com.ar\/index.php?rest_route=%2Fwp%2Fv2%2Fcomments&post=14551"}],"version-history":[{"count":0,"href":"https:\/\/noticiasdeangostura.com.ar\/index.php?rest_route=\/wp\/v2\/posts\/14551\/revisions"}],"wp:featuredmedia":[{"embeddable":true,"href":"https:\/\/noticiasdeangostura.com.ar\/index.php?rest_route=\/wp\/v2\/media\/14552"}],"wp:attachment":[{"href":"https:\/\/noticiasdeangostura.com.ar\/index.php?rest_route=%2Fwp%2Fv2%2Fmedia&parent=14551"}],"wp:term":[{"taxonomy":"category","embeddable":true,"href":"https:\/\/noticiasdeangostura.com.ar\/index.php?rest_route=%2Fwp%2Fv2%2Fcategories&post=14551"},{"taxonomy":"post_tag","embeddable":true,"href":"https:\/\/noticiasdeangostura.com.ar\/index.php?rest_route=%2Fwp%2Fv2%2Ftags&post=14551"}],"curies":[{"name":"wp","href":"https:\/\/api.w.org\/{rel}","templated":true}]}}