{"id":14559,"date":"2026-04-26T12:28:53","date_gmt":"2026-04-26T15:28:53","guid":{"rendered":"https:\/\/noticiasdeangostura.com.ar\/?p=14559"},"modified":"2026-04-26T12:28:53","modified_gmt":"2026-04-26T15:28:53","slug":"lola-blazquez-ir-al-world-skate-2026-en-alemania-es-como-cumplir-el-sueno-de-muchos","status":"publish","type":"post","link":"https:\/\/noticiasdeangostura.com.ar\/?p=14559","title":{"rendered":"Lola Bl\u00e1zquez: \u201cIr al World Skate 2026 en Alemania es como cumplir el sue\u00f1o de muchos\u201d"},"content":{"rendered":"<p> <br \/>\n<br \/><\/p>\n<p>La patinadora neuquina fue seleccionada para integrar la selecci\u00f3n argentina, y en mayo, participar\u00e1 de una de las competencias m\u00e1s importantes a nivel internacional en patinaje art\u00edstico.<\/p>\n<div>\n<p><em>\u201cEs un sue\u00f1o; fue mi sue\u00f1o toda la vida, as\u00ed que ojal\u00e1 pueda cumplirlo\u201d,<\/em> expres\u00f3 la joven deportista <strong>Lola Bl\u00e1zquez<\/strong>, quien logr\u00f3 la clasificaci\u00f3n tras su desempe\u00f1o en el Campeonato Nacional disputado en marzo<em>. \u201cPara poder clasificar tuve que ir a un nacional y, al quedar entre las primeras cuatro, me habilit\u00f3 la clasificaci\u00f3n\u201d,<\/em> explic\u00f3.<\/p>\n<p>La joven de 15 a\u00f1os comenz\u00f3 en el deporte casi por curiosidad: <em>\u201cUn d\u00eda estaba viendo una serie y le dije a mi mam\u00e1 que quer\u00eda empezar. Fui a probar y despu\u00e9s ya no dej\u00e9 m\u00e1s\u201d. <\/em>Con el tiempo, esa motivaci\u00f3n inicial se transform\u00f3 en un proyecto competitivo, impulsado tambi\u00e9n por sus entrenadoras: <em>\u201cSiempre las iba a ver competir y para m\u00ed eran como mundialistas, me encantaba. Eso me incentiv\u00f3 a querer competir\u201d.<\/em><\/p>\n<p>Actualmente entrena en el Club Alem\u00e1n de Neuqu\u00e9n, donde consolid\u00f3 su desarrollo deportivo. Sobre la competencia internacional, detall\u00f3 que deber\u00e1 presentar dos coreograf\u00edas: <em>\u201cUna es el Style Dance, que es como tu carta de presentaci\u00f3n, y la otra es el Freedance, que es libre\u201d<\/em>. En ese sentido, destac\u00f3 la importancia de la conexi\u00f3n con la m\u00fasica:<em> \u201cTen\u00e9s que conectar con la coreograf\u00eda, porque lo r\u00edtmico tiene que ir acompa\u00f1ado con el movimiento\u201d.<\/em><\/p>\n<p>Respecto de sus expectativas, asegur\u00f3 que prioriza la experiencia sin dejar de lado el esp\u00edritu competitivo:<em> \u201cVoy m\u00e1s que nada para experimentar, porque es la primera vez, pero siempre quiero dar lo mejor de m\u00ed. Si se puede llegar a una medalla, ser\u00eda espectacular\u201d.<\/em><\/p>\n<p><em>\u201cPara mi entorno es una locura, es como cumplir el sue\u00f1o de muchos\u201d<\/em>, comparti\u00f3 Lola, quien ya se prepara para viajar y vivir una experiencia que, adem\u00e1s de lo deportivo, abre camino para nuevas generaciones en la disciplina.<\/p>\n<p>Esta semana la patinadora fue recibida por la ministra de Juventud, Deportes y Cultura de la provincia, <strong>Josefina Codermatz<\/strong>, quien destac\u00f3 su esfuerzo y el valor de su participaci\u00f3n como representante neuquina en una competencia de nivel mundial.<\/p>\n<p><strong>De Neuqu\u00e9n al mundo<\/strong><\/p>\n<p>El World Skate 2026 forma parte de los principales encuentros internacionales del patinaje art\u00edstico, convocando a deportistas de distintos pa\u00edses que llegan tras procesos clasificatorios en sus respectivos circuitos nacionales.<\/p>\n<p>En este escenario, la presencia de Lola Bl\u00e1zquez no solo implica su incorporaci\u00f3n al seleccionado argentino, sino tambi\u00e9n la oportunidad de llevar la bandera de Neuqu\u00e9n a una competencia de alcance global. Su clasificaci\u00f3n da cuenta del crecimiento de la disciplina en la provincia y del surgimiento de nuevas generaciones que comienzan a proyectarse en el alto rendimiento.<\/p>\n<p><iframe src=\"https:\/\/www.ivoox.com\/player_ej_172582067_6_1.html?c1=81b464\" width=\"100%\" height=\"200\" frameborder=\"0\" scrolling=\"no\" allowfullscreen=\"allowfullscreen\" loading=\"lazy\"><\/iframe><\/p>\n<\/p><\/div>\n<p><script type=\"572f06738646c3523dfd51c5-text\/javascript\">\n    window.addEventListener('load', () => {\n        if (typeof FB !== 'undefined' && FB.init) {\n            \/\/ La SDK de Facebook est\u00e1 inicializada\n        } else {\n            \/\/ La SDK de Facebook no est\u00e1 inicializada\n            var script = document.createElement('script');\n            script.async = true;\n            script.defer = true;\n            script.crossOrigin = 'anonymous';\n            script.src=\"https:\/\/connect.facebook.net\/es_LA\/sdk.js#xfbml=1&version=v17.0&appId=868452105110858&autoLogAppEvents=1\";\n            script.nonce=\"eBgX2sTe\";\n            document.head.appendChild(script);\n        }\n        \/* FIX YOUTUBE (fix width) *\/\n        var youtubeIframes = document.querySelectorAll('iframe[src*=\"youtube.com\/embed\"]');\n        youtubeIframes.forEach(function(iframe) {\n            var containerWidth = iframe.parentElement.clientWidth || iframe.parentElement.offsetWidth;\n            if(containerWidth && iframe.width > containerWidth){\n                iframe.width = containerWidth;\n                iframe.height = (containerWidth \/ 16) * 9; \/\/ Assuming a 16:9 aspect ratio\n            }\n        });\n    });\n<\/script><\/p>\n","protected":false},"excerpt":{"rendered":"<p>La patinadora neuquina fue seleccionada para integrar la selecci\u00f3n argentina, y en mayo, participar\u00e1 de una de las competencias m\u00e1s importantes a nivel internacional en patinaje art\u00edstico. \u201cEs un sue\u00f1o; fue mi sue\u00f1o toda la vida, as\u00ed que ojal\u00e1 pueda cumplirlo\u201d, expres\u00f3 la joven deportista Lola Bl\u00e1zquez, quien logr\u00f3 la clasificaci\u00f3n tras su desempe\u00f1o en [&hellip;]<\/p>\n","protected":false},"author":1,"featured_media":14560,"comment_status":"","ping_status":"","sticky":false,"template":"","format":"standard","meta":{"_monsterinsights_skip_tracking":false,"_monsterinsights_sitenote_active":false,"_monsterinsights_sitenote_note":"","_monsterinsights_sitenote_category":0,"footnotes":"","jetpack_publicize_message":"","jetpack_publicize_feature_enabled":true,"jetpack_social_post_already_shared":true,"jetpack_social_options":{"image_generator_settings":{"template":"highway","default_image_id":0,"font":"","enabled":false},"version":2}},"categories":[4],"tags":[2502,2499,266,2503,2498,2504,2501,498,2500],"class_list":["post-14559","post","type-post","status-publish","format-standard","has-post-thumbnail","hentry","category-regionales","tag-alemania","tag-blazquez","tag-como","tag-cumplir","tag-lola","tag-muchos","tag-skate","tag-sueno","tag-world"],"aioseo_notices":[],"jetpack_publicize_connections":[],"amp_enabled":true,"_links":{"self":[{"href":"https:\/\/noticiasdeangostura.com.ar\/index.php?rest_route=\/wp\/v2\/posts\/14559","targetHints":{"allow":["GET"]}}],"collection":[{"href":"https:\/\/noticiasdeangostura.com.ar\/index.php?rest_route=\/wp\/v2\/posts"}],"about":[{"href":"https:\/\/noticiasdeangostura.com.ar\/index.php?rest_route=\/wp\/v2\/types\/post"}],"author":[{"embeddable":true,"href":"https:\/\/noticiasdeangostura.com.ar\/index.php?rest_route=\/wp\/v2\/users\/1"}],"replies":[{"embeddable":true,"href":"https:\/\/noticiasdeangostura.com.ar\/index.php?rest_route=%2Fwp%2Fv2%2Fcomments&post=14559"}],"version-history":[{"count":0,"href":"https:\/\/noticiasdeangostura.com.ar\/index.php?rest_route=\/wp\/v2\/posts\/14559\/revisions"}],"wp:featuredmedia":[{"embeddable":true,"href":"https:\/\/noticiasdeangostura.com.ar\/index.php?rest_route=\/wp\/v2\/media\/14560"}],"wp:attachment":[{"href":"https:\/\/noticiasdeangostura.com.ar\/index.php?rest_route=%2Fwp%2Fv2%2Fmedia&parent=14559"}],"wp:term":[{"taxonomy":"category","embeddable":true,"href":"https:\/\/noticiasdeangostura.com.ar\/index.php?rest_route=%2Fwp%2Fv2%2Fcategories&post=14559"},{"taxonomy":"post_tag","embeddable":true,"href":"https:\/\/noticiasdeangostura.com.ar\/index.php?rest_route=%2Fwp%2Fv2%2Ftags&post=14559"}],"curies":[{"name":"wp","href":"https:\/\/api.w.org\/{rel}","templated":true}]}}