{"id":14571,"date":"2026-04-26T15:24:28","date_gmt":"2026-04-26T18:24:28","guid":{"rendered":"https:\/\/noticiasdeangostura.com.ar\/?p=14571"},"modified":"2026-04-26T15:24:28","modified_gmt":"2026-04-26T18:24:28","slug":"las-grutas-ya-disfruta-de-su-polideportivo-totalmente-renovado","status":"publish","type":"post","link":"https:\/\/noticiasdeangostura.com.ar\/?p=14571","title":{"rendered":"Las Grutas ya disfruta de su polideportivo totalmente renovado"},"content":{"rendered":"<p> <br \/>\n<br \/><br \/>Significativa inversi\u00f3n por parte del gobierno de R\u00edo Negro. Weretilneck particip\u00f3 del acto de reapertura.Los m\u00e1s chicos ya disfrutan del nuevo piso en el polideportivo de Las Grutas. Foto gentileza Gobierno de R\u00edo Negro.<br \/>\n    El gobierno de R\u00edo Negro renov\u00f3 totalmente el polideportivo del balneario Las Grutas con una inversi\u00f3n superior a los 244 millones de pesos, financiada \u00edntegramente con fondos provinciales. La obra garantiza un espacio en condiciones para el uso cotidiano y la realizaci\u00f3n de eventos deportivos durante todo el a\u00f1o.Leer m\u00e1s: \u201c\u00bfEs necesario que los chicos est\u00e9n todo el tiempo conectados?\u201d: impulsan regular pantallas y el uso de la IA en escuelasEl gobernador Alberto Weretilneck y el intendente Adri\u00e1n Casadei acompa\u00f1aron a la comunidad en la reinauguraci\u00f3n, destacando el rumbo conjunto y la decisi\u00f3n de sostener la inversi\u00f3n p\u00fablica en infraestructura clave para la localidad.El mandatario provincial en el acto. Foto gentileza Gobierno de R\u00edo Negro.La intervenci\u00f3n incluy\u00f3 el arreglo de la cubierta, recambio de ventanas, reparaci\u00f3n de la caldera, refacci\u00f3n de ba\u00f1os interiores y exteriores y la colocaci\u00f3n de un nuevo piso de parquet, consolidando un espacio moderno, seguro y preparado para m\u00faltiples actividades.Weretilneck remarc\u00f3 el valor estrat\u00e9gico de la obra y su proyecci\u00f3n: \u201cEsto tiene que ver con el trabajo diario de las escuelitas deportivas, pero tambi\u00e9n con lo que viene: con este complejo en condiciones vamos a poder organizar torneos provinciales, regionales y nacionales\u201d.Adem\u00e1s, subray\u00f3 el impacto econ\u00f3mico: \u201cEsto potencia el turismo, genera ocupaci\u00f3n en hoteles y movimiento durante todo el a\u00f1o. De estas obras se desprenden muchas cosas positivas para el desarrollo de la comunidad\u201d.Por su parte, Casadei destac\u00f3 el rol social del espacio: \u201cHace alg\u00fan tiempo nos propusimos recuperar los espacios p\u00fablicos, y no hay uno m\u00e1s importante que el que contiene a los chicos haciendo deporte. Hoy tenemos m\u00e1s de 1.500 j\u00f3venes practicando distintas disciplinas, y esta es una de las formas m\u00e1s importantes de acompa\u00f1arlos y alejarlos de los riesgos\u201d.El intendente agreg\u00f3: \u201cEsto no es solo deporte, tambi\u00e9n es turismo. A partir de ahora vamos a poder organizar torneos y competencias que van a traer movimiento a Las Grutas durante todo el a\u00f1o\u201d.Acompa\u00f1aron la jornada el presidente del bloque de legisladores de Juntos Somos R\u00edo Negro, Facundo L\u00f3pez; legisladores provinciales; el Secretario de Estado de Juventud, Deportes y Cultura, Nahuel Astutti; el Secretario de Deportes, Sim\u00f3n Miravete; el presidente del Concejo Deliberante, Daniel L\u00f3pez; junto a dem\u00e1s autoridades provinciales y municipales.En el marco de la reinauguraci\u00f3n, Astutti entreg\u00f3 elementos deportivos al Municipio, fortaleciendo el desarrollo de las actividades locales y acompa\u00f1ando el crecimiento de las escuelas deportivas, en l\u00ednea con una pol\u00edtica provincial que impulsa el deporte como herramienta de integraci\u00f3n, salud y desarrollo.<\/p>\n","protected":false},"excerpt":{"rendered":"<p>Significativa inversi\u00f3n por parte del gobierno de R\u00edo Negro. Weretilneck particip\u00f3 del acto de reapertura.Los m\u00e1s chicos ya disfrutan del nuevo piso en el polideportivo de Las Grutas. Foto gentileza Gobierno de R\u00edo Negro. El gobierno de R\u00edo Negro renov\u00f3 totalmente el polideportivo del balneario Las Grutas con una inversi\u00f3n superior a los 244 millones [&hellip;]<\/p>\n","protected":false},"author":1,"featured_media":14572,"comment_status":"","ping_status":"","sticky":false,"template":"","format":"standard","meta":{"_monsterinsights_skip_tracking":false,"_monsterinsights_sitenote_active":false,"_monsterinsights_sitenote_note":"","_monsterinsights_sitenote_category":0,"footnotes":"","jetpack_publicize_message":"","jetpack_publicize_feature_enabled":true,"jetpack_social_post_already_shared":true,"jetpack_social_options":{"image_generator_settings":{"template":"highway","default_image_id":0,"font":"","enabled":false},"version":2}},"categories":[5],"tags":[],"class_list":["post-14571","post","type-post","status-publish","format-standard","has-post-thumbnail","hentry","category-politica"],"aioseo_notices":[],"jetpack_publicize_connections":[],"amp_enabled":true,"_links":{"self":[{"href":"https:\/\/noticiasdeangostura.com.ar\/index.php?rest_route=\/wp\/v2\/posts\/14571","targetHints":{"allow":["GET"]}}],"collection":[{"href":"https:\/\/noticiasdeangostura.com.ar\/index.php?rest_route=\/wp\/v2\/posts"}],"about":[{"href":"https:\/\/noticiasdeangostura.com.ar\/index.php?rest_route=\/wp\/v2\/types\/post"}],"author":[{"embeddable":true,"href":"https:\/\/noticiasdeangostura.com.ar\/index.php?rest_route=\/wp\/v2\/users\/1"}],"replies":[{"embeddable":true,"href":"https:\/\/noticiasdeangostura.com.ar\/index.php?rest_route=%2Fwp%2Fv2%2Fcomments&post=14571"}],"version-history":[{"count":0,"href":"https:\/\/noticiasdeangostura.com.ar\/index.php?rest_route=\/wp\/v2\/posts\/14571\/revisions"}],"wp:featuredmedia":[{"embeddable":true,"href":"https:\/\/noticiasdeangostura.com.ar\/index.php?rest_route=\/wp\/v2\/media\/14572"}],"wp:attachment":[{"href":"https:\/\/noticiasdeangostura.com.ar\/index.php?rest_route=%2Fwp%2Fv2%2Fmedia&parent=14571"}],"wp:term":[{"taxonomy":"category","embeddable":true,"href":"https:\/\/noticiasdeangostura.com.ar\/index.php?rest_route=%2Fwp%2Fv2%2Fcategories&post=14571"},{"taxonomy":"post_tag","embeddable":true,"href":"https:\/\/noticiasdeangostura.com.ar\/index.php?rest_route=%2Fwp%2Fv2%2Ftags&post=14571"}],"curies":[{"name":"wp","href":"https:\/\/api.w.org\/{rel}","templated":true}]}}