{"id":14579,"date":"2026-04-26T15:54:51","date_gmt":"2026-04-26T18:54:51","guid":{"rendered":"https:\/\/noticiasdeangostura.com.ar\/?p=14579"},"modified":"2026-04-26T15:54:51","modified_gmt":"2026-04-26T18:54:51","slug":"activan-alerta-sofia-para-encontrar-a-una-nena-de-4-anos-en-bariloche","status":"publish","type":"post","link":"https:\/\/noticiasdeangostura.com.ar\/?p=14579","title":{"rendered":"Activan Alerta Sof\u00eda para encontrar a una nena de 4 a\u00f1os en Bariloche"},"content":{"rendered":"<p> <br \/>\n<br \/><\/p>\n<p>Activaron el Alerta Sof\u00eda para dar con el paradero de una ni\u00f1a de 4 a\u00f1os en Bariloche, quien habr\u00eda sido retirada del hogar por su madre pese a tener una restricci\u00f3n judicial vigente.<\/p>\n<div>\n<p>El Ministerio P\u00fablico Fiscal activ\u00f3 el programa <span class=\"hover:entity-accent entity-underline inline cursor-pointer align-baseline\"><span class=\"whitespace-normal\">Alerta Sof\u00eda<\/span><\/span> para dar con el paradero de Juana Sof\u00eda Alvarado, una ni\u00f1a de 4 a\u00f1os que fue vista por \u00faltima vez en Bariloche.<\/p>\n<p>Seg\u00fan la informaci\u00f3n oficial, la menor habr\u00eda sido retirada del hogar familiar por su madre, Abigail Jazm\u00edn Alvarado, quien cuenta con una prohibici\u00f3n de acercamiento y contacto vigente, dictada por la Unidad Procesal de Familia N\u00b0 10.<\/p>\n<p>Juana Sof\u00eda es de contextura delgada, tiene cabello casta\u00f1o claro, largo y con rulos, tez clara y ojos marrones claros. Al momento de su desaparici\u00f3n vest\u00eda una camiseta rayada de varios colores, pantal\u00f3n de jogging negro, zapatillas grises tipo trekking, una campera de algod\u00f3n gris con lunares amarillos y otra de abrigo en tonos marrones.<\/p>\n<p class=\"noEditable noticia-relacionada\" data-id=\"332451\"><ampiframe src=\"https:\/\/www.noticiasnqn.com.ar\/api\/noticias\/332451\/relacionadas?amp=1\" layout=\"fixed-height\" sandbox=\"allow-top-navigation allow-top-navigation-by-user-activation allow-scripts \" height=\"100px\"> <b placeholder=\"\">Lee tambi\u00e9n: Habilitan el paso internacional con advertencias por condiciones clim\u00e1ticas<\/b> <\/ampiframe><\/p>\n<p>Por su parte, la mujer mide aproximadamente 1,60 metros, es de contextura delgada, tez clara, cabello casta\u00f1o oscuro largo con flequillo y ojos marrones claros. Como rasgo distintivo, posee tatuajes en gran parte del cuerpo, incluidos cuello y manos.<\/p>\n<p>Ante cualquier informaci\u00f3n, se solicita comunicarse de inmediato al 911, al tel\u00e9fono de la fiscal\u00eda de turno de Bariloche (0294) 154934681 o acercarse a la comisar\u00eda m\u00e1s cercana.<\/p>\n<\/p><\/div>\n","protected":false},"excerpt":{"rendered":"<p>Activaron el Alerta Sof\u00eda para dar con el paradero de una ni\u00f1a de 4 a\u00f1os en Bariloche, quien habr\u00eda sido retirada del hogar por su madre pese a tener una restricci\u00f3n judicial vigente. El Ministerio P\u00fablico Fiscal activ\u00f3 el programa Alerta Sof\u00eda para dar con el paradero de Juana Sof\u00eda Alvarado, una ni\u00f1a de 4 [&hellip;]<\/p>\n","protected":false},"author":1,"featured_media":14580,"comment_status":"","ping_status":"","sticky":false,"template":"","format":"standard","meta":{"_monsterinsights_skip_tracking":false,"_monsterinsights_sitenote_active":false,"_monsterinsights_sitenote_note":"","_monsterinsights_sitenote_category":0,"footnotes":"","jetpack_publicize_message":"","jetpack_publicize_feature_enabled":true,"jetpack_social_post_already_shared":true,"jetpack_social_options":{"image_generator_settings":{"template":"highway","default_image_id":0,"font":"","enabled":false},"version":2}},"categories":[1],"tags":[],"class_list":["post-14579","post","type-post","status-publish","format-standard","has-post-thumbnail","hentry","category-ultimas-noticias"],"aioseo_notices":[],"jetpack_publicize_connections":[],"amp_enabled":true,"_links":{"self":[{"href":"https:\/\/noticiasdeangostura.com.ar\/index.php?rest_route=\/wp\/v2\/posts\/14579","targetHints":{"allow":["GET"]}}],"collection":[{"href":"https:\/\/noticiasdeangostura.com.ar\/index.php?rest_route=\/wp\/v2\/posts"}],"about":[{"href":"https:\/\/noticiasdeangostura.com.ar\/index.php?rest_route=\/wp\/v2\/types\/post"}],"author":[{"embeddable":true,"href":"https:\/\/noticiasdeangostura.com.ar\/index.php?rest_route=\/wp\/v2\/users\/1"}],"replies":[{"embeddable":true,"href":"https:\/\/noticiasdeangostura.com.ar\/index.php?rest_route=%2Fwp%2Fv2%2Fcomments&post=14579"}],"version-history":[{"count":0,"href":"https:\/\/noticiasdeangostura.com.ar\/index.php?rest_route=\/wp\/v2\/posts\/14579\/revisions"}],"wp:featuredmedia":[{"embeddable":true,"href":"https:\/\/noticiasdeangostura.com.ar\/index.php?rest_route=\/wp\/v2\/media\/14580"}],"wp:attachment":[{"href":"https:\/\/noticiasdeangostura.com.ar\/index.php?rest_route=%2Fwp%2Fv2%2Fmedia&parent=14579"}],"wp:term":[{"taxonomy":"category","embeddable":true,"href":"https:\/\/noticiasdeangostura.com.ar\/index.php?rest_route=%2Fwp%2Fv2%2Fcategories&post=14579"},{"taxonomy":"post_tag","embeddable":true,"href":"https:\/\/noticiasdeangostura.com.ar\/index.php?rest_route=%2Fwp%2Fv2%2Ftags&post=14579"}],"curies":[{"name":"wp","href":"https:\/\/api.w.org\/{rel}","templated":true}]}}