{"id":14581,"date":"2026-04-26T16:32:01","date_gmt":"2026-04-26T19:32:01","guid":{"rendered":"https:\/\/noticiasdeangostura.com.ar\/?p=14581"},"modified":"2026-04-26T16:32:01","modified_gmt":"2026-04-26T19:32:01","slug":"el-documental-de-rtn-neyen-mapu-llega-al-golden-femi-2026","status":"publish","type":"post","link":"https:\/\/noticiasdeangostura.com.ar\/?p=14581","title":{"rendered":"El documental de RTN \u201cNeyen Mapu\u201d llega al Golden FEMI 2026"},"content":{"rendered":"<p> <br \/>\n<br \/><\/p>\n<p>El largometraje, que recoge m\u00e1s de una d\u00e9cada de trabajo en comunidades del \u00e1rea del Volc\u00e1n Lan\u00edn, se podr\u00e1 ver en la plataforma digital del festival que se desarrollar\u00e1 en Bulgaria. <\/p>\n<div>\n<p>El largometraje documental \u201cNeyen Mapu. El llamado del Lan\u00edn\u201d, una producci\u00f3n de Radio y Televisi\u00f3n del Neuqu\u00e9n (RTN), fue seleccionado para integrar la programaci\u00f3n oficial del Golden FEMI Film Festival 2026. Se trata de un espacio internacional que promueve el encuentro entre cineastas y la difusi\u00f3n de obras audiovisuales contempor\u00e1neas con enfoque interdisciplinario.<\/p>\n<p>Las obras elegidas formar\u00e1n parte de la plataforma digital del festival, donde podr\u00e1n verse en l\u00ednea durante el ciclo 2026, ampliando su visibilidad a nivel internacional.<\/p>\n<p><strong>Sobre el festival<\/strong><\/p>\n<p>El festival se realiza en Sof\u00eda, capital de Bulgaria y se presenta como una plataforma cultural innovadora que articula cine, arte, ciencia y tecnolog\u00eda. Su propuesta apunta a generar nuevas audiencias, fomentar el pensamiento cr\u00edtico y propiciar redes de colaboraci\u00f3n entre realizadores de distintas partes del mundo.<\/p>\n<p>La edici\u00f3n 2026 contempla dos instancias de premiaci\u00f3n, la ceremonia online que ser\u00e1 el s\u00e1bado 30 de mayo de 2026 y la ceremonia presencial, el s\u00e1bado 6 de junio de 2026 en Sof\u00eda.<\/p>\n<p>Como parte de su selecci\u00f3n oficial, el documental estar\u00e1 disponible en la plataforma online del festival durante 2026. Pr\u00f3ximamente se dar\u00e1n a conocer los enlaces de acceso y condiciones de visualizaci\u00f3n a trav\u00e9s de los canales oficiales.<\/p>\n<p>Esta selecci\u00f3n representa un nuevo paso en la circulaci\u00f3n internacional del cine documental patag\u00f3nico, fortaleciendo la visibilidad de producciones que abordan problem\u00e1ticas territoriales y culturales desde una perspectiva local.<\/p>\n<p><strong>Sobre el documental<\/strong><\/p>\n<p>\u201cNeyen Mapu. El llamado del Lan\u00edn\u201d es un largometraje documental realizado en territorio mapuche, en la actual provincia del Neuqu\u00e9n. La pel\u00edcula recoge m\u00e1s de una d\u00e9cada de trabajo en comunidades del \u00e1rea del Volc\u00e1n Lan\u00edn, abordando la relaci\u00f3n espiritual, cultural y pol\u00edtica con este espacio sagrado.<\/p>\n<p>A trav\u00e9s de testimonios y registros en territorio, el documental propone una mirada profunda sobre la defensa del territorio y la vigencia de los saberes ancestrales, en un contexto de lucha por el reconocimiento y la autonom\u00eda de los pueblos originarios.<\/p>\n<p>Con esta producci\u00f3n, Radio y Televisi\u00f3n del Neuqu\u00e9n reafirma su compromiso con el desarrollo de contenidos audiovisuales propios que visibilicen la identidad, la cultura y las realidades de la provincia en el \u00e1mbito nacional e internacional.<\/p>\n<\/p><\/div>\n<p><script type=\"9757fe9f7d03a5c31adc576f-text\/javascript\">\n    window.addEventListener('load', () => {\n        if (typeof FB !== 'undefined' && FB.init) {\n            \/\/ La SDK de Facebook est\u00e1 inicializada\n        } else {\n            \/\/ La SDK de Facebook no est\u00e1 inicializada\n            var script = document.createElement('script');\n            script.async = true;\n            script.defer = true;\n            script.crossOrigin = 'anonymous';\n            script.src=\"https:\/\/connect.facebook.net\/es_LA\/sdk.js#xfbml=1&version=v17.0&appId=868452105110858&autoLogAppEvents=1\";\n            script.nonce=\"eBgX2sTe\";\n            document.head.appendChild(script);\n        }\n        \/* FIX YOUTUBE (fix width) *\/\n        var youtubeIframes = document.querySelectorAll('iframe[src*=\"youtube.com\/embed\"]');\n        youtubeIframes.forEach(function(iframe) {\n            var containerWidth = iframe.parentElement.clientWidth || iframe.parentElement.offsetWidth;\n            if(containerWidth && iframe.width > containerWidth){\n                iframe.width = containerWidth;\n                iframe.height = (containerWidth \/ 16) * 9; \/\/ Assuming a 16:9 aspect ratio\n            }\n        });\n    });\n<\/script><script type=\"9757fe9f7d03a5c31adc576f-text\/javascript\">\n        window.addEventListener('load', () => {\n            if (typeof FB !== 'undefined' && FB.init) {\n                \/\/ La SDK de Facebook est\u00e1 inicializada\n            } else {\n                \/\/ La SDK de Facebook no est\u00e1 inicializada\n                var script = document.createElement('script');\n                script.async = true;\n                script.defer = true;\n                script.crossOrigin = 'anonymous';\n                script.src=\"https:\/\/connect.facebook.net\/es_LA\/sdk.js#xfbml=1&version=v17.0&appId=868452105110858&autoLogAppEvents=1\";\n                script.nonce=\"eBgX2sTe\";\n                document.head.appendChild(script);\n            }\n        });\n<\/script><\/p>\n","protected":false},"excerpt":{"rendered":"<p>El largometraje, que recoge m\u00e1s de una d\u00e9cada de trabajo en comunidades del \u00e1rea del Volc\u00e1n Lan\u00edn, se podr\u00e1 ver en la plataforma digital del festival que se desarrollar\u00e1 en Bulgaria. El largometraje documental \u201cNeyen Mapu. El llamado del Lan\u00edn\u201d, una producci\u00f3n de Radio y Televisi\u00f3n del Neuqu\u00e9n (RTN), fue seleccionado para integrar la programaci\u00f3n [&hellip;]<\/p>\n","protected":false},"author":1,"featured_media":14582,"comment_status":"","ping_status":"","sticky":false,"template":"","format":"standard","meta":{"_monsterinsights_skip_tracking":false,"_monsterinsights_sitenote_active":false,"_monsterinsights_sitenote_note":"","_monsterinsights_sitenote_category":0,"footnotes":"","jetpack_publicize_message":"","jetpack_publicize_feature_enabled":true,"jetpack_social_post_already_shared":true,"jetpack_social_options":{"image_generator_settings":{"template":"highway","default_image_id":0,"font":"","enabled":false},"version":2}},"categories":[4],"tags":[1171,2510,2509,436,2508,2507,111],"class_list":["post-14581","post","type-post","status-publish","format-standard","has-post-thumbnail","hentry","category-regionales","tag-documental","tag-femi","tag-golden","tag-llega","tag-mapu","tag-neyen","tag-rtn"],"aioseo_notices":[],"jetpack_publicize_connections":[],"amp_enabled":true,"_links":{"self":[{"href":"https:\/\/noticiasdeangostura.com.ar\/index.php?rest_route=\/wp\/v2\/posts\/14581","targetHints":{"allow":["GET"]}}],"collection":[{"href":"https:\/\/noticiasdeangostura.com.ar\/index.php?rest_route=\/wp\/v2\/posts"}],"about":[{"href":"https:\/\/noticiasdeangostura.com.ar\/index.php?rest_route=\/wp\/v2\/types\/post"}],"author":[{"embeddable":true,"href":"https:\/\/noticiasdeangostura.com.ar\/index.php?rest_route=\/wp\/v2\/users\/1"}],"replies":[{"embeddable":true,"href":"https:\/\/noticiasdeangostura.com.ar\/index.php?rest_route=%2Fwp%2Fv2%2Fcomments&post=14581"}],"version-history":[{"count":0,"href":"https:\/\/noticiasdeangostura.com.ar\/index.php?rest_route=\/wp\/v2\/posts\/14581\/revisions"}],"wp:featuredmedia":[{"embeddable":true,"href":"https:\/\/noticiasdeangostura.com.ar\/index.php?rest_route=\/wp\/v2\/media\/14582"}],"wp:attachment":[{"href":"https:\/\/noticiasdeangostura.com.ar\/index.php?rest_route=%2Fwp%2Fv2%2Fmedia&parent=14581"}],"wp:term":[{"taxonomy":"category","embeddable":true,"href":"https:\/\/noticiasdeangostura.com.ar\/index.php?rest_route=%2Fwp%2Fv2%2Fcategories&post=14581"},{"taxonomy":"post_tag","embeddable":true,"href":"https:\/\/noticiasdeangostura.com.ar\/index.php?rest_route=%2Fwp%2Fv2%2Ftags&post=14581"}],"curies":[{"name":"wp","href":"https:\/\/api.w.org\/{rel}","templated":true}]}}