{"id":14585,"date":"2026-04-26T17:31:31","date_gmt":"2026-04-26T20:31:31","guid":{"rendered":"https:\/\/noticiasdeangostura.com.ar\/?p=14585"},"modified":"2026-04-26T17:31:31","modified_gmt":"2026-04-26T20:31:31","slug":"colapinto-brillo-en-palermo-y-marco-el-regreso-de-la-formula-1-a-la-argentina","status":"publish","type":"post","link":"https:\/\/noticiasdeangostura.com.ar\/?p=14585","title":{"rendered":"Colapinto brill\u00f3 en Palermo y marc\u00f3 el regreso de la F\u00f3rmula 1 a la Argentina"},"content":{"rendered":"<p> <br \/>\n<br \/><\/p>\n<p>M\u00e1s de medio mill\u00f3n de personas vibraron con el regreso de la F\u00f3rmula 1 al pa\u00eds y es show que dio el piloto arriba de un Lotus E20 y la hist\u00f3rica \u201cFlecha de Plata\u201d de Fangio.<\/p>\n<p>Colapinto continuar\u00e1 su calendario con el Gran Premio de Miami.<\/p>\n<div>\n<p>El piloto argentino<strong> <a href=\"https:\/\/www.alertadigital.ar\/noticias\/2026\/04\/25\/162828-presentaron-el-auto-de-colapinto-en-el-obelisco-antes-del-show-en-palermo\" target=\"_blank\" rel=\"noopener\"><span class=\"hover:entity-accent entity-underline inline cursor-pointer align-baseline\"><span class=\"whitespace-normal\">Franco Colapinto<\/span><\/span><\/a><\/strong> protagoniz\u00f3 una jornada hist\u00f3rica al conducir un monoplaza de <strong><span class=\"hover:entity-accent entity-underline inline cursor-pointer align-baseline\"><span class=\"whitespace-normal\">F\u00f3rmula 1<\/span><\/span><\/strong> por las <a href=\"https:\/\/www.alertadigital.ar\/noticias\/2026\/04\/24\/162741-compromiso-solidario-los-hermanos-sardelli-y-maria-becerra-unidos-por-una-causa-noble-en-la-salud\" target=\"_blank\" rel=\"noopener\"><strong>calles de <span class=\"hover:entity-accent entity-underline inline cursor-pointer align-baseline\"><span class=\"whitespace-normal\">Buenos Aires<\/span><\/span><\/strong> <\/a>ante m\u00e1s de 500 mil personas. El evento marc\u00f3 el regreso de la M\u00e1xima al pa\u00eds luego de <strong>14 a\u00f1os,<\/strong> con un circuito callejero montado en la zona de <strong>Palermo<\/strong>. Durante varias horas, fan\u00e1ticos colmaron el recorrido para presenciar el espect\u00e1culo.<\/p>\n<p><iframe style=\"border: none; overflow: hidden;\" src=\"https:\/\/www.facebook.com\/plugins\/video.php?height=476&#038;href=https%3A%2F%2Fweb.facebook.com%2Freel%2F1286014900287900%2F&#038;show_text=false&#038;width=357&#038;t=0\" width=\"357\" height=\"476\" frameborder=\"0\" scrolling=\"no\" allowfullscreen=\"allowfullscreen\"><\/iframe><\/p>\n<p>Colapinto manej\u00f3 un <strong>Lotus E20 de 2012 <\/strong>y tambi\u00e9n una r\u00e9plica de la hist\u00f3rica <strong>\u201cFlecha de Plata\u201d<\/strong>, el modelo con el que <strong><span class=\"hover:entity-accent entity-underline inline cursor-pointer align-baseline\"><span class=\"whitespace-normal\">Juan Manuel Fangio<\/span><\/span><\/strong> se consagr\u00f3 campe\u00f3n mundial en la d\u00e9cada del 50. La exhibici\u00f3n incluy\u00f3 varias salidas a pista de aproximadamente 20 minutos cada una, donde el piloto realiz\u00f3 maniobras que entusiasmaron al p\u00fablico. La actividad combin\u00f3 velocidad, emoci\u00f3n y un fuerte componente simb\u00f3lico para el automovilismo argentino.<\/p>\n<p><iframe style=\"border: none; overflow: hidden;\" src=\"https:\/\/www.facebook.com\/plugins\/video.php?height=476&#038;href=https%3A%2F%2Fweb.facebook.com%2Freel%2F2939294119606913%2F&#038;show_text=false&#038;width=267&#038;t=0\" width=\"267\" height=\"476\" frameborder=\"0\" scrolling=\"no\" allowfullscreen=\"allowfullscreen\"><\/iframe><\/p>\n<h2>Un evento multitudinario y cargado de emoci\u00f3n<\/h2>\n<p>El espect\u00e1culo se extendi\u00f3 durante m\u00e1s de seis horas e incluy\u00f3 shows musicales y la participaci\u00f3n de figuras del deporte y la cultura. En su \u00faltima salida, Colapinto recorri\u00f3 el circuito en un micro descapotable para saludar a los fan\u00e1ticos, que se acercaron masivamente a las calles porte\u00f1as. El evento gener\u00f3 un clima festivo y consolid\u00f3 el entusiasmo del p\u00fablico por el regreso de la <strong>F\u00f3rmula 1<\/strong> al pa\u00eds.<\/p>\n<p>Durante la jornada, el piloto tambi\u00e9n llev\u00f3 al l\u00edmite el rendimiento del veh\u00edculo, lo que deriv\u00f3 en algunos inconvenientes mec\u00e1nicos, como el recalentamiento de partes del auto. Aun as\u00ed, logr\u00f3 completar sus exhibiciones y brindar un espect\u00e1culo de alto nivel. Su desempe\u00f1o fue celebrado por el p\u00fablico, que respondi\u00f3 con ovaciones a cada aparici\u00f3n.<\/p>\n<p><iframe style=\"border: none; overflow: hidden;\" src=\"https:\/\/www.facebook.com\/plugins\/video.php?height=476&#038;href=https%3A%2F%2Fweb.facebook.com%2Freel%2F4513452252264603%2F&#038;show_text=false&#038;width=267&#038;t=0\" width=\"267\" height=\"476\" frameborder=\"0\" scrolling=\"no\" allowfullscreen=\"allowfullscreen\"><\/iframe><\/p>\n<p>Tras esta experiencia, Colapinto continuar\u00e1 con su agenda internacional y se enfocar\u00e1 en su pr\u00f3xima participaci\u00f3n en el <strong>Gran Premio de Miami.<\/strong> La exhibici\u00f3n en <strong>Buenos Aires<\/strong> quedar\u00e1 como un hito tanto en su carrera como en la historia del deporte argentino. El evento reaviv\u00f3 la ilusi\u00f3n de volver a tener presencia de la <strong>F\u00f3rmula 1 <\/strong>en el pa\u00eds.<\/p>\n<\/p><\/div>\n","protected":false},"excerpt":{"rendered":"<p>M\u00e1s de medio mill\u00f3n de personas vibraron con el regreso de la F\u00f3rmula 1 al pa\u00eds y es show que dio el piloto arriba de un Lotus E20 y la hist\u00f3rica \u201cFlecha de Plata\u201d de Fangio. Colapinto continuar\u00e1 su calendario con el Gran Premio de Miami. El piloto argentino Franco Colapinto protagoniz\u00f3 una jornada hist\u00f3rica [&hellip;]<\/p>\n","protected":false},"author":1,"featured_media":14586,"comment_status":"","ping_status":"","sticky":false,"template":"","format":"standard","meta":{"_monsterinsights_skip_tracking":false,"_monsterinsights_sitenote_active":false,"_monsterinsights_sitenote_note":"","_monsterinsights_sitenote_category":0,"footnotes":"","jetpack_publicize_message":"","jetpack_publicize_feature_enabled":true,"jetpack_social_post_already_shared":true,"jetpack_social_options":{"image_generator_settings":{"template":"highway","default_image_id":0,"font":"","enabled":false},"version":2}},"categories":[1],"tags":[],"class_list":["post-14585","post","type-post","status-publish","format-standard","has-post-thumbnail","hentry","category-ultimas-noticias"],"aioseo_notices":[],"jetpack_publicize_connections":[],"amp_enabled":true,"_links":{"self":[{"href":"https:\/\/noticiasdeangostura.com.ar\/index.php?rest_route=\/wp\/v2\/posts\/14585","targetHints":{"allow":["GET"]}}],"collection":[{"href":"https:\/\/noticiasdeangostura.com.ar\/index.php?rest_route=\/wp\/v2\/posts"}],"about":[{"href":"https:\/\/noticiasdeangostura.com.ar\/index.php?rest_route=\/wp\/v2\/types\/post"}],"author":[{"embeddable":true,"href":"https:\/\/noticiasdeangostura.com.ar\/index.php?rest_route=\/wp\/v2\/users\/1"}],"replies":[{"embeddable":true,"href":"https:\/\/noticiasdeangostura.com.ar\/index.php?rest_route=%2Fwp%2Fv2%2Fcomments&post=14585"}],"version-history":[{"count":0,"href":"https:\/\/noticiasdeangostura.com.ar\/index.php?rest_route=\/wp\/v2\/posts\/14585\/revisions"}],"wp:featuredmedia":[{"embeddable":true,"href":"https:\/\/noticiasdeangostura.com.ar\/index.php?rest_route=\/wp\/v2\/media\/14586"}],"wp:attachment":[{"href":"https:\/\/noticiasdeangostura.com.ar\/index.php?rest_route=%2Fwp%2Fv2%2Fmedia&parent=14585"}],"wp:term":[{"taxonomy":"category","embeddable":true,"href":"https:\/\/noticiasdeangostura.com.ar\/index.php?rest_route=%2Fwp%2Fv2%2Fcategories&post=14585"},{"taxonomy":"post_tag","embeddable":true,"href":"https:\/\/noticiasdeangostura.com.ar\/index.php?rest_route=%2Fwp%2Fv2%2Ftags&post=14585"}],"curies":[{"name":"wp","href":"https:\/\/api.w.org\/{rel}","templated":true}]}}