{"id":14601,"date":"2026-04-26T20:18:11","date_gmt":"2026-04-26T23:18:11","guid":{"rendered":"https:\/\/noticiasdeangostura.com.ar\/?p=14601"},"modified":"2026-04-26T20:18:11","modified_gmt":"2026-04-26T23:18:11","slug":"vacunacion-interprovincial-en-el-puente-neuquen-cipolletti-aplicaron-mas-de-700-dosis","status":"publish","type":"post","link":"https:\/\/noticiasdeangostura.com.ar\/?p=14601","title":{"rendered":"Vacunaci\u00f3n interprovincial en el puente Neuqu\u00e9n\u2013Cipolletti: aplicaron m\u00e1s de 700 dosis"},"content":{"rendered":"<p> <br \/>\n<br \/><\/p>\n<p> La jornada se realiz\u00f3 bajo la modalidad \u201cAutovac\u201d en la zona del ex peaje. M\u00e1s de 300 personas fueron atendidas en un operativo coordinado entre los ministerios de Salud de R\u00edo Negro y Neuqu\u00e9n.<\/p>\n<div>\n<p>En una muestra de articulaci\u00f3n regional, los ministerios de Salud de R\u00edo Negro y Neuqu\u00e9n llevaron adelante una jornada de vacunaci\u00f3n interprovincial en el puente carretero que une ambas provincias.<\/p>\n<p>El operativo se desarroll\u00f3 bajo la modalidad \u201cAutovac\u201d, montado en la zona del ex peaje en Cipolletti, donde se aplicaron m\u00e1s de 700 dosis y se brind\u00f3 atenci\u00f3n a m\u00e1s de 300 vecinos y vecinas que transitaron por el sector.<\/p>\n<p>La acci\u00f3n permiti\u00f3 que las personas completaran sus esquemas de vacunaci\u00f3n de manera \u00e1gil, sin necesidad de descender de sus veh\u00edculos.<\/p>\n<p>Esta estrategia log\u00edstica facilit\u00f3 la fluidez del tr\u00e1nsito y garantiz\u00f3 una respuesta sanitaria inmediata en uno de los puntos de mayor circulaci\u00f3n del Alto Valle.<\/p>\n<p class=\"noEditable noticia-relacionada\" data-id=\"332475\"><ampiframe src=\"https:\/\/www.noticiasnqn.com.ar\/api\/noticias\/332475\/relacionadas?amp=1\" layout=\"fixed-height\" sandbox=\"allow-top-navigation allow-top-navigation-by-user-activation allow-scripts \" height=\"100px\"> <b placeholder=\"\">Lee tambi\u00e9n: Video muestra un robo comando para sustraer motos en un comercio de Neuqu\u00e9n<\/b> <\/ampiframe><\/p>\n<p>Desde las autoridades sanitarias destacaron que la respuesta de la comunidad super\u00f3 las expectativas iniciales.<\/p>\n<p>\u201cLograr este nivel de cobertura en una sola jornada demuestra que cuando el Estado acerca los servicios a la gente y trabaja de manera integrada, los resultados son contundentes\u201d, se\u00f1alaron desde la organizaci\u00f3n.<\/p>\n<p>El operativo forma parte de las acciones conjuntas que ambas provincias impulsan para fortalecer la prevenci\u00f3n y ampliar el acceso a la vacunaci\u00f3n en zonas de alta movilidad.<\/p>\n<\/p><\/div>\n","protected":false},"excerpt":{"rendered":"<p>La jornada se realiz\u00f3 bajo la modalidad \u201cAutovac\u201d en la zona del ex peaje. M\u00e1s de 300 personas fueron atendidas en un operativo coordinado entre los ministerios de Salud de R\u00edo Negro y Neuqu\u00e9n. En una muestra de articulaci\u00f3n regional, los ministerios de Salud de R\u00edo Negro y Neuqu\u00e9n llevaron adelante una jornada de vacunaci\u00f3n [&hellip;]<\/p>\n","protected":false},"author":1,"featured_media":14602,"comment_status":"","ping_status":"","sticky":false,"template":"","format":"standard","meta":{"_monsterinsights_skip_tracking":false,"_monsterinsights_sitenote_active":false,"_monsterinsights_sitenote_note":"","_monsterinsights_sitenote_category":0,"footnotes":"","jetpack_publicize_message":"","jetpack_publicize_feature_enabled":true,"jetpack_social_post_already_shared":true,"jetpack_social_options":{"image_generator_settings":{"template":"highway","default_image_id":0,"font":"","enabled":false},"version":2}},"categories":[1],"tags":[],"class_list":["post-14601","post","type-post","status-publish","format-standard","has-post-thumbnail","hentry","category-ultimas-noticias"],"aioseo_notices":[],"jetpack_publicize_connections":[],"amp_enabled":true,"_links":{"self":[{"href":"https:\/\/noticiasdeangostura.com.ar\/index.php?rest_route=\/wp\/v2\/posts\/14601","targetHints":{"allow":["GET"]}}],"collection":[{"href":"https:\/\/noticiasdeangostura.com.ar\/index.php?rest_route=\/wp\/v2\/posts"}],"about":[{"href":"https:\/\/noticiasdeangostura.com.ar\/index.php?rest_route=\/wp\/v2\/types\/post"}],"author":[{"embeddable":true,"href":"https:\/\/noticiasdeangostura.com.ar\/index.php?rest_route=\/wp\/v2\/users\/1"}],"replies":[{"embeddable":true,"href":"https:\/\/noticiasdeangostura.com.ar\/index.php?rest_route=%2Fwp%2Fv2%2Fcomments&post=14601"}],"version-history":[{"count":0,"href":"https:\/\/noticiasdeangostura.com.ar\/index.php?rest_route=\/wp\/v2\/posts\/14601\/revisions"}],"wp:featuredmedia":[{"embeddable":true,"href":"https:\/\/noticiasdeangostura.com.ar\/index.php?rest_route=\/wp\/v2\/media\/14602"}],"wp:attachment":[{"href":"https:\/\/noticiasdeangostura.com.ar\/index.php?rest_route=%2Fwp%2Fv2%2Fmedia&parent=14601"}],"wp:term":[{"taxonomy":"category","embeddable":true,"href":"https:\/\/noticiasdeangostura.com.ar\/index.php?rest_route=%2Fwp%2Fv2%2Fcategories&post=14601"},{"taxonomy":"post_tag","embeddable":true,"href":"https:\/\/noticiasdeangostura.com.ar\/index.php?rest_route=%2Fwp%2Fv2%2Ftags&post=14601"}],"curies":[{"name":"wp","href":"https:\/\/api.w.org\/{rel}","templated":true}]}}