{"id":14603,"date":"2026-04-26T20:33:42","date_gmt":"2026-04-26T23:33:42","guid":{"rendered":"https:\/\/noticiasdeangostura.com.ar\/?p=14603"},"modified":"2026-04-26T20:33:42","modified_gmt":"2026-04-26T23:33:42","slug":"abril-garzon-campeona-argentina-siempre-termine-eligiendo-la-bici","status":"publish","type":"post","link":"https:\/\/noticiasdeangostura.com.ar\/?p=14603","title":{"rendered":"Abril Garz\u00f3n, campeona argentina: \u201cSiempre termin\u00e9 eligiendo la bici\u201d"},"content":{"rendered":"<p> <br \/>\n<br \/><\/p>\n<p>La ciclista de Huinganco se consagr\u00f3 campeona nacional y emocion\u00f3 a toda la provincia. Su historia de esfuerzo y perseverancia fue destacada por el gobernador Rolando Figueroa.<\/p>\n<div>\n<p>La consagraci\u00f3n de <strong>Abril Garz\u00f3n<\/strong> como campeona argentina de ciclismo en ruta es el resultado de a\u00f1os de trabajo, pero tambi\u00e9n de una decisi\u00f3n que se sostuvo en el tiempo. \u201c<em>Estoy feliz, contenta. La verdad que era algo que se imaginaba, pero que no se esperaba tanto\u201d,<\/em> expres\u00f3 la joven neuquina tras la carrera, todav\u00eda con la emoci\u00f3n a flor de piel.<\/p>\n<p>Con m\u00e1s de siete a\u00f1os en el alto rendimiento, su camino estuvo atravesado por desaf\u00edos personales y deportivos. <em>\u201cHan pasado muchas cosas, situaciones con entrenadores, con la familia, cosas que a uno lo golpean y lo hacen replantearse. Pero al final siempre termin\u00e9 eligiendo la bici; por suerte tom\u00e9 la decisi\u00f3n correcta y seguimos avanzando\u201d,<\/em> asegur\u00f3.<\/p>\n<p>Esa elecci\u00f3n se traduce en disciplina cotidiana. En los \u00faltimos meses, su preparaci\u00f3n incluy\u00f3 entrenamientos en Mendoza, la exigente Vuelta a San Juan Femenina y una etapa final en Tucum\u00e1n, antes de viajar al campeonato disputado en C\u00f3rdoba.<\/p>\n<p>La carrera, de casi 100 kil\u00f3metros, se defini\u00f3 en los \u00faltimos metros. All\u00ed, Garz\u00f3n no dud\u00f3: <em>\u201cCuando vi que la distancia era la correcta, agach\u00e9 la cabeza y que fuera lo que tuviera que ser. Si me iban a pasar, que me pasaran sobre la l\u00ednea\u201d.<\/em> Incluso en ese momento decisivo, reconoce la fuerza mental que la sostuvo: <em>\u201cLo \u00fanico que pensaba era que esas tres deportistas no me ganaban. Esper\u00e9 el momento exacto y sal\u00ed\u201d.<\/em><\/p>\n<p>El t\u00edtulo tuvo tambi\u00e9n un fuerte componente emocional. <em>\u201cSe lo dedico a mi mam\u00e1, a mi familia, que han estado todos estos a\u00f1os atr\u00e1s m\u00edo y que han sido incondicionales\u201d,<\/em> expres\u00f3. Para Garz\u00f3n, el mensaje es claro y resume su recorrido: <em>\u201cEs cuesti\u00f3n de elegir. A lo que uno elige, le destina energ\u00eda y tiempo\u201d.<\/em><\/p>\n<p>Su historia, atravesada por el esfuerzo y la perseverancia, fue destacada p\u00fablicamente durante el 62\u00b0 aniversario de Huinganco, donde el gobernador <strong>Rolando Figueroa<\/strong> la se\u00f1al\u00f3 como ejemplo: <em>\u201cNo me quiero olvidar de algo muy importante que me ha emocionado. Ustedes saben lo que le ha costado a Abril Garz\u00f3n toda su carrera deportiva, lo que ha sufrido en lo personal y los costos que ha tenido en su familia. Verla en esa arremetida, yendo cuarta para terminar consagr\u00e1ndose campeona nacional de ciclismo en ruta, emociona a cualquiera\u201d.<\/em><\/p>\n<p>Y agreg\u00f3: <em>\u201cCreo que tenemos que refugiarnos en ese ejemplo para encontrar el coraje y la fuerza. Demuestra que, independientemente de d\u00f3nde vengamos, con buenas ideas, con honestidad, con sacrificio y con una visi\u00f3n clara, podemos construir cosas importantes\u201d.<\/em><\/p>\n<p><strong>Acompa\u00f1amiento deportivo<\/strong><\/p>\n<p>La joven deportista viene siendo acompa\u00f1ada desde hace algunos a\u00f1os a trav\u00e9s del programa de Becas Deportivas destinado a atletas de mediano y alto rendimiento, una pol\u00edtica del Gobierno provincial. En el discurso de apertura del 55\u00b0 per\u00edodo de sesiones ordinarias de la Legislatura, el gobernador destac\u00f3 esta herramienta y confirm\u00f3 su continuidad, con el objetivo de seguir respaldando a los mejores deportistas de la provincia, <em>\u201creconociendo su talento, esfuerzo y disciplina\u201d.<\/em><\/p>\n<p>Adem\u00e1s, Abril Garz\u00f3n fue seleccionada en el programa \u201cAlentando al Deporte\u201d, una iniciativa impulsada por Vista Energy y Fundaci\u00f3n Laureus Argentina, que cuenta con el acompa\u00f1amiento del Gobierno provincial a trav\u00e9s de la secretar\u00eda de Deportes del ministerio de Juventud, Deportes y Cultura. Con esta herramienta, la ciclista recibe apoyo econ\u00f3mico y t\u00e9cnico que contribuye a su desarrollo y proyecci\u00f3n en el alto rendimiento.<\/p>\n<p>Este acompa\u00f1amiento sostenido encuentra hoy su reflejo en resultados concretos: el t\u00edtulo nacional obtenido por Garz\u00f3n no solo reconoce su talento y perseverancia, sino que tambi\u00e9n pone en valor el impacto de las pol\u00edticas p\u00fablicas y el trabajo articulado para fortalecer el deporte neuquino.<\/p>\n<\/p><\/div>\n<p><script type=\"0d8602ec0a8158dcd05d0daa-text\/javascript\">\n    window.addEventListener('load', () => {\n        if (typeof FB !== 'undefined' && FB.init) {\n            \/\/ La SDK de Facebook est\u00e1 inicializada\n        } else {\n            \/\/ La SDK de Facebook no est\u00e1 inicializada\n            var script = document.createElement('script');\n            script.async = true;\n            script.defer = true;\n            script.crossOrigin = 'anonymous';\n            script.src=\"https:\/\/connect.facebook.net\/es_LA\/sdk.js#xfbml=1&version=v17.0&appId=868452105110858&autoLogAppEvents=1\";\n            script.nonce=\"eBgX2sTe\";\n            document.head.appendChild(script);\n        }\n        \/* FIX YOUTUBE (fix width) *\/\n        var youtubeIframes = document.querySelectorAll('iframe[src*=\"youtube.com\/embed\"]');\n        youtubeIframes.forEach(function(iframe) {\n            var containerWidth = iframe.parentElement.clientWidth || iframe.parentElement.offsetWidth;\n            if(containerWidth && iframe.width > containerWidth){\n                iframe.width = containerWidth;\n                iframe.height = (containerWidth \/ 16) * 9; \/\/ Assuming a 16:9 aspect ratio\n            }\n        });\n    });\n<\/script><\/p>\n","protected":false},"excerpt":{"rendered":"<p>La ciclista de Huinganco se consagr\u00f3 campeona nacional y emocion\u00f3 a toda la provincia. Su historia de esfuerzo y perseverancia fue destacada por el gobernador Rolando Figueroa. La consagraci\u00f3n de Abril Garz\u00f3n como campeona argentina de ciclismo en ruta es el resultado de a\u00f1os de trabajo, pero tambi\u00e9n de una decisi\u00f3n que se sostuvo en [&hellip;]<\/p>\n","protected":false},"author":1,"featured_media":14604,"comment_status":"","ping_status":"","sticky":false,"template":"","format":"standard","meta":{"_monsterinsights_skip_tracking":false,"_monsterinsights_sitenote_active":false,"_monsterinsights_sitenote_note":"","_monsterinsights_sitenote_category":0,"footnotes":"","jetpack_publicize_message":"","jetpack_publicize_feature_enabled":true,"jetpack_social_post_already_shared":true,"jetpack_social_options":{"image_generator_settings":{"template":"highway","default_image_id":0,"font":"","enabled":false},"version":2}},"categories":[4],"tags":[1772,185,2518,1737,2517,2515,1198,2516],"class_list":["post-14603","post","type-post","status-publish","format-standard","has-post-thumbnail","hentry","category-regionales","tag-abril","tag-argentina","tag-bici","tag-campeona","tag-eligiendo","tag-garzon","tag-siempre","tag-termine"],"aioseo_notices":[],"jetpack_publicize_connections":[],"amp_enabled":true,"_links":{"self":[{"href":"https:\/\/noticiasdeangostura.com.ar\/index.php?rest_route=\/wp\/v2\/posts\/14603","targetHints":{"allow":["GET"]}}],"collection":[{"href":"https:\/\/noticiasdeangostura.com.ar\/index.php?rest_route=\/wp\/v2\/posts"}],"about":[{"href":"https:\/\/noticiasdeangostura.com.ar\/index.php?rest_route=\/wp\/v2\/types\/post"}],"author":[{"embeddable":true,"href":"https:\/\/noticiasdeangostura.com.ar\/index.php?rest_route=\/wp\/v2\/users\/1"}],"replies":[{"embeddable":true,"href":"https:\/\/noticiasdeangostura.com.ar\/index.php?rest_route=%2Fwp%2Fv2%2Fcomments&post=14603"}],"version-history":[{"count":0,"href":"https:\/\/noticiasdeangostura.com.ar\/index.php?rest_route=\/wp\/v2\/posts\/14603\/revisions"}],"wp:featuredmedia":[{"embeddable":true,"href":"https:\/\/noticiasdeangostura.com.ar\/index.php?rest_route=\/wp\/v2\/media\/14604"}],"wp:attachment":[{"href":"https:\/\/noticiasdeangostura.com.ar\/index.php?rest_route=%2Fwp%2Fv2%2Fmedia&parent=14603"}],"wp:term":[{"taxonomy":"category","embeddable":true,"href":"https:\/\/noticiasdeangostura.com.ar\/index.php?rest_route=%2Fwp%2Fv2%2Fcategories&post=14603"},{"taxonomy":"post_tag","embeddable":true,"href":"https:\/\/noticiasdeangostura.com.ar\/index.php?rest_route=%2Fwp%2Fv2%2Ftags&post=14603"}],"curies":[{"name":"wp","href":"https:\/\/api.w.org\/{rel}","templated":true}]}}