{"id":14605,"date":"2026-04-26T21:28:50","date_gmt":"2026-04-27T00:28:50","guid":{"rendered":"https:\/\/noticiasdeangostura.com.ar\/?p=14605"},"modified":"2026-04-26T21:28:50","modified_gmt":"2026-04-27T00:28:50","slug":"perdio-la-cabeza-andrada-golpeo-a-un-rival-pidio-perdon-y-afrontaria-una-dura-sancion","status":"publish","type":"post","link":"https:\/\/noticiasdeangostura.com.ar\/?p=14605","title":{"rendered":"\u00a1Perdi\u00f3 la cabeza!: Andrada golpe\u00f3 a un rival, pidi\u00f3 perd\u00f3n y afrontar\u00eda una dura sanci\u00f3n"},"content":{"rendered":"<p> <br \/>\n<\/p>\n<p>El argentino Esteban Andrada qued\u00f3 en el ojo de la tormenta por una pol\u00e9mica reacci\u00f3n en la Segunda Divisi\u00f3n del f\u00fatbol espa\u00f1ol. El arquero le dio una pi\u00f1a a Jorge Pulido en el duelo entre Zaragoza y Huesca, y ahora podr\u00eda afrontar una dura sanci\u00f3n. Tras el incidente el jugador rompi\u00f3 el silencio y pidi\u00f3 disculpas p\u00fablicas.<\/p>\n<p>El arquero de 35 a\u00f1os fue expulsado por doble amarilla en el tramo fianl del partido, tras empujar al capit\u00e1n rival, Jorge Pulido. Sin embargo, la situaci\u00f3n escal\u00f3 de inmediato. Cuando vio la tarjeta roja, Andrada corri\u00f3 hacia el defensor y le dio una brutal pi\u00f1a en el rostro.<\/p>\n<p>El hecho desat\u00f3 un tumulto, jugadores de ambos equipos se involucraron en la pelea y tuvo que intervenir la polic\u00eda y la seguridad privada. Adem\u00e1s, el episodio deriv\u00f3 en nuevas expulsiones y podr\u00eda acarrear una sanci\u00f3n severa para el exBoca.<\/p>\n<p>Pu\u00f1etazo de Esteban Andrada a Jorge Pulido tras ser expulsado en el Huesca \u2013 Real Zaragoza pic.twitter.com\/vjNQcCfb0q\u2014 Lorenzo Gelardo (@LorenzoGelardo_) April 26, 2026 <\/p>\n<p>El contexto del partido tambi\u00e9n sum\u00f3 dramatismo. Se trataba de un duelo clave entre dos equipos comprometidos con el descenso, y a pesar de una buena actuaci\u00f3n individual (que incluy\u00f3 un penal atajado), Andrada no pudo evitar la derrota de su equipo por 1-0.<\/p>\n<p>Andrada, arrepentido por la agresi\u00f3n: el pedido de disculpas<\/p>\n<p>Tras el incidente, el arquero utiliz\u00f3 sus redes para expresar su arrepentimiento. \u201cEstoy muy arrepentido de lo sucedido. No es una buena imagen para el club, para la gente y menos para un profesional como lo soy\u201d, asegur\u00f3.<\/p>\n<p>Adem\u00e1s, remarc\u00f3 que se trat\u00f3 de una reacci\u00f3n fuera de lo habitual en su carrera: \u00abEstoy muy arrepentido. A lo largo de mi carrera he tenido una sola expulsi\u00f3n. Se puede ver en mi trayectoria que fue una situaci\u00f3n l\u00edmite, me sal\u00ed de contexto y reaccion\u00e9 de esa forma\u00bb.<\/p>\n<p>Andrada tambi\u00e9n le pidi\u00f3 disculpas directamente a Pulido. \u201cQuiero pedirle disculpas porque somos colegas y sinceramente fue un acto en el que me desconect\u00e9\u201d.<\/p>\n<p>Por su parte, el Zaragoza inform\u00f3 que analizar\u00e1 lo ocurrido y no se descartan sanciones internas. En tanto, en Espa\u00f1a ya se especula con que el club podr\u00eda no volver a utilizar al arquero en lo que resta de la temporada.<\/p>\n<p>\t\t\t\t\t\t<script async src=\"https:\/\/platform.twitter.com\/widgets.js\" charset=\"utf-8\"><\/script><\/p>\n","protected":false},"excerpt":{"rendered":"<p>El argentino Esteban Andrada qued\u00f3 en el ojo de la tormenta por una pol\u00e9mica reacci\u00f3n en la Segunda Divisi\u00f3n del f\u00fatbol espa\u00f1ol. El arquero le dio una pi\u00f1a a Jorge Pulido en el duelo entre Zaragoza y Huesca, y ahora podr\u00eda afrontar una dura sanci\u00f3n. Tras el incidente el jugador rompi\u00f3 el silencio y pidi\u00f3 [&hellip;]<\/p>\n","protected":false},"author":1,"featured_media":14606,"comment_status":"","ping_status":"","sticky":false,"template":"","format":"standard","meta":{"_monsterinsights_skip_tracking":false,"_monsterinsights_sitenote_active":false,"_monsterinsights_sitenote_note":"","_monsterinsights_sitenote_category":0,"footnotes":"","jetpack_publicize_message":"","jetpack_publicize_feature_enabled":true,"jetpack_social_post_already_shared":true,"jetpack_social_options":{"image_generator_settings":{"template":"highway","default_image_id":0,"font":"","enabled":false},"version":2}},"categories":[5],"tags":[],"class_list":["post-14605","post","type-post","status-publish","format-standard","has-post-thumbnail","hentry","category-politica"],"aioseo_notices":[],"jetpack_publicize_connections":[],"amp_enabled":true,"_links":{"self":[{"href":"https:\/\/noticiasdeangostura.com.ar\/index.php?rest_route=\/wp\/v2\/posts\/14605","targetHints":{"allow":["GET"]}}],"collection":[{"href":"https:\/\/noticiasdeangostura.com.ar\/index.php?rest_route=\/wp\/v2\/posts"}],"about":[{"href":"https:\/\/noticiasdeangostura.com.ar\/index.php?rest_route=\/wp\/v2\/types\/post"}],"author":[{"embeddable":true,"href":"https:\/\/noticiasdeangostura.com.ar\/index.php?rest_route=\/wp\/v2\/users\/1"}],"replies":[{"embeddable":true,"href":"https:\/\/noticiasdeangostura.com.ar\/index.php?rest_route=%2Fwp%2Fv2%2Fcomments&post=14605"}],"version-history":[{"count":0,"href":"https:\/\/noticiasdeangostura.com.ar\/index.php?rest_route=\/wp\/v2\/posts\/14605\/revisions"}],"wp:featuredmedia":[{"embeddable":true,"href":"https:\/\/noticiasdeangostura.com.ar\/index.php?rest_route=\/wp\/v2\/media\/14606"}],"wp:attachment":[{"href":"https:\/\/noticiasdeangostura.com.ar\/index.php?rest_route=%2Fwp%2Fv2%2Fmedia&parent=14605"}],"wp:term":[{"taxonomy":"category","embeddable":true,"href":"https:\/\/noticiasdeangostura.com.ar\/index.php?rest_route=%2Fwp%2Fv2%2Fcategories&post=14605"},{"taxonomy":"post_tag","embeddable":true,"href":"https:\/\/noticiasdeangostura.com.ar\/index.php?rest_route=%2Fwp%2Fv2%2Ftags&post=14605"}],"curies":[{"name":"wp","href":"https:\/\/api.w.org\/{rel}","templated":true}]}}