{"id":14614,"date":"2026-04-26T22:34:45","date_gmt":"2026-04-27T01:34:45","guid":{"rendered":"https:\/\/noticiasdeangostura.com.ar\/?p=14614"},"modified":"2026-04-26T22:34:45","modified_gmt":"2026-04-27T01:34:45","slug":"dulce-namuncura-el-legado-ceferiniano-que-llega-al-encuentro-nacional-de-turismo-religioso","status":"publish","type":"post","link":"https:\/\/noticiasdeangostura.com.ar\/?p=14614","title":{"rendered":"Dulce Namuncur\u00e1: el legado ceferiniano que llega al Encuentro Nacional de Turismo Religioso"},"content":{"rendered":"<p> <br \/>\n<br \/><\/p>\n<p>Referente sociocultural y descendiente directa de Ceferino Namuncur\u00e1, Dulce expondr\u00e1 el 7 de mayo sobre la vigencia de su mensaje, su impacto en las nuevas generaciones y su v\u00ednculo con el turismo religioso.<\/p>\n<div>\n<p>En el coraz\u00f3n espiritual de la Patagonia, Jun\u00edn de los Andes se prepara para recibir el 19\u00b0 Encuentro Nacional de Turismo Religioso, un espacio donde la fe, la cultura y el territorio se entrelazan. All\u00ed, una de las voces m\u00e1s representativas ser\u00e1 la de <strong>Dulce Mar\u00eda Namuncur\u00e1<\/strong>, sobrina tataranieta del beato <strong>Ceferino Namuncur\u00e1<\/strong>, quien compartir\u00e1 una mirada viva y actual sobre su legado.<\/p>\n<p>Referente del turismo sociocultural y presidenta del Santuario Cultr\u00fan en la comunidad mapuche Namuncur\u00e1 -donde descansan los restos del beato-, Dulce encarna una continuidad que trasciende lo familiar: es parte activa de una construcci\u00f3n colectiva que busca mantener vigente la figura de Ceferino desde la espiritualidad, la identidad y el compromiso social.<\/p>\n<p><em>\u201cMi rol es promover el lugar y conservarlo\u201d<\/em>, explica sobre su tarea dentro de la subcomisi\u00f3n ceferiniana. Pero su trabajo va m\u00e1s all\u00e1 de la preservaci\u00f3n: implica generar v\u00ednculos entre los visitantes y la comunidad, dar a conocer la cultura mapuche y sostener, a trav\u00e9s de acciones concretas, el mensaje de quien so\u00f1aba con <em>\u201cser \u00fatil a su pueblo\u201d<\/em>.<\/p>\n<p>Ese legado se mantiene vivo a lo largo del a\u00f1o mediante fechas clave que convocan a la comunidad y a los fieles: el aniversario de su fallecimiento, cada 11 de mayo; su nacimiento, el 26 de agosto; y su beatificaci\u00f3n, recordada en noviembre. A estas instancias se suma el trabajo cotidiano, donde las redes sociales tambi\u00e9n cumplen un rol fundamental para amplificar el mensaje y fortalecer la vivencia comunitaria de la fe.<\/p>\n<p>Para Dulce, la vigencia de Ceferino Namuncur\u00e1 radica en su capacidad de representar un puente entre la espiritualidad y la cultura. <em>\u201cSu historia conecta especialmente con los j\u00f3venes, porque muestra un compromiso social desde muy chico\u201d<\/em>, se\u00f1ala. La frase que lo define <em>-\u201cquiero ir a estudiar para ser \u00fatil a mi pueblo\u201d<\/em>&#8211; sigue resonando como un llamado a la acci\u00f3n, m\u00e1s all\u00e1 de lo religioso.<\/p>\n<p>En ese sentido, el turismo religioso se convierte en una herramienta clave para transmitir esa historia. Jun\u00edn de los Andes, considerado el principal epicentro de la fe en la Patagonia, recibe cada vez m\u00e1s visitantes que buscan algo m\u00e1s que un destino: llegan en busca de paz, reflexi\u00f3n y conexi\u00f3n con la naturaleza. <em>\u201cEs una forma sencilla de vivir la fe, en di\u00e1logo con otras culturas\u201d<\/em>, destaca.<\/p>\n<p>La participaci\u00f3n en este encuentro nacional tambi\u00e9n tiene un valor simb\u00f3lico. Para Dulce, representa una oportunidad de intercambio, aprendizaje y fortalecimiento de v\u00ednculos entre distintos actores del sector. Pero, sobre todo, es una instancia para compartir la cosmovisi\u00f3n del pueblo mapuche y su relaci\u00f3n con la figura de Ceferino: una espiritualidad que nunca se deslig\u00f3 de su identidad.<\/p>\n<p>Mirando hacia adelante, el crecimiento del turismo religioso plantea desaf\u00edos para <em>\u201cacompa\u00f1ar y mejorar la experiencia de quienes llegan\u201d<\/em>, considera.<\/p>\n<p>Aun as\u00ed, el horizonte es claro: cada vez m\u00e1s personas buscan espacios donde reconectar con lo esencial. Y en ese camino, la figura de Ceferino Namuncur\u00e1 sigue siendo faro y gu\u00eda.<\/p>\n<p>El mensaje que Dulce lleva al encuentro es tan simple como profundo: no importa el origen, siempre es posible elegir el bien. Como lo hizo Ceferino, que nunca pens\u00f3 en s\u00ed mismo de manera individual, sino en su comunidad. Un legado que, lejos de quedar en el pasado, sigue encontrando nuevas formas de hacerse presente.<\/p>\n<p>Dulce Namuncur\u00e1 expondr\u00e1 sobre la obra y el legado de Ceferino Namuncur\u00e1 el 7 de mayo a las 12:30, como parte del 19\u00b0 Encuentro Argentino de Turismo Religioso.<\/p>\n<\/p><\/div>\n<p><script type=\"21fbdfa425a9c6002cec1cdd-text\/javascript\">\n    window.addEventListener('load', () => {\n        if (typeof FB !== 'undefined' && FB.init) {\n            \/\/ La SDK de Facebook est\u00e1 inicializada\n        } else {\n            \/\/ La SDK de Facebook no est\u00e1 inicializada\n            var script = document.createElement('script');\n            script.async = true;\n            script.defer = true;\n            script.crossOrigin = 'anonymous';\n            script.src=\"https:\/\/connect.facebook.net\/es_LA\/sdk.js#xfbml=1&version=v17.0&appId=868452105110858&autoLogAppEvents=1\";\n            script.nonce=\"eBgX2sTe\";\n            document.head.appendChild(script);\n        }\n        \/* FIX YOUTUBE (fix width) *\/\n        var youtubeIframes = document.querySelectorAll('iframe[src*=\"youtube.com\/embed\"]');\n        youtubeIframes.forEach(function(iframe) {\n            var containerWidth = iframe.parentElement.clientWidth || iframe.parentElement.offsetWidth;\n            if(containerWidth && iframe.width > containerWidth){\n                iframe.width = containerWidth;\n                iframe.height = (containerWidth \/ 16) * 9; \/\/ Assuming a 16:9 aspect ratio\n            }\n        });\n    });\n<\/script><\/p>\n","protected":false},"excerpt":{"rendered":"<p>Referente sociocultural y descendiente directa de Ceferino Namuncur\u00e1, Dulce expondr\u00e1 el 7 de mayo sobre la vigencia de su mensaje, su impacto en las nuevas generaciones y su v\u00ednculo con el turismo religioso. En el coraz\u00f3n espiritual de la Patagonia, Jun\u00edn de los Andes se prepara para recibir el 19\u00b0 Encuentro Nacional de Turismo Religioso, [&hellip;]<\/p>\n","protected":false},"author":1,"featured_media":14615,"comment_status":"","ping_status":"","sticky":false,"template":"","format":"standard","meta":{"_monsterinsights_skip_tracking":false,"_monsterinsights_sitenote_active":false,"_monsterinsights_sitenote_note":"","_monsterinsights_sitenote_category":0,"footnotes":"","jetpack_publicize_message":"","jetpack_publicize_feature_enabled":true,"jetpack_social_post_already_shared":true,"jetpack_social_options":{"image_generator_settings":{"template":"highway","default_image_id":0,"font":"","enabled":false},"version":2}},"categories":[4],"tags":[2521,2519,800,1221,436,53,2520,2030,509],"class_list":["post-14614","post","type-post","status-publish","format-standard","has-post-thumbnail","hentry","category-regionales","tag-ceferiniano","tag-dulce","tag-encuentro","tag-legado","tag-llega","tag-nacional","tag-namuncura","tag-religioso","tag-turismo"],"aioseo_notices":[],"jetpack_publicize_connections":[],"amp_enabled":true,"_links":{"self":[{"href":"https:\/\/noticiasdeangostura.com.ar\/index.php?rest_route=\/wp\/v2\/posts\/14614","targetHints":{"allow":["GET"]}}],"collection":[{"href":"https:\/\/noticiasdeangostura.com.ar\/index.php?rest_route=\/wp\/v2\/posts"}],"about":[{"href":"https:\/\/noticiasdeangostura.com.ar\/index.php?rest_route=\/wp\/v2\/types\/post"}],"author":[{"embeddable":true,"href":"https:\/\/noticiasdeangostura.com.ar\/index.php?rest_route=\/wp\/v2\/users\/1"}],"replies":[{"embeddable":true,"href":"https:\/\/noticiasdeangostura.com.ar\/index.php?rest_route=%2Fwp%2Fv2%2Fcomments&post=14614"}],"version-history":[{"count":0,"href":"https:\/\/noticiasdeangostura.com.ar\/index.php?rest_route=\/wp\/v2\/posts\/14614\/revisions"}],"wp:featuredmedia":[{"embeddable":true,"href":"https:\/\/noticiasdeangostura.com.ar\/index.php?rest_route=\/wp\/v2\/media\/14615"}],"wp:attachment":[{"href":"https:\/\/noticiasdeangostura.com.ar\/index.php?rest_route=%2Fwp%2Fv2%2Fmedia&parent=14614"}],"wp:term":[{"taxonomy":"category","embeddable":true,"href":"https:\/\/noticiasdeangostura.com.ar\/index.php?rest_route=%2Fwp%2Fv2%2Fcategories&post=14614"},{"taxonomy":"post_tag","embeddable":true,"href":"https:\/\/noticiasdeangostura.com.ar\/index.php?rest_route=%2Fwp%2Fv2%2Ftags&post=14614"}],"curies":[{"name":"wp","href":"https:\/\/api.w.org\/{rel}","templated":true}]}}