{"id":14616,"date":"2026-04-26T23:29:24","date_gmt":"2026-04-27T02:29:24","guid":{"rendered":"https:\/\/noticiasdeangostura.com.ar\/?p=14616"},"modified":"2026-04-26T23:29:24","modified_gmt":"2026-04-27T02:29:24","slug":"javier-milei-cerrara-abril-con-agenda-politica-y-respaldo-a-manuel-adorni-en-el-congreso","status":"publish","type":"post","link":"https:\/\/noticiasdeangostura.com.ar\/?p=14616","title":{"rendered":"Javier Milei cerrar\u00e1 abril con agenda pol\u00edtica y respaldo a Manuel Adorni en el Congreso"},"content":{"rendered":"<p> <br \/>\n<\/p>\n<p>El presidente de la Naci\u00f3n, Javier Milei, cerrar\u00e1 el mes de abril con una diversa agenda de actividades en la que se destacan reuniones con ministros en Casa Rosada, disertaciones sobre econom\u00eda en el Palacio Libertad y su asistencia en el Congreso, donde acompa\u00f1ar\u00e1 al jefe de Gabinete, Manuel Adorni, en la presentaci\u00f3n del informe de gesti\u00f3n, y mostrar\u00e1 nuevamente su apoyo ante la situaci\u00f3n cr\u00edtica que el funcionario atraviesa luego de ser se\u00f1alado por presunto enriquecimiento il\u00edcito.<\/p>\n<p>Javier Milei combinar\u00e1 gesti\u00f3n, econom\u00eda y apoyo a Manuel Adorni <\/p>\n<p>El lunes 27, se espera que el mandatario encabece una reuni\u00f3n de Gabinete en Casa de Gobierno, junto a la secretaria de Presidencia, Karina Milei, y lleve adelante un encuentro con todos los ministros para retomar la iniciativa pol\u00edtica y el ordenamiento interno.<\/p>\n<p>Para el martes 28, Milei confirm\u00f3 su participaci\u00f3n en la disertaci\u00f3n en el exCCK, a las 18hs, en un debate titulado \u2018Keynes y la Teor\u00eda General\u2019, junto al economista Juan Carlos de Pablo y al diputado nacional por La Libertad Avanza (LLA) Adri\u00e1n Ravier.<\/p>\n<p>Uno de los eventos m\u00e1s esperados se dar\u00e1 el mi\u00e9rcoles 29, en el Congreso Nacional, donde acompa\u00f1ar\u00e1 a Adorni en la presentaci\u00f3n del informe de gesti\u00f3n, ante la C\u00e1mara de Diputados, en un gesto de apoyo y respaldo ante las investigaciones judiciales que lo involucran.<\/p>\n<p>Para finalizar la semana, dado que el viernes 1\u00ba de mayo es feriado por el D\u00eda del Trabajador, el jueves 30, Milei mantendr\u00eda reuniones en la Quinta de Olivos, con el objetivo puesto en el seguimiento del paquete de reformas enviado recientemente al Congreso y la estrategia econ\u00f3mica para el mes de mayo.<\/p>\n<p>NA <\/p>\n","protected":false},"excerpt":{"rendered":"<p>El presidente de la Naci\u00f3n, Javier Milei, cerrar\u00e1 el mes de abril con una diversa agenda de actividades en la que se destacan reuniones con ministros en Casa Rosada, disertaciones sobre econom\u00eda en el Palacio Libertad y su asistencia en el Congreso, donde acompa\u00f1ar\u00e1 al jefe de Gabinete, Manuel Adorni, en la presentaci\u00f3n del informe [&hellip;]<\/p>\n","protected":false},"author":1,"featured_media":14617,"comment_status":"","ping_status":"","sticky":false,"template":"","format":"standard","meta":{"_monsterinsights_skip_tracking":false,"_monsterinsights_sitenote_active":false,"_monsterinsights_sitenote_note":"","_monsterinsights_sitenote_category":0,"footnotes":"","jetpack_publicize_message":"","jetpack_publicize_feature_enabled":true,"jetpack_social_post_already_shared":true,"jetpack_social_options":{"image_generator_settings":{"template":"highway","default_image_id":0,"font":"","enabled":false},"version":2}},"categories":[5],"tags":[],"class_list":["post-14616","post","type-post","status-publish","format-standard","has-post-thumbnail","hentry","category-politica"],"aioseo_notices":[],"jetpack_publicize_connections":[],"amp_enabled":true,"_links":{"self":[{"href":"https:\/\/noticiasdeangostura.com.ar\/index.php?rest_route=\/wp\/v2\/posts\/14616","targetHints":{"allow":["GET"]}}],"collection":[{"href":"https:\/\/noticiasdeangostura.com.ar\/index.php?rest_route=\/wp\/v2\/posts"}],"about":[{"href":"https:\/\/noticiasdeangostura.com.ar\/index.php?rest_route=\/wp\/v2\/types\/post"}],"author":[{"embeddable":true,"href":"https:\/\/noticiasdeangostura.com.ar\/index.php?rest_route=\/wp\/v2\/users\/1"}],"replies":[{"embeddable":true,"href":"https:\/\/noticiasdeangostura.com.ar\/index.php?rest_route=%2Fwp%2Fv2%2Fcomments&post=14616"}],"version-history":[{"count":0,"href":"https:\/\/noticiasdeangostura.com.ar\/index.php?rest_route=\/wp\/v2\/posts\/14616\/revisions"}],"wp:featuredmedia":[{"embeddable":true,"href":"https:\/\/noticiasdeangostura.com.ar\/index.php?rest_route=\/wp\/v2\/media\/14617"}],"wp:attachment":[{"href":"https:\/\/noticiasdeangostura.com.ar\/index.php?rest_route=%2Fwp%2Fv2%2Fmedia&parent=14616"}],"wp:term":[{"taxonomy":"category","embeddable":true,"href":"https:\/\/noticiasdeangostura.com.ar\/index.php?rest_route=%2Fwp%2Fv2%2Fcategories&post=14616"},{"taxonomy":"post_tag","embeddable":true,"href":"https:\/\/noticiasdeangostura.com.ar\/index.php?rest_route=%2Fwp%2Fv2%2Ftags&post=14616"}],"curies":[{"name":"wp","href":"https:\/\/api.w.org\/{rel}","templated":true}]}}