{"id":14620,"date":"2026-04-26T23:35:52","date_gmt":"2026-04-27T02:35:52","guid":{"rendered":"https:\/\/noticiasdeangostura.com.ar\/?p=14620"},"modified":"2026-04-26T23:35:52","modified_gmt":"2026-04-27T02:35:52","slug":"la-mordida-de-luis-suarez-a-chiellini-cronica-de-una-sancion-historica-en-brasil-2014","status":"publish","type":"post","link":"https:\/\/noticiasdeangostura.com.ar\/?p=14620","title":{"rendered":"La mordida de Luis Su\u00e1rez a Chiellini: cr\u00f3nica de una sanci\u00f3n hist\u00f3rica en Brasil 2014"},"content":{"rendered":"<p> <br \/>\n<br \/><\/p>\n<p>\t\t\t\t\t\tEl 24 de junio de 2014, en el estadio das Dunas de Natal, Uruguay e Italia defin\u00edan su clasificaci\u00f3n a octavos de final en la Copa Mundial de Brasil. El encuentro, tenso y cerrado, se encaminaba hacia un empate que favorec\u00eda a los sudamericanos por su diferencia de gol acumulada.    A los 79 minutos de juego, mientras ambos equipos disputaban un bal\u00f3n en el \u00e1rea italiana, Luis Su\u00e1rez y Giorgio Chiellini protagonizaron un choque f\u00edsico. En la disputa, el delantero uruguayo impact\u00f3 con sus dientes sobre el hombro izquierdo del defensor italiano en la cancha.    Independiente Rivadavia no tiene techo: goleada 5-1 en el cl\u00e1sico tras comenzar perdiendo y se asegur\u00f3 la cima de la Tabla Anual<\/p>\n<p>        Esto no les gusta a los autoritarios<\/p>\n<p>                El ejercicio del periodismo profesional y cr\u00edtico es un pilar fundamental de la democracia. Por eso molesta a quienes creen ser los due\u00f1os de la verdad.<\/p>\n<p>    Tras el contacto, Chiellini se desplom\u00f3 en el c\u00e9sped reclamando la infracci\u00f3n, mientras Su\u00e1rez se tomaba la boca simulando un golpe recibido en la mand\u00edbula. El \u00e1rbitro mexicano Marco Antonio Rodr\u00edguez no advirti\u00f3 la acci\u00f3n en tiempo real y permiti\u00f3 la continuidad del juego.    La pol\u00e9mica estall\u00f3 de inmediato cuando las c\u00e1maras de televisi\u00f3n repitieron la jugada desde diversos \u00e1ngulos. Las im\u00e1genes mostraban claramente la marca de los dientes de Su\u00e1rez sobre la piel del defensor, lo que provoc\u00f3 una indignaci\u00f3n instant\u00e1nea en todo el mundo deportivo.    En su libro C&#8217;\u00e8 tutto un mondo dentro, Chiellini relat\u00f3: \u00abSu\u00e1rez me mordi\u00f3, fue un movimiento muy astuto. \u00c9l es un p\u00edcaro, y yo soy como \u00e9l. Me gusta enfrentarme a delanteros as\u00ed. Lo llam\u00e9 despu\u00e9s para decirle que estaba todo bien, no le guardo ning\u00fan rencor personal\u00bb.        Las im\u00e1genes mostraban claramente la marca de los dientes de Su\u00e1rez sobre la piel del defensor        La FIFA abri\u00f3 un expediente disciplinario de oficio apenas finaliz\u00f3 el encuentro. La Comisi\u00f3n de Disciplina analiz\u00f3 el caso bas\u00e1ndose en las pruebas de video y las declaraciones de las partes involucradas, bajo el amparo de los art\u00edculos 48 y 77 del C\u00f3digo Disciplinario.    El impacto global de la sanci\u00f3n de la FIFA    La sanci\u00f3n oficial fue comunicada dos d\u00edas despu\u00e9s: nueve partidos oficiales con su selecci\u00f3n y cuatro meses de prohibici\u00f3n absoluta de participar en cualquier actividad vinculada al f\u00fatbol. Adem\u00e1s, se le impuso una multa econ\u00f3mica de 100.000 francos suizos al jugador.    El castigo priv\u00f3 a Uruguay de su figura m\u00e1xima para el resto del torneo. El equipo charr\u00faa, afectado emocionalmente, fue eliminado en octavos de final por Colombia d\u00edas despu\u00e9s. La ausencia de Su\u00e1rez result\u00f3 determinante en el esquema t\u00e1ctico dirigido por \u00d3scar Tab\u00e1rez.    Descontrol total: Esteban Andrada agredi\u00f3 a un rival tras recibir una tarjeta roja y sentenci\u00f3 su salida de Espa\u00f1a    El impacto fue mayor al tratarse de un reincidente. Su\u00e1rez ya hab\u00eda cumplido suspensiones previas por situaciones id\u00e9nticas en el Ajax de \u00c1msterdam, ante Otman Bakkal en 2010, y en el Liverpool, contra Branislav Ivanovic en 2013, seg\u00fan registros de la federaci\u00f3n inglesa.    El impacto medi\u00e1tico fue masivo. Medios internacionales como The Guardian calificaron el hecho como uno de los momentos \u00abm\u00e1s oscuros\u00bb en la historia de los mundiales. La FIFA justific\u00f3 la severidad bas\u00e1ndose en la gravedad de la agresi\u00f3n y la reincidencia del futbolista uruguayo.    El club Barcelona, que hab\u00eda cerrado su contrataci\u00f3n d\u00edas antes del incidente, mantuvo su postura de fichar al uruguayo a pesar de la inhabilitaci\u00f3n. La directiva catalana consider\u00f3 que el talento deportivo superaba el riesgo reputacional derivado del comportamiento del jugador.        La FIFA justific\u00f3 la severidad bas\u00e1ndose en la gravedad de la agresi\u00f3n y la reincidencia del futbolista uruguayo        Durante los cuatro meses de castigo, Su\u00e1rez tuvo prohibido entrenarse con el primer equipo, asistir a estadios o participar en cualquier evento oficial. El delantero debi\u00f3 realizar una preparaci\u00f3n f\u00edsica personalizada de manera solitaria para mantener su ritmo de competencia.    La defensa del jugador, encabezada por la Asociaci\u00f3n Uruguaya de F\u00fatbol, apel\u00f3 la medida ante el Tribunal de Arbitraje Deportivo (TAS). Los abogados argumentaron que la sanci\u00f3n era desproporcionada, pero el organismo confirm\u00f3 el fallo original ratificando la severidad.        Emotivo encuentro en el Road Show: Paredes y Merentiel mimaron a la abuela de Colapinto    Tras cumplir la suspensi\u00f3n, Su\u00e1rez debut\u00f3 oficialmente con el Barcelona en un cl\u00e1sico ante el Real Madrid el 25 de octubre de 2014. El hecho marc\u00f3 un antes y un despu\u00e9s en la aplicaci\u00f3n de sanciones de oficio por parte de los organismos internacionales de f\u00fatbol.    Este incidente se consolid\u00f3 como uno de los episodios m\u00e1s recordados en la historia moderna del f\u00fatbol profesional. La combinaci\u00f3n de la instancia mundialista, la reincidencia y la dureza de la sanci\u00f3n de la FIFA definieron un precedente jur\u00eddico clave en el deporte.  <\/p>\n","protected":false},"excerpt":{"rendered":"<p>El 24 de junio de 2014, en el estadio das Dunas de Natal, Uruguay e Italia defin\u00edan su clasificaci\u00f3n a octavos de final en la Copa Mundial de Brasil. El encuentro, tenso y cerrado, se encaminaba hacia un empate que favorec\u00eda a los sudamericanos por su diferencia de gol acumulada. A los 79 minutos de [&hellip;]<\/p>\n","protected":false},"author":1,"featured_media":14621,"comment_status":"","ping_status":"","sticky":false,"template":"","format":"standard","meta":{"_monsterinsights_skip_tracking":false,"_monsterinsights_sitenote_active":false,"_monsterinsights_sitenote_note":"","_monsterinsights_sitenote_category":0,"footnotes":"","jetpack_publicize_message":"","jetpack_publicize_feature_enabled":true,"jetpack_social_post_already_shared":true,"jetpack_social_options":{"image_generator_settings":{"template":"highway","default_image_id":0,"font":"","enabled":false},"version":2}},"categories":[11],"tags":[],"class_list":["post-14620","post","type-post","status-publish","format-standard","has-post-thumbnail","hentry","category-actualidad"],"aioseo_notices":[],"jetpack_publicize_connections":[],"amp_enabled":true,"_links":{"self":[{"href":"https:\/\/noticiasdeangostura.com.ar\/index.php?rest_route=\/wp\/v2\/posts\/14620","targetHints":{"allow":["GET"]}}],"collection":[{"href":"https:\/\/noticiasdeangostura.com.ar\/index.php?rest_route=\/wp\/v2\/posts"}],"about":[{"href":"https:\/\/noticiasdeangostura.com.ar\/index.php?rest_route=\/wp\/v2\/types\/post"}],"author":[{"embeddable":true,"href":"https:\/\/noticiasdeangostura.com.ar\/index.php?rest_route=\/wp\/v2\/users\/1"}],"replies":[{"embeddable":true,"href":"https:\/\/noticiasdeangostura.com.ar\/index.php?rest_route=%2Fwp%2Fv2%2Fcomments&post=14620"}],"version-history":[{"count":0,"href":"https:\/\/noticiasdeangostura.com.ar\/index.php?rest_route=\/wp\/v2\/posts\/14620\/revisions"}],"wp:featuredmedia":[{"embeddable":true,"href":"https:\/\/noticiasdeangostura.com.ar\/index.php?rest_route=\/wp\/v2\/media\/14621"}],"wp:attachment":[{"href":"https:\/\/noticiasdeangostura.com.ar\/index.php?rest_route=%2Fwp%2Fv2%2Fmedia&parent=14620"}],"wp:term":[{"taxonomy":"category","embeddable":true,"href":"https:\/\/noticiasdeangostura.com.ar\/index.php?rest_route=%2Fwp%2Fv2%2Fcategories&post=14620"},{"taxonomy":"post_tag","embeddable":true,"href":"https:\/\/noticiasdeangostura.com.ar\/index.php?rest_route=%2Fwp%2Fv2%2Ftags&post=14620"}],"curies":[{"name":"wp","href":"https:\/\/api.w.org\/{rel}","templated":true}]}}