{"id":14628,"date":"2026-04-27T01:35:43","date_gmt":"2026-04-27T04:35:43","guid":{"rendered":"https:\/\/noticiasdeangostura.com.ar\/?p=14628"},"modified":"2026-04-27T01:35:43","modified_gmt":"2026-04-27T04:35:43","slug":"atentado-en-colombia-el-ataque-con-explosivos-dejo-20-fallecidos-y-decenas-de-heridos","status":"publish","type":"post","link":"https:\/\/noticiasdeangostura.com.ar\/?p=14628","title":{"rendered":"Atentado en Colombia: el ataque con explosivos dej\u00f3 20 fallecidos y decenas de heridos"},"content":{"rendered":"<p> <br \/>\n<br \/><\/p>\n<p>Las autoridades iniciaron la identificaci\u00f3n de v\u00edctimas tras el ataque en Cauca.<\/p>\n<p>El hecho ocurre en medio de una escalada de violencia en la regi\u00f3n.<\/p>\n<div>\n<p><a href=\"https:\/\/www.alertadigital.ar\/noticias\/2026\/04\/26\/162876-incidente-en-washington-evacuaron-a-trump-y-detuvieron-a-un-sospechoso\" target=\"_blank\" rel=\"noopener\">Un atentado <\/a>con explosivos en el<strong> <a href=\"https:\/\/www.alertadigital.ar\/noticias\/2026\/03\/23\/161076-colombia-un-avion-militar-se-estrello-con-125-personas\" target=\"_blank\" rel=\"noopener\">departamento del <span class=\"hover:entity-accent entity-underline inline cursor-pointer align-baseline\"><span class=\"whitespace-normal\">Cauca de Colombia,<\/span><\/span><\/a><\/strong> dej\u00f3 al menos<strong> 20 personas muertas<\/strong> y<strong> 36 heridas<\/strong>, en uno de los hechos m\u00e1s graves registrados recientemente en la regi\u00f3n. La explosi\u00f3n ocurri\u00f3 cuando un artefacto deton\u00f3 al paso de un veh\u00edculo de transporte p\u00fablico sobre la ruta <strong>Panamericana<\/strong>, generando una escena de gran destrucci\u00f3n. Las autoridades confirmaron que entre las v\u00edctimas fatales hay <strong>15 mujeres y 5 hombres<\/strong>, todos mayores de edad.<\/p>\n<p>El ataque fue atribuido a disidencias de las extintas <strong><span class=\"hover:entity-accent entity-underline inline cursor-pointer align-baseline\"><span class=\"whitespace-normal\">FARC<\/span><\/span><\/strong>, que mantienen presencia en la zona y han intensificado sus acciones en los \u00faltimos d\u00edas. <strong>El gobernador Octavio Guzm\u00e1n<\/strong> declar\u00f3 tres d\u00edas de duelo y calific\u00f3 el hecho como una tragedia que golpea profundamente a la poblaci\u00f3n civil. Adem\u00e1s, se report\u00f3 que varios heridos permanecen en estado cr\u00edtico, mientras otros evolucionan favorablemente.<\/p>\n<blockquote class=\"tiktok-embed\" style=\"max-width: 605px; min-width: 325px;\" cite=\"https:\/\/www.tiktok.com\/@cnnee\/video\/7632866442697821460\" data-video-id=\"7632866442697821460\">\n<section><a title=\"@cnnee\" href=\"https:\/\/www.tiktok.com\/@cnnee?refer=embed\" target=\"_blank\" rel=\"noopener\">@cnnee<\/a> Un ataque con artefacto explosivo contra veh\u00edculos en la v\u00eda Panamericana, en Cajib\u00edo, <a title=\"colombia,\" href=\"https:\/\/www.tiktok.com\/tag\/colombia%2C?refer=embed\" target=\"_blank\" rel=\"noopener\">#Colombia,<\/a> dej\u00f3 al menos 14 muertos y 38 heridos graves. Autoridades atribuyen la acci\u00f3n a disidencias de las FARC lideradas por alias \u201cIv\u00e1n Mordisco\u201d, en medio de una ola de atentados que ya suma 26 acciones violentas en el suroeste de Colombia. <a title=\"cnnenespa\u00f1ol\" href=\"https:\/\/www.tiktok.com\/tag\/cnnenespa%C3%B1ol?refer=embed\" target=\"_blank\" rel=\"noopener\">#cnnenespa\u00f1ol<\/a> <a title=\"\u00e2\u0099\u00ac sonido original - CNN en Espa\u00f1ol\" href=\"https:\/\/www.tiktok.com\/music\/sonido-original-7632866528665275156?refer=embed\" target=\"_blank\" rel=\"noopener\">\u00e2\u0099\u00ac sonido original &#8211; CNN en Espa\u00f1ol<\/a><\/section>\n<\/blockquote>\n<h2>Identificaci\u00f3n de v\u00edctimas y escalada de violencia<\/h2>\n<p>El <strong>Instituto Nacional de Medicina Legal<\/strong> inici\u00f3 un amplio operativo para identificar a las v\u00edctimas, con la participaci\u00f3n de equipos especializados en medicina forense, odontolog\u00eda y antropolog\u00eda. Este proceso es clave para poder entregar los cuerpos a sus familias en medio del dolor generado por el atentado. En paralelo, contin\u00faan las investigaciones para esclarecer la mec\u00e1nica del ataque y dar con los responsables.<\/p>\n<p>La explosi\u00f3n provoc\u00f3 un cr\u00e1ter de gran tama\u00f1o en la calzada y afect\u00f3 a m\u00faltiples veh\u00edculos que circulaban por la zona. Adem\u00e1s, oblig\u00f3 a interrumpir el tr\u00e1nsito en un corredor estrat\u00e9gico que conecta importantes ciudades del suroeste colombiano. Las tareas de reparaci\u00f3n ya comenzaron, aunque demandar\u00e1n tiempo debido a los da\u00f1os ocasionados.<\/p>\n<p>El hecho se enmarca en un contexto de creciente violencia en el suroccidente de Colombia, donde se registraron<strong> al menos 26 atentados en pocos d\u00edas<\/strong>. El <strong>presidente <span class=\"hover:entity-accent entity-underline inline cursor-pointer align-baseline\"><span class=\"whitespace-normal\">Gustavo Petro<\/span><\/span><\/strong> conden\u00f3 el ataque y anunci\u00f3 medidas para perseguir a los responsables, incluyendo recompensas millonarias por informaci\u00f3n clave. Organismos internacionales tambi\u00e9n expresaron su preocupaci\u00f3n y exigieron justicia por las v\u00edctimas.<\/p>\n<blockquote class=\"twitter-tweet\">\n<p lang=\"es\">\u00bfQu\u00e9 es terrorismo? Es producir miedo masivo en la poblaci\u00f3n a trav\u00e9s de la violencia.<\/p>\n<p>El miedo es el instrumento del fascismo para acceder al poder y del narco para controlar la poblaci\u00f3n.<\/p>\n<p>Los que atentaron y mataron a siete civiles e hirieron a 17 civiles m\u00e1s en Cajib\u00edo,\u2026<\/p>\n<p>\u2014 Gustavo Petro (@petrogustavo) <a href=\"https:\/\/twitter.com\/petrogustavo\/status\/2048131227333374011?ref_src=twsrc%5Etfw\">April 25, 2026<\/a><\/p><\/blockquote><\/div>\n<p><script async src=\"https:\/\/platform.twitter.com\/widgets.js\" charset=\"utf-8\"><\/script><script async src=\"\/\/www.tiktok.com\/embed.js\"><\/script><\/p>\n","protected":false},"excerpt":{"rendered":"<p>Las autoridades iniciaron la identificaci\u00f3n de v\u00edctimas tras el ataque en Cauca. El hecho ocurre en medio de una escalada de violencia en la regi\u00f3n. Un atentado con explosivos en el departamento del Cauca de Colombia, dej\u00f3 al menos 20 personas muertas y 36 heridas, en uno de los hechos m\u00e1s graves registrados recientemente en [&hellip;]<\/p>\n","protected":false},"author":1,"featured_media":14629,"comment_status":"","ping_status":"","sticky":false,"template":"","format":"standard","meta":{"_monsterinsights_skip_tracking":false,"_monsterinsights_sitenote_active":false,"_monsterinsights_sitenote_note":"","_monsterinsights_sitenote_category":0,"footnotes":"","jetpack_publicize_message":"","jetpack_publicize_feature_enabled":true,"jetpack_social_post_already_shared":true,"jetpack_social_options":{"image_generator_settings":{"template":"highway","default_image_id":0,"font":"","enabled":false},"version":2}},"categories":[1],"tags":[],"class_list":["post-14628","post","type-post","status-publish","format-standard","has-post-thumbnail","hentry","category-ultimas-noticias"],"aioseo_notices":[],"jetpack_publicize_connections":[],"amp_enabled":true,"_links":{"self":[{"href":"https:\/\/noticiasdeangostura.com.ar\/index.php?rest_route=\/wp\/v2\/posts\/14628","targetHints":{"allow":["GET"]}}],"collection":[{"href":"https:\/\/noticiasdeangostura.com.ar\/index.php?rest_route=\/wp\/v2\/posts"}],"about":[{"href":"https:\/\/noticiasdeangostura.com.ar\/index.php?rest_route=\/wp\/v2\/types\/post"}],"author":[{"embeddable":true,"href":"https:\/\/noticiasdeangostura.com.ar\/index.php?rest_route=\/wp\/v2\/users\/1"}],"replies":[{"embeddable":true,"href":"https:\/\/noticiasdeangostura.com.ar\/index.php?rest_route=%2Fwp%2Fv2%2Fcomments&post=14628"}],"version-history":[{"count":0,"href":"https:\/\/noticiasdeangostura.com.ar\/index.php?rest_route=\/wp\/v2\/posts\/14628\/revisions"}],"wp:featuredmedia":[{"embeddable":true,"href":"https:\/\/noticiasdeangostura.com.ar\/index.php?rest_route=\/wp\/v2\/media\/14629"}],"wp:attachment":[{"href":"https:\/\/noticiasdeangostura.com.ar\/index.php?rest_route=%2Fwp%2Fv2%2Fmedia&parent=14628"}],"wp:term":[{"taxonomy":"category","embeddable":true,"href":"https:\/\/noticiasdeangostura.com.ar\/index.php?rest_route=%2Fwp%2Fv2%2Fcategories&post=14628"},{"taxonomy":"post_tag","embeddable":true,"href":"https:\/\/noticiasdeangostura.com.ar\/index.php?rest_route=%2Fwp%2Fv2%2Ftags&post=14628"}],"curies":[{"name":"wp","href":"https:\/\/api.w.org\/{rel}","templated":true}]}}